{"id":8355,"date":"2024-10-29T14:21:40","date_gmt":"2024-10-29T14:21:40","guid":{"rendered":"https:\/\/www.automakers.cz\/?p=8355"},"modified":"2024-10-29T14:21:40","modified_gmt":"2024-10-29T14:21:40","slug":"skoda-podporila-socialni-sluzby-na-rychnovsku-a-vrchlabsku","status":"publish","type":"post","link":"https:\/\/www.automakers.cz\/?p=8355","title":{"rendered":"\u0160koda podpo\u0159ila soci\u00e1ln\u00ed slu\u017eby na Rychnovsku a Vrchlabsku"},"content":{"rendered":"<p><strong>\u0160koda Auto p\u0159edala poskytovatel\u016fm soci\u00e1ln\u00ed p\u00e9\u010de v okol\u00ed z\u00e1vod\u016f Vrchlab\u00ed a Kvasiny celkem 14 nov\u00fdch voz\u016f. Automobily pomohou zlep\u0161it dostupnost soci\u00e1ln\u00edch slu\u017eeb i v h\u016f\u0159e p\u0159\u00edstupn\u00fdch oblastech region\u016f a zajist\u00ed p\u0159epravu ter\u00e9nn\u00edch pracovn\u00edk\u016f za klienty, ale i dopravu osob na l\u00e9ka\u0159sk\u00e9 prohl\u00eddky. <\/strong><!--more--><\/p>\n<p>Obdarovan\u00e9 organizace se v\u011bnuj\u00ed p\u00e9\u010di o zdravotn\u011b a ment\u00e1ln\u011b znev\u00fdhodn\u011bn\u00e9 spoluob\u010dany, seniory \u010di t\u011b\u017ece nemocn\u00e9 lidi. Automobilka p\u0159edala 9 voz\u016f \u0160koda Octavia organizac\u00edm p\u016fsob\u00edc\u00edm na Rychnovsku a 5 voz\u016f \u0160koda Octavia Combi instituc\u00edm z Vrchlabska. Automobilka t\u00edmto zp\u016fsobem podporuje poskytovatele soci\u00e1ln\u00edch slu\u017eeb ji\u017e sedm\u00fdm rokem.<\/p>\n<p><strong>Na Rychnovsku bude slou\u017eit 9 nov\u00fdch model\u016f \u0160koda Octavia <\/strong><\/p>\n<p>Mezi podpo\u0159en\u00e9 instituce na Rychnovsku pat\u0159\u00ed Pe\u010dovatelsk\u00e1 slu\u017eba m\u011bsta Dobru\u0161ky, Pe\u010dovatelsk\u00e1 slu\u017eba m\u011bsta Kostelec nad Orlic\u00ed, Pe\u010dovatelsk\u00e1 slu\u017eba Vamberk, Pe\u010dovatelsk\u00e1 slu\u017eba Rokytnice v Orlick\u00fdch hor\u00e1ch, \u00dastav soci\u00e1ln\u00ed p\u00e9\u010de pro ml\u00e1de\u017e Kvasiny, Pe\u010dovatelsk\u00e1 slu\u017eba obce Kvasiny, Domov D\u011bdina v Opo\u010dn\u011b, P\u00e9\u010de o du\u0161evn\u00ed zdrav\u00ed Rychnov nad Kn\u011b\u017enou a \u00daSP Dome\u010dky Rychnov nad Kn\u011b\u017enou.<\/p>\n<p>Vedle pomoci instituc\u00edm soci\u00e1ln\u00ed p\u00e9\u010de se automobilka v regionu zam\u011b\u0159uje i na podporu zdravotnick\u00fdch za\u0159\u00edzen\u00ed.<\/p>\n<p><strong>Ve Vrchlab\u00ed a okol\u00ed pom\u016f\u017ee 5 nov\u00fdch voz\u016f \u0160koda Octavia Combi<\/strong><\/p>\n<p>Ve Vrchlab\u00ed p\u0159edala k u\u017e\u00edv\u00e1n\u00ed automobilka 5 voz\u016f z\u00e1stupc\u016fm m\u00edstn\u00edho domova pro seniory, Dom\u00e1c\u00edho hospice Duha, Pe\u010dovatelsk\u00e9 slu\u017eby m\u011bsta Vrchlab\u00ed, D\u011btsk\u00e9ho centra Jilemnice a Charity Jilemnice. Organizac\u00edm budou slou\u017eit modely \u0160koda Octavia Combi, kter\u00e9 nab\u00edzej\u00ed dostatek prostoru a pohodl\u00ed i pro klienty s pohybov\u00fdm omezen\u00edm \u010di zdravotn\u00edmi pom\u016fckami. Automobilka na Vrchlabsku tak\u00e9 zlep\u0161uje mobilitu organizac\u00ed prost\u0159ednictv\u00edm elektrokol nebo se v\u011bnuje aktivizaci senior\u016f pomoc\u00ed modern\u00edch technologi\u00ed.<\/p>\n<p><strong>Vyu\u017eit\u00ed voz\u016f \u0160koda: doprava pracovn\u00edk\u016f ke klient\u016fm i senior\u016f k l\u00e9ka\u0159i<\/strong><\/p>\n<p>Osobn\u00ed automobil je pro v\u0161echny organizace nezbytnou sou\u010d\u00e1st\u00ed poskytov\u00e1n\u00ed ter\u00e9nn\u00ed p\u00e9\u010de. \u0158ada klient\u016f je zcela imobiln\u00edch a jejich zdravotn\u00ed stav vy\u017eaduje pravideln\u00e9 n\u00e1v\u0161t\u011bvy soci\u00e1ln\u00edch pracovn\u00edk\u016f. Vozy \u0160koda slou\u017e\u00ed k doprav\u011b k l\u00e9ka\u0159i, zaji\u0161t\u011bn\u00ed n\u00e1kup\u016f a v n\u011bkter\u00fdch p\u0159\u00edpadech i k p\u0159eprav\u011b senior\u016f, kte\u0159\u00ed by jinak nem\u011bli mo\u017enost individu\u00e1ln\u00ed dopravy. Dal\u0161\u00ed vyu\u017eit\u00ed je pro dopravu person\u00e1lu nap\u0159\u00edklad na \u0161kolen\u00ed.<\/p>\n<p>\u0160koda Octavia je dlouhodob\u011b nejprod\u00e1van\u011bj\u0161\u00ed model zna\u010dky a od leto\u0161n\u00edho roku se vyr\u00e1b\u00ed i v kvasinsk\u00e9m z\u00e1vod\u011b.<\/p>\n<p><strong>\u0160irok\u00fd z\u00e1b\u011br spole\u010densk\u00e9 odpov\u011bdnosti automobilky \u0160koda Auto<\/strong><\/p>\n<p>Automobilka se v r\u00e1mci spole\u010densk\u00e9 odpov\u011bdnosti v\u00fdznamn\u011b zam\u011b\u0159uje rovn\u011b\u017e na podporu vzd\u011bl\u00e1v\u00e1n\u00ed, kultury a dopravn\u00ed bezpe\u010dnosti, ochranu \u017eivotn\u00edho prost\u0159ed\u00ed a p\u0159isp\u00edv\u00e1 na rozvoj komunitn\u00edch \u010dinnost\u00ed. V leto\u0161n\u00edm roce nap\u0159\u00edklad uspo\u0159\u00e1dala v tradi\u010dn\u00ed akci Ukli\u010fme \u010cesko a do v\u0161ech t\u0159ech region\u016f zav\u00edtala obl\u00edben\u00e1 mobiln\u00ed laborato\u0159 \u0160koda EDU.Lab, kterou nav\u0161t\u00edvili \u017e\u00e1ci m\u00edstn\u00edch z\u00e1kladn\u00edch a st\u0159edn\u00edch \u0161kol.<\/p>\n<p><img loading=\"lazy\" decoding=\"async\" class=\"alignnone wp-image-8357\" src=\"http:\/\/www.automakers.cz\/wp-content\/uploads\/2024\/10\/Skoda-Auto-podporuje-mobilitu-socialnich-sluzeb-na-Rychnovsku-a-Vrchlabsku-14-novymi-vozy-small-2-900x506.jpg\" alt=\"\" width=\"925\" height=\"520\" \/><\/p>\n","protected":false},"excerpt":{"rendered":"<p>\u0160koda Auto p\u0159edala poskytovatel\u016fm soci\u00e1ln\u00ed p\u00e9\u010de v okol\u00ed z\u00e1vod\u016f Vrchlab\u00ed a Kvasiny celkem 14 nov\u00fdch&#8230;<\/p>\n","protected":false},"author":2,"featured_media":8356,"comment_status":"closed","ping_status":"closed","sticky":false,"template":"","format":"standard","meta":{"footnotes":""},"categories":[16,29],"tags":[],"class_list":["post-8355","post","type-post","status-publish","format-standard","has-post-thumbnail","hentry","category-csr","category-sponzoring"],"_links":{"self":[{"href":"https:\/\/www.automakers.cz\/index.php?rest_route=\/wp\/v2\/posts\/8355","targetHints":{"allow":["GET"]}}],"collection":[{"href":"https:\/\/www.automakers.cz\/index.php?rest_route=\/wp\/v2\/posts"}],"about":[{"href":"https:\/\/www.automakers.cz\/index.php?rest_route=\/wp\/v2\/types\/post"}],"author":[{"embeddable":true,"href":"https:\/\/www.automakers.cz\/index.php?rest_route=\/wp\/v2\/users\/2"}],"replies":[{"embeddable":true,"href":"https:\/\/www.automakers.cz\/index.php?rest_route=%2Fwp%2Fv2%2Fcomments&post=8355"}],"version-history":[{"count":3,"href":"https:\/\/www.automakers.cz\/index.php?rest_route=\/wp\/v2\/posts\/8355\/revisions"}],"predecessor-version":[{"id":8394,"href":"https:\/\/www.automakers.cz\/index.php?rest_route=\/wp\/v2\/posts\/8355\/revisions\/8394"}],"wp:featuredmedia":[{"embeddable":true,"href":"https:\/\/www.automakers.cz\/index.php?rest_route=\/wp\/v2\/media\/8356"}],"wp:attachment":[{"href":"https:\/\/www.automakers.cz\/index.php?rest_route=%2Fwp%2Fv2%2Fmedia&parent=8355"}],"wp:term":[{"taxonomy":"category","embeddable":true,"href":"https:\/\/www.automakers.cz\/index.php?rest_route=%2Fwp%2Fv2%2Fcategories&post=8355"},{"taxonomy":"post_tag","embeddable":true,"href":"https:\/\/www.automakers.cz\/index.php?rest_route=%2Fwp%2Fv2%2Ftags&post=8355"}],"curies":[{"name":"wp","href":"https:\/\/api.w.org\/{rel}","templated":true}]}}