{"id":8390,"date":"2024-10-29T14:25:25","date_gmt":"2024-10-29T14:25:25","guid":{"rendered":"https:\/\/www.automakers.cz\/?p=8390"},"modified":"2024-10-29T14:47:10","modified_gmt":"2024-10-29T14:47:10","slug":"krize-vw-se-resi-na-summitu-u-kanclere","status":"publish","type":"post","link":"https:\/\/www.automakers.cz\/?p=8390","title":{"rendered":"Krize VW se \u0159e\u0161\u00ed na summitu u kancl\u00e9\u0159e"},"content":{"rendered":"<p><strong>Katastrof\u00e1ln\u00ed zpr\u00e1vy z <span class=\"highlight-query highlight-E1id0 highlight-E4id0 highlight-E1M highlight-E4M\">Volkswagenu<\/span> ot\u0159\u00e1saj\u00ed n\u011bmeckou politikou. V berl\u00ednsk\u00e9m kancl\u00e9\u0159stv\u00ed se v \u00fater\u00fd konal summit, jeho\u017e c\u00edlem je naj\u00edt \u0159e\u0161en\u00ed pro t\u011b\u017ece zkou\u0161en\u00fd pr\u016fmysl a zejm\u00e9na automobilov\u00fd sektor, kter\u00fd se pot\u00fdk\u00e1 s rostouc\u00edmi energetick\u00fdmi n\u00e1klady a p\u0159\u00edsn\u00fdmi emisn\u00edmi regulacemi.<\/strong><!--more--><\/p>\n<p>Jak uvedla spolup\u0159edsedkyn\u011b vl\u00e1dn\u00ed strany <span class=\"highlight-E1id1 highlight-E1M\">SPD<\/span> a <span class=\"highlight-E5id3 highlight-E5M\">\u010dlenka<\/span> <span class=\"highlight-E1id3 highlight-E1M\">Bundestagu<\/span> <span class=\"highlight-E2id5 highlight-E2M\">Saskia<\/span> <span class=\"highlight-E2id5 highlight-E2M\">Eskenov\u00e1<\/span>, je c\u00edlem setk\u00e1n\u00ed zjistit \u201ejak dostat lo\u010f znovu do vody?\u201c, p\u00ed\u0161e n\u011bmeck\u00fd den\u00edk <span class=\"highlight-E3id0 highlight-E3M\">Bild<\/span>.<\/p>\n<p>Na kancl\u00e9\u0159sk\u00e9m summitu se o\u010dek\u00e1v\u00e1 \u00fa\u010dast <span class=\"highlight-E5id0 highlight-E5M\">\u0161\u00e9fa<\/span> <span class=\"highlight-E4id0 highlight-E1id0 highlight-E4M highlight-E1M\">VW<\/span> Olivera Blumeho, co\u017e nazna\u010duje, \u017ee jedn\u00e1n\u00ed m\u016f\u017ee b\u00fdt v\u00fdrazn\u011b zam\u011b\u0159eno pr\u00e1v\u011b na probl\u00e9my <span class=\"highlight-query highlight-E1id0 highlight-E4id0 highlight-E1M highlight-E4M\">Volkswagenu<\/span>. Diskutovat se bude zejm\u00e9na o mo\u017enostech sn\u00ed\u017een\u00ed energetick\u00fdch n\u00e1klad\u016f, zm\u00edrn\u011bn\u00ed regulac\u00ed a vytvo\u0159en\u00ed pob\u00eddek pro investice.<\/p>\n<p>\u201e<span class=\"highlight-query highlight-E1id0 highlight-E4id0 highlight-E1M highlight-E4M\">Volkswagen<\/span> mus\u00ed b\u00fdt hlavn\u00edm bodem jedn\u00e1n\u00ed,\u201c \u0159ekl <span class=\"highlight-E5id2 highlight-E5M\">p\u0159edseda<\/span> <span class=\"highlight-E5id2 highlight-E5M\">CDU<\/span> v <span class=\"highlight-E0id0 highlight-E0M\">Doln\u00edm<\/span> <span class=\"highlight-E0id0 highlight-E0M\">Sasku<\/span> <span class=\"highlight-E2id3 highlight-E2M\">Sebastian<\/span> <span class=\"highlight-E2id3 highlight-E2M\">Lechner<\/span>. <span class=\"highlight-E5id2 highlight-E5M\">P\u0159edseda<\/span> <span class=\"highlight-E5id2 highlight-E5M\">CDU<\/span> <span class=\"highlight-E2id2 highlight-E2M\">Friedrich<\/span> <span class=\"highlight-E2id2 highlight-E2M\">Merz<\/span> v\u0161ak kritizoval summit jako pouhou \u201eshow\u201c. <span class=\"highlight-E2id6 highlight-E2M\">Dennis<\/span> <span class=\"highlight-E2id6 highlight-E2M\">Radtke<\/span> z K\u0159es\u0165ansko-demokratick\u00e9 pracovn\u00ed asociace (CDA) pak vyzval <span class=\"highlight-E5id4 highlight-E5M\">kancl\u00e9\u0159e<\/span> <span class=\"highlight-E2id0 highlight-E2M\">Scholze<\/span>, aby \u201ebojoval o ka\u017ed\u00fd pr\u016fmyslov\u00fd pracovn\u00ed post\u201c a varoval, \u017ee pokud toho nen\u00ed schopen, m\u011bl by \u201eustoupit a p\u0159enechat to Friedrichu Merzovi\u201c.<\/p>\n<p><span class=\"highlight-E1id1 highlight-E1M\">SPD<\/span> <span class=\"highlight-E5id5 highlight-E5M\">m\u00edstop\u0159edseda<\/span> <span class=\"highlight-E2id4 highlight-E2M\">Dirk<\/span> <span class=\"highlight-E2id4 highlight-E2M\">Wiese<\/span> se naopak postavil za <span class=\"highlight-E2id0 highlight-E2M\">Scholze<\/span> a uvedl, \u017ee \u201e<span class=\"highlight-E5id4 highlight-E5M\">kancl\u00e9\u0159<\/span> ud\u011bl\u00e1 z bezpe\u010dnosti pr\u016fmyslov\u00e9 a ekonomick\u00e9 z\u00e1kladny svou osobn\u00ed prioritu\u201c. <span class=\"highlight-E2id4 highlight-E2M\">Wiese<\/span> tak\u00e9 vyzval koali\u010dn\u00ed <span class=\"highlight-E5id1 highlight-E5M\">partnery<\/span> k podpo\u0159e nam\u00edsto un\u00e1hlen\u00fdch krok\u016f, co\u017e byla podle Bilda nar\u00e1\u017eka na ak\u010dn\u00ed p\u0159\u00edstup <span class=\"highlight-E1id2 highlight-E1M\">FDP<\/span> vedenou <span class=\"highlight-E2id1 highlight-E2M\">Christianem<\/span> <span class=\"highlight-E2id1 highlight-E2M\">Lindnerem<\/span>.<\/p>\n<p>Liber\u00e1lov\u00e9 po\u0159\u00e1daj\u00ed paraleln\u011b sv\u016fj vlastn\u00ed summit s p\u0159edstaviteli pr\u016fmyslu, av\u0161ak bez \u00fa\u010dasti <span class=\"highlight-E5id0 highlight-E5M\">\u0161\u00e9f\u016f<\/span> automobilek, jako je Blume z <span class=\"highlight-E1id0 highlight-E4id0 highlight-E1M highlight-E4M\">VW<\/span>. P\u0158\u00cdMO SOUVIS\u00cd: \u201eN\u011bmeck\u00fd pr\u016fmysl m\u00ed\u0159\u00ed proti zdi.\u201c Je ohro\u017eeno 190 000 m\u00edst CDU <span class=\"highlight-E5id6 highlight-E5M\">ekonomick\u00fd<\/span> <span class=\"highlight-E5id6 highlight-E5M\">expert<\/span> <span class=\"highlight-E2id7 highlight-E2M\">Jens<\/span> <span class=\"highlight-E2id7 highlight-E2M\">Spahn<\/span> mezit\u00edm vol\u00e1 po \u201egipfelu rozumu\u201c, kde by se v\u0161ichni kl\u00ed\u010dov\u00ed <span class=\"highlight-E5id7 highlight-E5M\">akt\u00e9\u0159i<\/span> zav\u00e1zali k vytvo\u0159en\u00ed pl\u00e1nu \u201eAgenda 2030 pro pr\u016fmysl\u201c. C\u00edlem je, aby \u201e<span class=\"highlight-E0id1 highlight-E0M\">N\u011bmecko<\/span> mohlo b\u00fdt op\u011bt hrd\u00e9 na svou silnou automobilovou v\u00fdrobu\u201c.<\/p>\n<figure id=\"attachment_527\" aria-describedby=\"caption-attachment-527\" style=\"width: 900px\" class=\"wp-caption alignnone\"><img loading=\"lazy\" decoding=\"async\" class=\"size-medium wp-image-527\" src=\"http:\/\/www.automakers.cz\/wp-content\/uploads\/2023\/11\/Skoda-Auto-almost-780000-vehicles-produced-worldwide-1-900x600.jpg\" alt=\"\" width=\"900\" height=\"600\" \/><figcaption id=\"caption-attachment-527\" class=\"wp-caption-text\">V\u00fdroba elektromobilu v koncernu VW<\/figcaption><\/figure>\n<p>S t\u00edm, jak <span class=\"highlight-query highlight-E4id0 highlight-E1id0 highlight-E4M highlight-E1M\">Volkswagen<\/span> proch\u00e1z\u00ed kriz\u00ed, se ot\u00e1zka budoucnosti n\u011bmeck\u00e9ho automobilov\u00e9ho pr\u016fmyslu st\u00e1v\u00e1 jedn\u00edm z hlavn\u00edch t\u00e9mat n\u011bmeck\u00e9 politiky a ukazuje rozd\u00edln\u00e9 p\u0159\u00edstupy vl\u00e1dn\u00edch stran k \u0159e\u0161en\u00ed sou\u010dasn\u00fdch v\u00fdzev.<\/p>\n<p><strong>Zdroj: Bild<\/strong><\/p>\n","protected":false},"excerpt":{"rendered":"<p>Katastrof\u00e1ln\u00ed zpr\u00e1vy z Volkswagenu ot\u0159\u00e1saj\u00ed n\u011bmeckou politikou. V berl\u00ednsk\u00e9m kancl\u00e9\u0159stv\u00ed se v \u00fater\u00fd konal summit,&#8230;<\/p>\n","protected":false},"author":1,"featured_media":3387,"comment_status":"closed","ping_status":"closed","sticky":false,"template":"","format":"standard","meta":{"footnotes":""},"categories":[22,18],"tags":[],"class_list":["post-8390","post","type-post","status-publish","format-standard","has-post-thumbnail","hentry","category-konference","category-vyroba"],"_links":{"self":[{"href":"https:\/\/www.automakers.cz\/index.php?rest_route=\/wp\/v2\/posts\/8390","targetHints":{"allow":["GET"]}}],"collection":[{"href":"https:\/\/www.automakers.cz\/index.php?rest_route=\/wp\/v2\/posts"}],"about":[{"href":"https:\/\/www.automakers.cz\/index.php?rest_route=\/wp\/v2\/types\/post"}],"author":[{"embeddable":true,"href":"https:\/\/www.automakers.cz\/index.php?rest_route=\/wp\/v2\/users\/1"}],"replies":[{"embeddable":true,"href":"https:\/\/www.automakers.cz\/index.php?rest_route=%2Fwp%2Fv2%2Fcomments&post=8390"}],"version-history":[{"count":3,"href":"https:\/\/www.automakers.cz\/index.php?rest_route=\/wp\/v2\/posts\/8390\/revisions"}],"predecessor-version":[{"id":8393,"href":"https:\/\/www.automakers.cz\/index.php?rest_route=\/wp\/v2\/posts\/8390\/revisions\/8393"}],"wp:featuredmedia":[{"embeddable":true,"href":"https:\/\/www.automakers.cz\/index.php?rest_route=\/wp\/v2\/media\/3387"}],"wp:attachment":[{"href":"https:\/\/www.automakers.cz\/index.php?rest_route=%2Fwp%2Fv2%2Fmedia&parent=8390"}],"wp:term":[{"taxonomy":"category","embeddable":true,"href":"https:\/\/www.automakers.cz\/index.php?rest_route=%2Fwp%2Fv2%2Fcategories&post=8390"},{"taxonomy":"post_tag","embeddable":true,"href":"https:\/\/www.automakers.cz\/index.php?rest_route=%2Fwp%2Fv2%2Ftags&post=8390"}],"curies":[{"name":"wp","href":"https:\/\/api.w.org\/{rel}","templated":true}]}}