{"id":8396,"date":"2024-10-29T14:46:16","date_gmt":"2024-10-29T14:46:16","guid":{"rendered":"https:\/\/www.automakers.cz\/?p=8396"},"modified":"2024-10-31T09:52:40","modified_gmt":"2024-10-31T09:52:40","slug":"plan-vw-celi-protestum-od-vlady-i-odboru","status":"publish","type":"post","link":"https:\/\/www.automakers.cz\/?p=8396","title":{"rendered":"Pl\u00e1n VW \u010del\u00ed protest\u016fm od vl\u00e1dy i odbor\u016f"},"content":{"rendered":"<p><strong>Pl\u00e1ny Volkswagenu na uzav\u0159en\u00ed v\u00fdrobn\u00edch z\u00e1vod\u016f vyvolaly ostrou kritiku jak mezi zam\u011bstnanci, tak v odborov\u00fdch organizac\u00edch, kter\u00e9 upozor\u0148uj\u00ed na nejistotu v pracovn\u00edch pozic\u00edch. Podle odbor\u016f je zru\u0161en\u00ed jistoty pr\u00e1ce jedn\u00edm z prvn\u00edch n\u00e1znak\u016f ekonomick\u00e9ho tlaku na automobilov\u00fd gigant.<\/strong><!--more--><\/p>\n<p>Zejm\u00e9na pl\u00e1n na desetiprocentn\u00ed sn\u00ed\u017een\u00ed plat\u016f pro <span class=\"highlight-E5id4 highlight-E5M\">zam\u011bstnance<\/span> a nulov\u00e9 zaokrouhlen\u00ed na p\u0159\u00ed\u0161t\u00ed dva roky vedl k tvrd\u00e9 kritice ze strany odborov\u00e9 organizace <span class=\"highlight-E1id3 highlight-E1M\">IG<\/span> <span class=\"highlight-E1id3 highlight-E1M\">Metall<\/span>.<\/p>\n<p>\u201eJe to hlubok\u00e1 r\u00e1na do srdce t\u011b\u017ece pracuj\u00edc\u00edch <span class=\"highlight-E5id4 highlight-E5M\">zam\u011bstnanc\u016f<\/span> <span class=\"highlight-E4id0 highlight-E1id0 highlight-E4M highlight-E1M\">VW<\/span>,\u201c uvedl hlavn\u00ed vyjednava\u010d IG Metall, Thorsten Gr\u00f6ger, kter\u00fd z\u00e1rove\u0148 po\u017eaduje dlouhodob\u011bj\u0161\u00ed \u0159e\u0161en\u00ed pro ochranu zam\u011bstnaneck\u00fdch pr\u00e1v.<\/p>\n<p><span class=\"highlight-E1id0 highlight-E4id0 highlight-E1M highlight-E4M\">VW<\/span> v z\u00e1\u0159\u00ed odm\u00edtl po\u017eadavek <span class=\"highlight-E1id3 highlight-E1M\">IG<\/span> <span class=\"highlight-E1id3 highlight-E1M\">Metall<\/span> na sedmiprocentn\u00ed zv\u00fd\u0161en\u00ed plat\u016f, co\u017e zvy\u0161uje nap\u011bt\u00ed mezi veden\u00edm a odbory. Vl\u00e1dn\u00ed reakce a varov\u00e1n\u00ed <span class=\"highlight-query highlight-E4id0 highlight-E1id0 highlight-E4M highlight-E1M\">Volkswagen<\/span> Na situaci reagovala i n\u011bmeck\u00e1 vl\u00e1da, kter\u00e1 varovala <span class=\"highlight-query highlight-E4id0 highlight-E1id0 highlight-E4M highlight-E1M\">Volkswagen<\/span> p\u0159ed nepromy\u0161len\u00fdmi kroky, kter\u00e9 by mohly m\u00edt negativn\u00ed dopady na <span class=\"highlight-E5id4 highlight-E5M\">zam\u011bstnance<\/span>.<\/p>\n<p><span class=\"highlight-E5id1 highlight-E5M\">Kancl\u00e9\u0159<\/span> <span class=\"highlight-E2id0 highlight-E2M\">Olaf<\/span> <span class=\"highlight-E2id0 highlight-E2M\">Scholz<\/span> prohl\u00e1sil, \u017ee \u201echybn\u00e1 mana\u017eersk\u00e1 rozhodnut\u00ed nesm\u00ed j\u00edt na \u00fakor <span class=\"highlight-E5id4 highlight-E5M\">zam\u011bstnanc\u016f<\/span>,\u201c a zd\u016fraznil, \u017ee vl\u00e1da o\u010dek\u00e1v\u00e1, \u017ee <span class=\"highlight-query highlight-E4id0 highlight-E1id0 highlight-E4M highlight-E1M\">Volkswagen<\/span> najde \u0159e\u0161en\u00ed, kter\u00e9 zachov\u00e1 pracovn\u00ed m\u00edsta. Zat\u00edm nen\u00ed jasn\u00e9, zda <span class=\"highlight-E4id0 highlight-E1id0 highlight-E4M highlight-E1M\">VW<\/span> na tuto v\u00fdzvu odpov\u00ed konkr\u00e9tn\u00edmi opat\u0159en\u00edmi.<\/p>\n<p><strong>Rostouc\u00ed nespokojenost a hrozba st\u00e1vek<\/strong><\/p>\n<p>Nap\u011bt\u00ed mezi <span class=\"highlight-E5id4 highlight-E5M\">zam\u011bstnanci<\/span> d\u00e1le vzrostlo po pond\u011bln\u00edm protestn\u00edm pochodu ve <span class=\"highlight-E0id3 highlight-E0M\">Zwickau<\/span>, kde tis\u00edce <span class=\"highlight-E5id0 highlight-E5M\">pracovn\u00edk\u016f<\/span> vy\u0161ly k bran\u00e1m tov\u00e1rny vybaveny p\u00ed\u0161\u0165alkami a chrast\u00edtky, aby vyj\u00e1d\u0159ily sv\u016fj nesouhlas s pl\u00e1ny veden\u00ed. N\u011bkte\u0159\u00ed <span class=\"highlight-E5id4 highlight-E5M\">zam\u011bstnanci<\/span> pohrozili, \u017ee od prosince mohou zastavit pr\u00e1ci v n\u011bmeck\u00fdch z\u00e1vodech, \u010d\u00edm\u017e by do\u0161lo k tzv. \u201ehork\u00e9 zim\u011b\u201c. Podle <span class=\"highlight-E5id4 highlight-E5M\">zam\u011bstnanc\u016f<\/span> je t\u0159eba vypracovat dlouhodobou strategii, kter\u00e1 zabr\u00e1n\u00ed ekonomick\u00e9mu sestupu.<\/p>\n<p><span class=\"highlight-E5id2 highlight-E5M\">Politici<\/span> po\u017eaduj\u00ed zm\u011bnu pr\u016fmyslov\u00e9 politiky Mezi <span class=\"highlight-E5id3 highlight-E5M\">kritiky<\/span> sou\u010dasn\u00e9 situace pat\u0159\u00ed i <span class=\"highlight-E5id2 highlight-E5M\">politik<\/span> <span class=\"highlight-E2id2 highlight-E2M\">S\u00f6ren<\/span> <span class=\"highlight-E2id2 highlight-E2M\">Pellmann<\/span> z <span class=\"highlight-E1id2 highlight-E1M\">Die<\/span> <span class=\"highlight-E1id2 highlight-E1M\">Linke<\/span>, kter\u00fd vyzval k \u201epl\u00e1novan\u00e9 pr\u016fmyslov\u00e9 politice\u201c.<\/p>\n<p><span class=\"highlight-E2id1 highlight-E2M\">Susanne<\/span> <span class=\"highlight-E2id1 highlight-E2M\">Ferschlov\u00e1<\/span>, <span class=\"highlight-E5id2 highlight-E5M\">politi\u010dka<\/span> z odborov\u00e9 organizace, obvinila veden\u00ed <span class=\"highlight-E1id0 highlight-E4id0 highlight-E1M highlight-E4M\">VW<\/span> z kr\u00e1tkozrak\u00e9ho p\u0159\u00edstupu. Podle n\u00ed nyn\u00ed <span class=\"highlight-E5id4 highlight-E5M\">zam\u011bstnanci<\/span> \u201eplat\u00ed \u00fa\u010det za krizi zp\u016fsobenou veden\u00edm\u201c, kter\u00e9 by m\u011blo s odbory a <span class=\"highlight-E5id4 highlight-E5M\">zam\u011bstnanci<\/span> aktivn\u011b hledat \u0159e\u0161en\u00ed.<\/p>\n<p>Budoucnost <span class=\"highlight-query highlight-E4id0 highlight-E1id0 highlight-E4M highlight-E1M\">Volkswagenu<\/span>: Kl\u00ed\u010dov\u00e9 jedn\u00e1n\u00ed s <span class=\"highlight-E1id3 highlight-E1M\">IG<\/span> <span class=\"highlight-E1id3 highlight-E1M\">Metall<\/span> <span class=\"highlight-query highlight-E4id0 highlight-E1id0 highlight-E4M highlight-E1M\">Volkswagen<\/span> \u010dek\u00e1 kl\u00ed\u010dov\u00e9 jedn\u00e1n\u00ed s odbory <span class=\"highlight-E1id3 highlight-E1M\">IG<\/span> <span class=\"highlight-E1id3 highlight-E1M\">Metall<\/span>, kter\u00e9 prob\u011bhne ve st\u0159edu. Pokud veden\u00ed potvrd\u00ed pl\u00e1ny na uzav\u00edr\u00e1n\u00ed z\u00e1vod\u016f a sn\u00ed\u017een\u00ed plat\u016f, hroz\u00ed, \u017ee naraz\u00ed na odpor nejen ze strany zam\u011bstnanc\u016f, ale i \u0161ir\u0161\u00ed ve\u0159ejnosti. Gr\u00f6ger varoval, \u017ee pokud <span class=\"highlight-E4id0 highlight-E1id0 highlight-E4M highlight-E1M\">VW<\/span> \u201echce ohl\u00e1sit labut\u00ed p\u00edse\u0148 <span class=\"highlight-E0id0 highlight-E0M\">N\u011bmecka<\/span>, mus\u00ed o\u010dek\u00e1vat odpor, kter\u00fd si nedok\u00e1\u017ee p\u0159edstavit.\u201c<\/p>\n<p><strong>Zdroj: geopolitan.cz<\/strong><\/p>\n","protected":false},"excerpt":{"rendered":"<p>Pl\u00e1ny Volkswagenu na uzav\u0159en\u00ed v\u00fdrobn\u00edch z\u00e1vod\u016f vyvolaly ostrou kritiku jak mezi zam\u011bstnanci, tak v odborov\u00fdch&#8230;<\/p>\n","protected":false},"author":1,"featured_media":8398,"comment_status":"closed","ping_status":"closed","sticky":false,"template":"","format":"standard","meta":{"footnotes":""},"categories":[51,31,18],"tags":[],"class_list":["post-8396","post","type-post","status-publish","format-standard","has-post-thumbnail","hentry","category-kauza","category-news","category-vyroba"],"_links":{"self":[{"href":"https:\/\/www.automakers.cz\/index.php?rest_route=\/wp\/v2\/posts\/8396","targetHints":{"allow":["GET"]}}],"collection":[{"href":"https:\/\/www.automakers.cz\/index.php?rest_route=\/wp\/v2\/posts"}],"about":[{"href":"https:\/\/www.automakers.cz\/index.php?rest_route=\/wp\/v2\/types\/post"}],"author":[{"embeddable":true,"href":"https:\/\/www.automakers.cz\/index.php?rest_route=\/wp\/v2\/users\/1"}],"replies":[{"embeddable":true,"href":"https:\/\/www.automakers.cz\/index.php?rest_route=%2Fwp%2Fv2%2Fcomments&post=8396"}],"version-history":[{"count":2,"href":"https:\/\/www.automakers.cz\/index.php?rest_route=\/wp\/v2\/posts\/8396\/revisions"}],"predecessor-version":[{"id":8399,"href":"https:\/\/www.automakers.cz\/index.php?rest_route=\/wp\/v2\/posts\/8396\/revisions\/8399"}],"wp:featuredmedia":[{"embeddable":true,"href":"https:\/\/www.automakers.cz\/index.php?rest_route=\/wp\/v2\/media\/8398"}],"wp:attachment":[{"href":"https:\/\/www.automakers.cz\/index.php?rest_route=%2Fwp%2Fv2%2Fmedia&parent=8396"}],"wp:term":[{"taxonomy":"category","embeddable":true,"href":"https:\/\/www.automakers.cz\/index.php?rest_route=%2Fwp%2Fv2%2Fcategories&post=8396"},{"taxonomy":"post_tag","embeddable":true,"href":"https:\/\/www.automakers.cz\/index.php?rest_route=%2Fwp%2Fv2%2Ftags&post=8396"}],"curies":[{"name":"wp","href":"https:\/\/api.w.org\/{rel}","templated":true}]}}