{"id":8409,"date":"2024-10-30T11:08:08","date_gmt":"2024-10-30T11:08:08","guid":{"rendered":"https:\/\/www.automakers.cz\/?p=8409"},"modified":"2024-10-31T09:22:11","modified_gmt":"2024-10-31T09:22:11","slug":"sef-peugeotu-venturini-se-blyskl-u-honzy-dedka","status":"publish","type":"post","link":"https:\/\/www.automakers.cz\/?p=8409","title":{"rendered":"\u0160\u00e9f Peugeotu Venturini se bl\u00fdskl u Honzy D\u011bdka (Video)"},"content":{"rendered":"<p><strong><b>Novin\u00e1\u0159 a moder\u00e1tor Honza D\u011bdek pozval sv\u00e9 talk show \u0159editele zna\u010dky Peugeot v \u010cR Marca Venturiniho. \u0160\u00e9f importu francouzsk\u00e9 zna\u010dky se uk\u00e1zal p\u0159ed n\u00e1rodem v \u00fater\u00fd 29. \u0159\u00edjna na TV Prima.<br \/>\n<\/b><\/strong><!--more--><\/p>\n<p>\u201e7 p\u00e1d\u016f Honzy D\u011bdka\u201c je talk show, kter\u00e1 u\u017e po mnoho let bav\u00ed div\u00e1ky v pra\u017esk\u00fdch divadlech. Od kv\u011btna roku 2020 se vys\u00edl\u00e1 ka\u017ed\u00fd t\u00fdden v televizi Prima, \u010d\u00edm\u017e se obl\u00edbenost po\u0159adu posunula na celorepublikovou \u00farove\u0148. <strong><b><br \/>\n<\/b><\/strong><\/p>\n<p>Talk show \u201e7 p\u00e1d\u016f Honzy D\u011bdka\u201c je fenom\u00e9nem \u010desk\u00e9 televizn\u00ed sc\u00e9ny. Od sv\u00fdch pon\u011bkud skromn\u00fdch za\u010d\u00e1tk\u016f v\u00a0roce 2011 v\u00a0pra\u017esk\u00e9m divadle Viola, kde tuto talk show tehdy sledovalo jen 80 n\u00e1v\u0161t\u011bvn\u00edk\u016f, se v\u00a0roce 2020 p\u0159esunula na obrazovky televiz\u00ed, kde ka\u017ed\u00fd t\u00fdden bav\u00ed tis\u00edce televizn\u00edch div\u00e1k\u016f v\u00a0cel\u00e9 \u010cesk\u00e9 republice. Honza D\u011bdek si sv\u00e9 hosty zve do \u0160vandova divadla v\u00a0Praze, kde se jednotliv\u00e9 d\u00edly nat\u00e1\u010dej\u00ed. N\u00e1sledn\u011b jsou t\u00fdden nato odvys\u00edl\u00e1ny v\u00a0televizi Prima.<\/p>\n<p>B\u011bhem let se v po\u0159adu objevila cel\u00e1 \u0159ada host\u016f zejm\u00e9na ze sv\u011bta showbusinessu. Na seznamu v\u00edce ne\u017e tis\u00edcovky \u00fa\u010dinkuj\u00edc\u00edch, kte\u0159\u00ed touto talk show pro\u0161li, se jm\u00e9na herc\u016f a zp\u011bv\u00e1k\u016f objevuj\u00ed nejv\u00edce. \u010casto obdr\u017e\u00ed pozv\u00e1nku i um\u011blci nejr\u016fzn\u011bj\u0161\u00edch obor\u016f, sportovci a dal\u0161\u00ed zn\u00e1m\u00e9 osobnosti. Na nat\u00e1\u010den\u00ed d\u00edlu \u201e7 p\u00e1d\u016f Honzy D\u011bdka\u201c, kter\u00e9 prob\u011bhlo 22. \u0159\u00edjna, p\u0159i\u0161el i pom\u011brn\u011b netradi\u010dn\u00ed host \u2013 \u0159editel zna\u010dky Peugeot v\u00a0\u010cesk\u00e9 republice, Marco Venturini.<\/p>\n<p><img loading=\"lazy\" decoding=\"async\" class=\"alignnone size-medium wp-image-8413\" src=\"http:\/\/www.automakers.cz\/wp-content\/uploads\/2024\/10\/Venturini-Dedek-900x600.jpg\" alt=\"\" width=\"900\" height=\"600\" \/><strong>D\u011bdek ambasadorem zna\u010dky Peugeot<br \/>\n<\/strong><\/p>\n<p>Zakladatel t\u00e9to talk show, Honza D\u011bdek, p\u016fsob\u00ed jako novin\u00e1\u0159. Ve sv\u00e9m po\u0159adu ov\u0161em skv\u011ble vykon\u00e1v\u00e1 i profesi moder\u00e1tora. Krom\u011b toho je i milovn\u00edkem voz\u016f Peugeot a sou\u010dasn\u011b ambasadorem zna\u010dky. Jeho vyvolen\u00fdm modelem je dynamick\u00fd fastback Peugeot 408 plug-in hybrid.<\/p>\n<p>V\u00a0talk show \u201e7 p\u00e1d\u016f Honzy D\u011bdka\u201c vystoupili v minulosti i n\u011bkte\u0159\u00ed sou\u010dasn\u00ed ambasado\u0159i zna\u010dky Peugeot. V\u00a0samotn\u00fdch za\u010d\u00e1tc\u00edch byl jedn\u00edm z\u00a0host\u016f herec Radim Fiala, kter\u00fd je tv\u00e1\u0159\u00ed nov\u00e9ho Peugeotu 3008. Tak\u00e9 ambasador zna\u010dky a p\u0159\u00edznivec elektrick\u00e9ho Peugeotu E-2008, zp\u011bv\u00e1k a herec Adam Mi\u0161\u00edk, byl v\u00a0z\u00e1\u0159\u00ed roku 2022 hostem po\u0159adu a exkluzivn\u011b zde p\u0159edstavil sv\u016fj nov\u00fd song.<\/p>\n<p><strong>Video na kan\u00e1lu YouTube<\/strong><\/p>\n<p>Z\u00e1znamy rozhovor\u016f, kter\u00e9 se v show odehr\u00e1vaj\u00ed, jsou n\u00e1sledn\u011b ke shl\u00e9dnut\u00ed i na youtube kan\u00e1lu \u201e7 p\u00e1d\u016f Honzy D\u011bdka\u201c. Na rozd\u00edl od TV Prima, kde se jedn\u00e1 o sest\u0159\u00edhanou verzi, na youtube najdete kompletn\u00ed nesest\u0159\u00edhan\u00e9 video. Od st\u0159edy 30. \u0159\u00edjna je na YT ke shl\u00e9dnut\u00ed i d\u00edl s Marcem Venturinim!<\/p>\n<p><iframe loading=\"lazy\"  id=\"_ytid_67004\"  width=\"640\" height=\"360\"  data-origwidth=\"640\" data-origheight=\"360\" src=\"https:\/\/www.youtube.com\/embed\/ySkNxs5te0U?enablejsapi=1&#038;autoplay=0&#038;cc_load_policy=0&#038;cc_lang_pref=&#038;iv_load_policy=1&#038;loop=0&#038;modestbranding=0&#038;rel=1&#038;fs=1&#038;playsinline=0&#038;autohide=2&#038;theme=dark&#038;color=red&#038;controls=1&#038;\" class=\"__youtube_prefs__  epyt-is-override  no-lazyload\" title=\"YouTube player\"  allow=\"accelerometer; autoplay; clipboard-write; encrypted-media; gyroscope; picture-in-picture\" allowfullscreen data-no-lazy=\"1\" data-skipgform_ajax_framebjll=\"\"><\/iframe><\/p>\n<p><strong>Zdroj: Radka Matthey, Peugeot<\/strong><\/p>\n<p>&nbsp;<\/p>\n<p><em><i>\u00a0<\/i><\/em><\/p>\n","protected":false},"excerpt":{"rendered":"<p>Novin\u00e1\u0159 a moder\u00e1tor Honza D\u011bdek pozval sv\u00e9 talk show \u0159editele zna\u010dky Peugeot v \u010cR Marca&#8230;<\/p>\n","protected":false},"author":1,"featured_media":8412,"comment_status":"closed","ping_status":"closed","sticky":false,"template":"","format":"standard","meta":{"footnotes":""},"categories":[71,49,66],"tags":[],"class_list":["post-8409","post","type-post","status-publish","format-standard","has-post-thumbnail","hentry","category-interview","category-media","category-video"],"_links":{"self":[{"href":"https:\/\/www.automakers.cz\/index.php?rest_route=\/wp\/v2\/posts\/8409","targetHints":{"allow":["GET"]}}],"collection":[{"href":"https:\/\/www.automakers.cz\/index.php?rest_route=\/wp\/v2\/posts"}],"about":[{"href":"https:\/\/www.automakers.cz\/index.php?rest_route=\/wp\/v2\/types\/post"}],"author":[{"embeddable":true,"href":"https:\/\/www.automakers.cz\/index.php?rest_route=\/wp\/v2\/users\/1"}],"replies":[{"embeddable":true,"href":"https:\/\/www.automakers.cz\/index.php?rest_route=%2Fwp%2Fv2%2Fcomments&post=8409"}],"version-history":[{"count":6,"href":"https:\/\/www.automakers.cz\/index.php?rest_route=\/wp\/v2\/posts\/8409\/revisions"}],"predecessor-version":[{"id":8443,"href":"https:\/\/www.automakers.cz\/index.php?rest_route=\/wp\/v2\/posts\/8409\/revisions\/8443"}],"wp:featuredmedia":[{"embeddable":true,"href":"https:\/\/www.automakers.cz\/index.php?rest_route=\/wp\/v2\/media\/8412"}],"wp:attachment":[{"href":"https:\/\/www.automakers.cz\/index.php?rest_route=%2Fwp%2Fv2%2Fmedia&parent=8409"}],"wp:term":[{"taxonomy":"category","embeddable":true,"href":"https:\/\/www.automakers.cz\/index.php?rest_route=%2Fwp%2Fv2%2Fcategories&post=8409"},{"taxonomy":"post_tag","embeddable":true,"href":"https:\/\/www.automakers.cz\/index.php?rest_route=%2Fwp%2Fv2%2Ftags&post=8409"}],"curies":[{"name":"wp","href":"https:\/\/api.w.org\/{rel}","templated":true}]}}