{"id":8429,"date":"2024-10-31T08:12:36","date_gmt":"2024-10-31T08:12:36","guid":{"rendered":"https:\/\/www.automakers.cz\/?p=8429"},"modified":"2024-10-31T09:40:04","modified_gmt":"2024-10-31T09:40:04","slug":"eu-nasadila-vyrovnavaci-cla-na-cinska-elektroauta","status":"publish","type":"post","link":"https:\/\/www.automakers.cz\/?p=8429","title":{"rendered":"EU nasadila vyrovn\u00e1vac\u00ed cla na \u010d\u00ednsk\u00e1 elektroauta"},"content":{"rendered":"<p class=\"c_a3 g_gI speakable\" data-dot=\"ogm-article-perex\"><strong>Evropsk\u00e1 unie ve st\u0159edu nasadila vyrovn\u00e1vac\u00ed cla a\u017e 35,3 procenta na dovoz bateriov\u00fdch elektromobil\u016f z \u010c\u00edny. Evropsk\u00e1 komise (EK) v \u00fater\u00fd ozn\u00e1mila, \u017ee uzav\u0159ela antisubven\u010dn\u00ed vy\u0161et\u0159ov\u00e1n\u00ed a \u017ee zav\u00e1d\u00ed dodate\u010dn\u00e1 cla na dobu p\u011bti let. Rozhodnut\u00ed bylo zve\u0159ejn\u011bno v \u00da\u0159edn\u00edm v\u011bstn\u00edku EU. \u010c\u00edna se proti cl\u016fm ohradila.<\/strong><!--more--><\/p>\n<div class=\"_6231b388c0086990921bf42b ogm-container\">\n<div class=\"g_gR\" data-e2e=\"ogm-article-layout\">\n<article class=\"g_gT\" role=\"article\" aria-labelledby=\"accessibility-article\">\n<div class=\"g_gS\" data-dot=\"ogm-article-content\">\n<div class=\"e_ee e_ep\">\n<div class=\"e_a3 speakable\" data-dot=\"mol-paragraph\">\n<p>\u00a0Cla na elektromobily z\u016fstanou v\u00a0platnosti p\u011bt let, pokud se do t\u00e9 doby nenajde sm\u00edrn\u00e9 \u0159e\u0161en\u00ed.<\/p>\n<p class=\"c_a3\"><span class=\"c_eC\">\u201eP\u0159ijet\u00edm t\u011bchto p\u0159im\u011b\u0159en\u00fdch a\u00a0c\u00edlen\u00fdch opat\u0159en\u00ed po d\u016fsledn\u00e9m vy\u0161et\u0159ov\u00e1n\u00ed se zast\u00e1v\u00e1me spravedliv\u00fdch tr\u017en\u00edch princip\u016f a\u00a0evropsk\u00e9 pr\u016fmyslov\u00e9 z\u00e1kladny,\u201c uvedl v\u00a0\u00fater\u00fd v\u00fdkonn\u00fd m\u00edstop\u0159edseda EK Valdis Dombrovskis. \u201eSou\u010dasn\u011b z\u016fst\u00e1v\u00e1me otev\u0159eni mo\u017en\u00e9mu alternativn\u00edmu \u0159e\u0161en\u00ed, kter\u00e9 by bylo \u00fa\u010dinn\u00e9 p\u0159i \u0159e\u0161en\u00ed zji\u0161t\u011bn\u00fdch probl\u00e9m\u016f a\u00a0kompatibiln\u00ed se Sv\u011btovou obchodn\u00ed organizac\u00ed (WTO),\u201c dodal.<\/span><\/p>\n<\/div>\n<div class=\"e_a3 speakable\" data-dot=\"mol-paragraph\">\n<p class=\"c_a3\"><span class=\"c_eC\">Evropsk\u00e1 komise, kter\u00e1 jm\u00e9nem 27 \u010dlensk\u00fdch zem\u00ed EU \u0159\u00edd\u00ed obchodn\u00ed spory, poukazuje na v\u00fdrazn\u00fd n\u00e1r\u016fst dovozu elektromobil\u016f z \u010c\u00edny do EU. Zat\u00edmco v roce 2020 pod\u00edl elektrick\u00fdch aut vyroben\u00fdch v \u010c\u00edn\u011b dosahoval na unijn\u00edm trhu elektromobil\u016f 3,9 procenta, do z\u00e1\u0159\u00ed 2023 se dostal na 25 procent. Komise tvrd\u00ed, \u017ee je to \u010d\u00e1ste\u010dn\u011b v\u00fdsledek ne\u010destn\u00fdch subvenc\u00ed, kter\u00e9 automobilk\u00e1m poskytuje \u010d\u00ednsk\u00e1 vl\u00e1da. Peking takov\u00e9 tvrzen\u00ed odm\u00edt\u00e1 a poukazuje na technologick\u00fd pokrok v \u010c\u00edn\u011b.<\/span><\/p>\n<p class=\"c_a3\"><strong>Nejvy\u0161\u0161\u00ed clo 45,3 procenta<\/strong><\/p>\n<\/div>\n<div class=\"e_a3 speakable\" data-dot=\"mol-paragraph\">\n<p class=\"c_a3\"><span class=\"c_eC\">Komise zav\u00e1d\u00ed clo 17\u00a0procent na elektromobily od \u010d\u00ednsk\u00e9ho v\u00fdrobce BYD, 18,8\u00a0procenta na elektromobily od firmy Geely a\u00a035,3\u00a0procenta na auta, kter\u00e1 vyv\u00e1\u017e\u00ed \u010d\u00ednsk\u00fd st\u00e1tn\u00ed podnik SAIC. V\u00a0EU p\u0159itom standardn\u011b plat\u00ed na dovoz aut desetiprocentn\u00ed clo. To znamen\u00e1, \u017ee nejvy\u0161\u0161\u00ed clo na dovoz elektromobil\u016f z\u00a0\u010c\u00edny te\u010f \u010din\u00ed 45,3\u00a0procenta.<\/span><\/p>\n<\/div>\n<div class=\"e_a3 speakable\" data-dot=\"mol-paragraph\">\n<p class=\"c_a3\"><span class=\"c_eC\">Geely prod\u00e1v\u00e1 nap\u0159\u00edklad zna\u010dky Polestar nebo Volvo, zat\u00edmco SAIC vlastn\u00ed britskou zna\u010dku MG, kter\u00e1 pat\u0159\u00ed k nejprod\u00e1van\u011bj\u0161\u00edm elektromobil\u016fm v Evrop\u011b.<\/span><\/p>\n<\/div>\n<div class=\"e_a3 speakable\" data-dot=\"mol-paragraph\">\n<p class=\"c_a3\"><span class=\"c_eC\">Na ostatn\u00ed v\u00fdrobce elektromobil\u016f v\u00a0\u010c\u00edn\u011b, v\u010detn\u011b t\u011bch z\u00e1padn\u00edch, jako je Volkswagen a\u00a0BMW, se bude vztahovat clo 20,7\u00a0procenta. Na elektromobily americk\u00e9 zna\u010dky Tesla vyroben\u00e9 v\u00a0\u010c\u00edn\u011b zav\u00e1d\u00ed komise clo 7,8\u00a0procenta. U\u00a0tohoto poplatku EK uv\u00e1d\u00ed, \u017ee k\u00a0n\u011bmu dosp\u011bla na z\u00e1klad\u011b \u201eindividu\u00e1ln\u00ed kalkulace\u201c.<\/span><\/p>\n<p><img loading=\"lazy\" decoding=\"async\" class=\"alignnone size-medium wp-image-3469\" src=\"http:\/\/www.automakers.cz\/wp-content\/uploads\/2024\/04\/Beijing-Poznan-900x675.jpg\" alt=\"\" width=\"900\" height=\"675\" srcset=\"https:\/\/www.automakers.cz\/wp-content\/uploads\/2024\/04\/Beijing-Poznan-900x675.jpg 900w, https:\/\/www.automakers.cz\/wp-content\/uploads\/2024\/04\/Beijing-Poznan-1024x768.jpg 1024w, https:\/\/www.automakers.cz\/wp-content\/uploads\/2024\/04\/Beijing-Poznan-768x576.jpg 768w, https:\/\/www.automakers.cz\/wp-content\/uploads\/2024\/04\/Beijing-Poznan.jpg 1196w\" sizes=\"auto, (max-width: 900px) 100vw, 900px\" \/><span class=\"c_eC\">\u010c\u00ednsk\u00e9 ministerstvo obchodu se proti opat\u0159en\u00edm ohradilo, jsou podle n\u011bj protekcionistick\u00e1 a nespravedliv\u00e1. <\/span><\/p>\n<p><span class=\"c_eC\">\u201e\u010c\u00edna s t\u00edm nesouhlas\u00ed a toto rozhodnut\u00ed nep\u0159ij\u00edm\u00e1,\u201c uvedlo ministerstvo. \u201e\u010c\u00edna bude i nad\u00e1le p\u0159ij\u00edmat v\u0161echna nezbytn\u00e1 opat\u0159en\u00ed, aby rozhodn\u011b chr\u00e1nila svoje legitimn\u00ed pr\u00e1va a z\u00e1jmy \u010d\u00ednsk\u00fdch spole\u010dnost\u00ed,\u201c cituje z prohl\u00e1\u0161en\u00ed ministerstva agentura AP.<\/span><\/p>\n<\/div>\n<div class=\"e_a3 speakable\" data-dot=\"mol-paragraph\">\n<p><strong>Zdroj: novinky.cz<\/strong><\/p>\n<\/div>\n<div class=\"e_eZ\"><\/div>\n<\/div>\n<\/div>\n<\/article>\n<\/div>\n<\/div>\n","protected":false},"excerpt":{"rendered":"<p>Evropsk\u00e1 unie ve st\u0159edu nasadila vyrovn\u00e1vac\u00ed cla a\u017e 35,3 procenta na dovoz bateriov\u00fdch elektromobil\u016f z&#8230;<\/p>\n","protected":false},"author":1,"featured_media":2659,"comment_status":"closed","ping_status":"closed","sticky":false,"template":"","format":"standard","meta":{"footnotes":""},"categories":[11,25],"tags":[],"class_list":["post-8429","post","type-post","status-publish","format-standard","has-post-thumbnail","hentry","category-importeri","category-legislativa"],"_links":{"self":[{"href":"https:\/\/www.automakers.cz\/index.php?rest_route=\/wp\/v2\/posts\/8429","targetHints":{"allow":["GET"]}}],"collection":[{"href":"https:\/\/www.automakers.cz\/index.php?rest_route=\/wp\/v2\/posts"}],"about":[{"href":"https:\/\/www.automakers.cz\/index.php?rest_route=\/wp\/v2\/types\/post"}],"author":[{"embeddable":true,"href":"https:\/\/www.automakers.cz\/index.php?rest_route=\/wp\/v2\/users\/1"}],"replies":[{"embeddable":true,"href":"https:\/\/www.automakers.cz\/index.php?rest_route=%2Fwp%2Fv2%2Fcomments&post=8429"}],"version-history":[{"count":3,"href":"https:\/\/www.automakers.cz\/index.php?rest_route=\/wp\/v2\/posts\/8429\/revisions"}],"predecessor-version":[{"id":8444,"href":"https:\/\/www.automakers.cz\/index.php?rest_route=\/wp\/v2\/posts\/8429\/revisions\/8444"}],"wp:featuredmedia":[{"embeddable":true,"href":"https:\/\/www.automakers.cz\/index.php?rest_route=\/wp\/v2\/media\/2659"}],"wp:attachment":[{"href":"https:\/\/www.automakers.cz\/index.php?rest_route=%2Fwp%2Fv2%2Fmedia&parent=8429"}],"wp:term":[{"taxonomy":"category","embeddable":true,"href":"https:\/\/www.automakers.cz\/index.php?rest_route=%2Fwp%2Fv2%2Fcategories&post=8429"},{"taxonomy":"post_tag","embeddable":true,"href":"https:\/\/www.automakers.cz\/index.php?rest_route=%2Fwp%2Fv2%2Ftags&post=8429"}],"curies":[{"name":"wp","href":"https:\/\/api.w.org\/{rel}","templated":true}]}}