{"id":8452,"date":"2024-11-03T20:32:07","date_gmt":"2024-11-03T20:32:07","guid":{"rendered":"https:\/\/www.automakers.cz\/?p=8452"},"modified":"2024-11-03T20:32:07","modified_gmt":"2024-11-03T20:32:07","slug":"suzuki-prohloubi-spolupraci-s-toyotou","status":"publish","type":"post","link":"https:\/\/www.automakers.cz\/?p=8452","title":{"rendered":"Suzuki prohloub\u00ed spolupr\u00e1ci s Toyotou"},"content":{"rendered":"<p><strong>Suzuki bude Toyot\u011b dod\u00e1vat SUV s \u010dist\u011b elektrick\u00fdm pohonem (BEV) z vlastn\u00edho v\u00fdvoje. V\u00fdroba nov\u00e9ho modelu by m\u011bla b\u00fdt spu\u0161t\u011bna na ja\u0159e 2025 v indick\u00e9m z\u00e1vodu Suzuki Motor Gujarat.<\/strong><!--more--><\/p>\n<p>Suzuki a Toyota za\u010daly v minulosti podnikat v En\u0161u, na z\u00e1pad\u011b prefektury \u0160izuoka. Ob\u011b spole\u010dnosti postupn\u011b p\u0159e\u0161ly od v\u00fdroby tkalcovsk\u00fdch stav\u016f k automobil\u016fm. V roce 2016 se p\u0159edstavitel\u00e9 obou spole\u010dnost\u00ed, tedy Osamu Suzuki, n\u011bkdej\u0161\u00ed p\u0159edseda spole\u010dnosti Suzuki, v sou\u010dasnosti vedouc\u00ed poradce, a Akio Toyoda, n\u011bkdej\u0161\u00ed prezident Toyoty, v sou\u010dasnosti p\u0159edseda p\u0159edstavenstva, rozhodli prozkoumat mo\u017enosti obchodn\u00ed spolupr\u00e1ce.<\/p>\n<p>Firmy postupn\u011b za\u010daly kooperovat v nejr\u016fzn\u011bj\u0161\u00edch oblastech nejen v\u00fdroby a vz\u00e1jemn\u00fdch dod\u00e1vek vozidel, ale i v r\u00e1mci \u0161ir\u0161\u00ed podpory elektrifikovan\u00fdch vozidel. Auta vze\u0161l\u00e1 ze spolupr\u00e1ce se postupn\u011b objevila na trz\u00edch v Japonsku, Indii, Evrop\u011b, Africe a na St\u0159edn\u00edm v\u00fdchod\u011b.<\/p>\n<p>Nejnov\u011bj\u0161\u00ed po\u010din je z\u00e1rove\u0148 premi\u00e9rou bateriov\u00e9ho elektromobilu poskytovan\u00e9ho na z\u00e1klad\u011b dodavatelsk\u00e9ho vztahu typu OEM. Model bude uveden celosv\u011btov\u011b, \u010d\u00edm\u017e z\u00e1rove\u0148 roz\u0161\u00ed\u0159\u00ed nab\u00eddku \u010dist\u011b elektrick\u00fdch vozidel v segmentu SUV, t\u011b\u0161\u00edc\u00edm se neb\u00fdval\u00e9mu r\u016fstu. Suzuki a Toyota t\u00edm dokl\u00e1daj\u00ed svoji snahu o rozvoj uhl\u00edkov\u011b neutr\u00e1ln\u00ed spole\u010dnosti.<\/p>\n<p>\u201eVyu\u017eit\u00edm jednotky BEV a platformy z na\u0161eho spole\u010dn\u00e9ho v\u00fdvoje op\u011bt posouv\u00e1me na\u0161i spolupr\u00e1ci v oblasti elektrifikovan\u00fdch vozidel. Z\u00e1kazn\u00edk\u016fm z cel\u00e9ho sv\u011bta tak budeme moci nab\u00eddnout v\u00edce mo\u017enost\u00ed na podporu rozvoje uhl\u00edkov\u011b neutr\u00e1ln\u00ed spole\u010dnosti. Cht\u011bli bychom se navz\u00e1jem u\u010dit ze sv\u00fdch siln\u00fdch str\u00e1nek, nad\u00e1le si konkurovat, ale z\u00e1rove\u0148 spojovat s\u00edly formou multi-technologick\u00e9ho p\u0159\u00edstupu,\u201c \u0159\u00edk\u00e1\u00a0<strong>Kod\u017ei Sat\u00f3, prezident Toyoty.<\/strong><\/p>\n<p>Nov\u00fd model byl od po\u010d\u00e1tku navrhov\u00e1n jako \u010dist\u00fd elektromobil. Agiln\u00ed SUV s typickou j\u00edzdn\u00ed dynamikou bateriov\u00e9ho elektromobilu nab\u00eddne velkorys\u00fd dojezd a pohodlnou kabinu. K dispozici je t\u00e9\u017e proveden\u00ed s pohonem 4WD, nab\u00edzej\u00edc\u00ed mimo\u0159\u00e1dn\u011b dobr\u00e9 j\u00edzdn\u00ed vlastnosti na hor\u0161\u00edch cest\u00e1ch, jako\u017e i vylep\u0161en\u00e9 v\u00fdkonov\u00e9 parametry.<\/p>\n<p>Jednotka BEV i podvozkov\u00e1 platforma uveden\u00e9ho modelu poch\u00e1zej\u00ed ze spole\u010dn\u00e9ho v\u00fdvoje Suzuki, Toyoty a Daihatsu Motor Corporation s vyu\u017eit\u00edm siln\u00fdch str\u00e1nek ka\u017ed\u00e9 z t\u011bchto firem.<\/p>\n<p>\u201eSuzuki bude Toyot\u011b celosv\u011btov\u011b dod\u00e1vat sv\u016fj prvn\u00ed model BEV. Jsem vd\u011b\u010dn\u00fd, \u017ee jsme prohloubili spolupr\u00e1ci na\u0161ich firem touto formou. P\u0159esto\u017ee z\u016fst\u00e1v\u00e1me konkurenty, prohloub\u00edme spolupr\u00e1ci v \u0159e\u0161en\u00ed spole\u010densk\u00fdch ot\u00e1zek, v\u010detn\u011b rozvoje uhl\u00edkov\u011b neutr\u00e1ln\u00ed spole\u010dnosti na z\u00e1klad\u011b multi-technologick\u00e9ho p\u0159\u00edstupu,\u201c \u0159\u00edk\u00e1\u00a0<strong>To\u0161ihiro Suzuki, prezident Suzuki.<\/strong><\/p>\n<p><strong>Zdroj: Toyota<\/strong><\/p>\n","protected":false},"excerpt":{"rendered":"<p>Suzuki bude Toyot\u011b dod\u00e1vat SUV s \u010dist\u011b elektrick\u00fdm pohonem (BEV) z vlastn\u00edho v\u00fdvoje. V\u00fdroba nov\u00e9ho&#8230;<\/p>\n","protected":false},"author":2,"featured_media":8455,"comment_status":"closed","ping_status":"closed","sticky":false,"template":"","format":"standard","meta":{"footnotes":""},"categories":[9,69,18],"tags":[],"class_list":["post-8452","post","type-post","status-publish","format-standard","has-post-thumbnail","hentry","category-elektromobily","category-suv","category-vyroba"],"_links":{"self":[{"href":"https:\/\/www.automakers.cz\/index.php?rest_route=\/wp\/v2\/posts\/8452","targetHints":{"allow":["GET"]}}],"collection":[{"href":"https:\/\/www.automakers.cz\/index.php?rest_route=\/wp\/v2\/posts"}],"about":[{"href":"https:\/\/www.automakers.cz\/index.php?rest_route=\/wp\/v2\/types\/post"}],"author":[{"embeddable":true,"href":"https:\/\/www.automakers.cz\/index.php?rest_route=\/wp\/v2\/users\/2"}],"replies":[{"embeddable":true,"href":"https:\/\/www.automakers.cz\/index.php?rest_route=%2Fwp%2Fv2%2Fcomments&post=8452"}],"version-history":[{"count":3,"href":"https:\/\/www.automakers.cz\/index.php?rest_route=\/wp\/v2\/posts\/8452\/revisions"}],"predecessor-version":[{"id":8499,"href":"https:\/\/www.automakers.cz\/index.php?rest_route=\/wp\/v2\/posts\/8452\/revisions\/8499"}],"wp:featuredmedia":[{"embeddable":true,"href":"https:\/\/www.automakers.cz\/index.php?rest_route=\/wp\/v2\/media\/8455"}],"wp:attachment":[{"href":"https:\/\/www.automakers.cz\/index.php?rest_route=%2Fwp%2Fv2%2Fmedia&parent=8452"}],"wp:term":[{"taxonomy":"category","embeddable":true,"href":"https:\/\/www.automakers.cz\/index.php?rest_route=%2Fwp%2Fv2%2Fcategories&post=8452"},{"taxonomy":"post_tag","embeddable":true,"href":"https:\/\/www.automakers.cz\/index.php?rest_route=%2Fwp%2Fv2%2Ftags&post=8452"}],"curies":[{"name":"wp","href":"https:\/\/api.w.org\/{rel}","templated":true}]}}