{"id":8456,"date":"2024-11-01T09:09:35","date_gmt":"2024-11-01T09:09:35","guid":{"rendered":"https:\/\/www.automakers.cz\/?p=8456"},"modified":"2024-11-01T09:09:35","modified_gmt":"2024-11-01T09:09:35","slug":"hyundai-odhalil-prvni-pohled-na-ioniq-9","status":"publish","type":"post","link":"https:\/\/www.automakers.cz\/?p=8456","title":{"rendered":"Hyundai odhalil prvn\u00ed pohled na IONIQ 9"},"content":{"rendered":"<p><strong>Zna\u010dka Hyundai zve\u0159ejnila prvn\u00ed upout\u00e1vku modelu IONIQ 9. Nov\u00e9 elektrick\u00e9 SUV se t\u0159emi \u0159adami sedadel m\u00e1 b\u00fdt dal\u0161\u00edm miln\u00edkem na cest\u011b k elektrifikaci zna\u010dky.<\/strong><!--more--><\/p>\n<p>\u010c\u00edslo 9 symbolizuje v produktov\u00e9 \u0159ad\u011b IONIQ segment velk\u00fdch voz\u016f. Zna\u010dka Hyundai tak poprv\u00e9 vstupuje do kategorie velk\u00fdch SUV s elektrick\u00fdm pohonem. IONIQ 9 navazuje na modely IONIQ 5 a IONIQ 6.. D\u00edky oce\u0148ovan\u00e9 glob\u00e1ln\u00ed modul\u00e1rn\u00ed platform\u011b E-GMP (Electric-Global Modular Platform) koncernu Hyundai Motor Group se IONIQ 9 m\u016f\u017ee pochlubit prostorn\u00fdm interi\u00e9rem.<\/p>\n<p>Design vozu zaujme pojet\u00edm, v n\u011bm\u017e se snoub\u00ed aerodynamick\u00e9 vlastnosti s vyt\u0159\u00edbenou estetikou. Design\u00e9\u0159i \u010derpali inspiraci z exteri\u00e9r\u016f elegantn\u00edch lod\u00ed a jejich prostorn\u00fdch, \u00fatuln\u00fdch interi\u00e9r\u016f. Velmi dlouh\u00fd rozvor n\u00e1prav ve spojen\u00ed s lini\u00ed st\u0159echy tvo\u0159enou jedinou k\u0159ivkou zaji\u0161\u0165uje velkorys\u00fd prostor pro v\u0161echny cestuj\u00edc\u00ed, a to v\u010detn\u011b osob ve t\u0159et\u00ed \u0159ad\u011b.<\/p>\n<p>Na upout\u00e1vkov\u00fdch skic\u00e1ch jsou n\u00e1padn\u00e9 sofistikovan\u00e9 detaily, kter\u00e9 umoc\u0148uj\u00ed kvalitu celkov\u00e9ho designu modelu IONIQ 9. Charakteristick\u00e9 linie na boc\u00edch p\u0159ipom\u00ednaj\u00ed diagon\u00e1ln\u00ed linky na tradi\u010dn\u00edm korejsk\u00e9m kroji \u201ehanbok\u201c. Sv\u011btlomety jsou tvo\u0159eny parametrick\u00fdmi pixely \u2013 typick\u00fdm sv\u011bteln\u00fdm designem, kter\u00fd zna\u010dka Hyundai vyvinula pro modely IONIQ. S dynamick\u00fdm charakterem modelu IONIQ 9 je slad\u011bn i design v\u00edceramenn\u00e9ho volantu.<\/p>\n<p>Od 30. \u0159\u00edjna bude Hyundai na soci\u00e1ln\u00edch s\u00edt\u00edch zve\u0159ej\u0148ovat p\u0159\u00edsp\u011bvky s dal\u0161\u00edmi upout\u00e1vkami a\u017e do sv\u011btov\u00e9 premi\u00e9ry modelu IONIQ 9 v listopadu. Podrobn\u011bj\u0161\u00ed informace o premi\u00e9\u0159e budou poskytnuty ji\u017e brzy. IONIQ 9 p\u0159edstavuje budoucnost elektromobil\u016f a m\u011bn\u00ed definici prostornosti a komfortu v segmentu.<\/p>\n<p>K uveden\u00ed modelu doch\u00e1z\u00ed nedlouho po rekordn\u00edch v\u00fdsledc\u00edch, jich\u017e zna\u010dka Hyundai dos\u00e1hla v uplynul\u00e9m roce, a vyroben\u00ed historick\u00e9ho 100miliont\u00e9ho vozu v roce leto\u0161n\u00edm. P\u0159echod spole\u010dnosti do nov\u00e9 \u00e9ry elektrifikace symbolizuje fakt, \u017ee jako 100 000 001. v\u016fz byl vyroben pr\u00e1v\u011b elektromobil. Zam\u011b\u0159en\u00ed zna\u010dky na elektrifikaci z\u016fst\u00e1v\u00e1 neochv\u011bjn\u00e9, stejn\u011b jako c\u00edl dos\u00e1hnout do roku 2030 prodeje 2 milion\u016f elektromobil\u016f.<\/p>\n<p><img loading=\"lazy\" decoding=\"async\" class=\"alignnone wp-image-8458\" src=\"http:\/\/www.automakers.cz\/wp-content\/uploads\/2024\/10\/IONIQ-9-2-621x900.jpg\" alt=\"\" width=\"866\" height=\"1255\" srcset=\"https:\/\/www.automakers.cz\/wp-content\/uploads\/2024\/10\/IONIQ-9-2-621x900.jpg 621w, https:\/\/www.automakers.cz\/wp-content\/uploads\/2024\/10\/IONIQ-9-2-707x1024.jpg 707w, https:\/\/www.automakers.cz\/wp-content\/uploads\/2024\/10\/IONIQ-9-2-768x1112.jpg 768w, https:\/\/www.automakers.cz\/wp-content\/uploads\/2024\/10\/IONIQ-9-2-1061x1536.jpg 1061w, https:\/\/www.automakers.cz\/wp-content\/uploads\/2024\/10\/IONIQ-9-2-1414x2048.jpg 1414w, https:\/\/www.automakers.cz\/wp-content\/uploads\/2024\/10\/IONIQ-9-2-1024x1483.jpg 1024w, https:\/\/www.automakers.cz\/wp-content\/uploads\/2024\/10\/IONIQ-9-2.jpg 1600w\" sizes=\"auto, (max-width: 866px) 100vw, 866px\" \/><\/p>\n","protected":false},"excerpt":{"rendered":"<p>Zna\u010dka Hyundai zve\u0159ejnila prvn\u00ed upout\u00e1vku modelu IONIQ 9. Nov\u00e9 elektrick\u00e9 SUV se t\u0159emi \u0159adami sedadel&#8230;<\/p>\n","protected":false},"author":2,"featured_media":8457,"comment_status":"closed","ping_status":"closed","sticky":false,"template":"","format":"standard","meta":{"footnotes":""},"categories":[13,9,69],"tags":[],"class_list":["post-8456","post","type-post","status-publish","format-standard","has-post-thumbnail","hentry","category-design","category-elektromobily","category-suv"],"_links":{"self":[{"href":"https:\/\/www.automakers.cz\/index.php?rest_route=\/wp\/v2\/posts\/8456","targetHints":{"allow":["GET"]}}],"collection":[{"href":"https:\/\/www.automakers.cz\/index.php?rest_route=\/wp\/v2\/posts"}],"about":[{"href":"https:\/\/www.automakers.cz\/index.php?rest_route=\/wp\/v2\/types\/post"}],"author":[{"embeddable":true,"href":"https:\/\/www.automakers.cz\/index.php?rest_route=\/wp\/v2\/users\/2"}],"replies":[{"embeddable":true,"href":"https:\/\/www.automakers.cz\/index.php?rest_route=%2Fwp%2Fv2%2Fcomments&post=8456"}],"version-history":[{"count":2,"href":"https:\/\/www.automakers.cz\/index.php?rest_route=\/wp\/v2\/posts\/8456\/revisions"}],"predecessor-version":[{"id":8476,"href":"https:\/\/www.automakers.cz\/index.php?rest_route=\/wp\/v2\/posts\/8456\/revisions\/8476"}],"wp:featuredmedia":[{"embeddable":true,"href":"https:\/\/www.automakers.cz\/index.php?rest_route=\/wp\/v2\/media\/8457"}],"wp:attachment":[{"href":"https:\/\/www.automakers.cz\/index.php?rest_route=%2Fwp%2Fv2%2Fmedia&parent=8456"}],"wp:term":[{"taxonomy":"category","embeddable":true,"href":"https:\/\/www.automakers.cz\/index.php?rest_route=%2Fwp%2Fv2%2Fcategories&post=8456"},{"taxonomy":"post_tag","embeddable":true,"href":"https:\/\/www.automakers.cz\/index.php?rest_route=%2Fwp%2Fv2%2Ftags&post=8456"}],"curies":[{"name":"wp","href":"https:\/\/api.w.org\/{rel}","templated":true}]}}