{"id":8505,"date":"2024-11-03T20:58:26","date_gmt":"2024-11-03T20:58:26","guid":{"rendered":"https:\/\/www.automakers.cz\/?p=8505"},"modified":"2024-11-05T10:08:25","modified_gmt":"2024-11-05T10:08:25","slug":"prague-car-festival-videlo-40-tisic-lidi","status":"publish","type":"post","link":"https:\/\/www.automakers.cz\/?p=8505","title":{"rendered":"Prague Car Festival vid\u011blo p\u0159es 40 tis\u00edc lid\u00ed"},"content":{"rendered":"<p><strong>Na let\u0148ansk\u00fd veletrh PRAGUE CAR FESTIVAL se p\u0159i\u0161lo pod\u00edvat celkem 41 200 n\u00e1v\u0161t\u011bvn\u00edk\u016f, co\u017e je oproti lo\u0148sk\u00e9mu roku n\u00e1r\u016fst o p\u0159ibli\u017en\u011b 11 %. V\u016fbec poprv\u00e9 tak celkov\u00e1 n\u00e1v\u0161t\u011bvnost poko\u0159ila hranici \u010dty\u0159 des\u00edtek tis\u00edc milovn\u00edk\u016f motorismu.<\/strong><!--more--><\/p>\n<p>Rozsah tohoto veletrhu dokumentuj\u00ed tak\u00e9 po\u010dty expon\u00e1t\u016f. Na celkov\u00e9 plo\u0161e 38 000 m2 bylo um\u00edst\u011bno v sedmi hal\u00e1ch cca 700 expon\u00e1t\u016f a venkovn\u00ed prostor hostil v sou\u010dtu obou dn\u016f 450 expon\u00e1t\u016f.<\/p>\n<p><strong>Rekordn\u00ed po\u010det medi\u00e1ln\u00edch v\u00fdstup\u016f<\/strong><\/p>\n<p>Rekordn\u00ed parametry m\u011bla tak\u00e9, dle medi\u00e1ln\u00ed spole\u010dnosti Mediaboard, dosa\u017een\u00e1 publicita k t\u00e9to akci. Od kv\u011btna do konce \u0159\u00edjna zve\u0159ejnila m\u00e9dia 150 \u010dl\u00e1nk\u016f na t\u00e9ma veletrhu a jeho programu a kumulovan\u011b tak tento po\u010det v\u00fdstup\u016f oslovil v uveden\u00e9m obdob\u00ed t\u00e9m\u011b\u0159 16 milion\u016f \u010dten\u00e1\u0159\u016f \u010di div\u00e1k\u016f. Publicitu zm\u00edn\u011bn\u00e9 akce podpo\u0159il vysok\u00fd po\u010det akreditovan\u00fdch dom\u00e1c\u00edch i zahrani\u010dn\u00edch novin\u00e1\u0159\u016f a tak\u00e9 report\u00e1\u017ee z m\u00edsta kon\u00e1n\u00ed akce na televizi CNN Prima NEWS, TV Nova a v r\u00e1di\u00edch R\u00e1dio Blan\u00edk \u010di \u010cRo Radio\u017eurn\u00e1l. Medi\u00e1ln\u00ed podporou byla tak\u00e9 spolupr\u00e1ce s den\u00edkem Metro \u010di online port\u00e1lem Seznam.cz a odborn\u00fdmi \u010dasopisy Faster, RALLY a Racing Journal, <i><b>\u201c<\/b>\u00a0<\/i>potvrdil velk\u00fd z\u00e1jem m\u00e9di\u00ed o akci Tom\u00e1\u0161 Van\u011bk, PR mana\u017eer veletrhu PRAGUE CAR FESTIVAL.<\/p>\n<p><strong>VIP host\u00e9<\/strong><\/p>\n<p>Leto\u0161n\u00ed ro\u010dn\u00edk veletrhu PRAGUE CAR FESTIVAL byl mimo jin\u00e9 tak\u00e9 p\u0159\u00edle\u017eitost\u00ed pro setk\u00e1n\u00ed v\u00fdznamn\u00fdch osobnost\u00ed z\u00a0oblasti automobilov\u00e9ho sv\u011bta s\u00a0ve\u0159ejnost\u00ed, a to v\u011bt\u0161inou formou besed a moderovan\u00fdch rozhovor\u016f. Na BSR TUNING EXPO Stage vystoupili nap\u0159\u00edklad Richard Chlad \u2013 sb\u011bratel automobil\u016f, Filip Turek \u2013 prezident Jaguar klubu, z\u00e1stupci Policie \u010cR, \u010dlenov\u00e9 Mustang Drivers Clubu, David Kubrt \u2013 specialista na ojet\u00e9 automobily, Jochen Schweiker \u2013 po\u0159adatel akce Performance Messe, Ond\u0159ej Herc\u00edk \u2013 stavitel unik\u00e1tn\u00edho Fordu Mustang Helleanor, Josef Jel\u00ednek \u2013 v\u00fdvoj\u00e1\u0159 automobilu Drake the Dragon a dal\u0161\u00ed.<\/p>\n<p><img loading=\"lazy\" decoding=\"async\" class=\"alignnone size-medium wp-image-8544\" src=\"http:\/\/www.automakers.cz\/wp-content\/uploads\/2024\/11\/PCF-audi-900x600.jpg\" alt=\"\" width=\"900\" height=\"600\" \/>Liqui Moly Forum v\u00a0r\u00e1mci RACING EXPO hostilo nap\u0159\u00edklad Adama Lacka \u2013 exmistra Evropy v\u00a0z\u00e1vodech taha\u010d\u016f, leto\u0161n\u00edho \u00fa\u010dastn\u00edka M\u010cR v\u00a0z\u00e1vodech na okruz\u00edch, Tom\u00e1\u0161e Engeho, \u0160t\u011bp\u00e1na Vojt\u011bcha, Roberta \u0160enk\u00fd\u0159e \u2013 syny legend\u00e1rn\u00ed pos\u00e1dky z\u00e1vodn\u00edk\u016f, kter\u00e1 v\u00a0roce 1981 z\u00edskala titul mistra Evropy, d\u00e1le Gabrielu J\u00edlkovou \u2013 nej\u00fasp\u011b\u0161n\u011bj\u0161\u00ed \u010deskou z\u00e1vodnici posledn\u00edch sezon, Dana Sko\u010ddopoleho \u2013 jedin\u00e9ho \u010desk\u00e9ho \u00fa\u010dastn\u00edka z\u00e1vod\u016f Le Mans Cup, Dominika St\u0159\u00edtesk\u00e9ho \u2013 mistra \u010cR v\u00a0rally, Libora Podmola \u2013 exmistra sv\u011bta ve freestylu, Martina Mac\u00edka \u2013 leto\u0161n\u00edho v\u00edt\u011bze Rally Dakar v\u00a0kategorii kamion\u016f a dal\u0161\u00ed. PRAGUE CAR FESTIVAL byl tak\u00e9 op\u011bt m\u00edstem slavnostn\u00edho vyhl\u00e1\u0161en\u00ed Legend Motorsportu.<\/p>\n<p><img loading=\"lazy\" decoding=\"async\" class=\"alignnone size-medium wp-image-8511\" src=\"http:\/\/www.automakers.cz\/wp-content\/uploads\/2024\/11\/PCF-Lamborghini-900x600.jpg\" alt=\"\" width=\"900\" height=\"600\" \/><strong>Spies Hecker Classic Expo<\/strong><\/p>\n<p>Mezi zaj\u00edmav\u00fdmi osobnostmi SPIES HECKER CLASSIC EXPO vystoupil na p\u00f3diu nap\u0159\u00edklad Luk\u00e1\u0161 Fengl &#8211; renov\u00e1tor historick\u00fdch vozidel, Jakub Krafek &#8211; sportovn\u00ed \u0159editel Oldtimer Express, Jaroslav V\u011btvi\u010dka &#8211; veter\u00e1nista a propag\u00e1tor programu STK pro mu\u017ee nebo Tom\u00e1\u0161 Pavl\u00edk \u2013 po\u0159adatel n\u011bkolika v\u00fdznamn\u00fdch veter\u00e1nsk\u00fdch akc\u00ed a dal\u0161\u00ed.<\/p>\n<p>Zlat\u00fdm h\u0159ebem sobotn\u00edho programu veletrhu byla, stejn\u011b jako vloni, organizovan\u00e1 aukce unik\u00e1tn\u00edch voz\u016f. Mezi dev\u00edti dra\u017een\u00fdmi vozy byla mimo jin\u00e9 medi\u00e1ln\u011b zn\u00e1m\u00e1 Alfa Romeo 2000 GT Veloce, se kterou jezdil v\u00a0minulosti i legend\u00e1rn\u00ed zp\u011bv\u00e1k Karel Gott. Z\u00a0vyvol\u00e1vac\u00ed ceny 350\u00a0000 K\u010d se v\u00a0sobotn\u00ed aukci vy\u0161plhala cena tohoto unik\u00e1tn\u00edho vozu na 1 180 000 K\u010d. Velmi v\u00fdhodn\u011b z\u00edskal nov\u00fd majitel tak\u00e9 legend\u00e1rn\u00ed &#8222;Erko&#8220;, \u0160koda 110 R, a to za 370 000 K\u010d.<\/p>\n<p><img loading=\"lazy\" decoding=\"async\" class=\"alignnone size-medium wp-image-8514\" src=\"http:\/\/www.automakers.cz\/wp-content\/uploads\/2024\/11\/PCF-Corvette-900x506.jpg\" alt=\"\" width=\"900\" height=\"506\" srcset=\"https:\/\/www.automakers.cz\/wp-content\/uploads\/2024\/11\/PCF-Corvette-900x506.jpg 900w, https:\/\/www.automakers.cz\/wp-content\/uploads\/2024\/11\/PCF-Corvette-1024x576.jpg 1024w, https:\/\/www.automakers.cz\/wp-content\/uploads\/2024\/11\/PCF-Corvette-768x432.jpg 768w, https:\/\/www.automakers.cz\/wp-content\/uploads\/2024\/11\/PCF-Corvette-1536x864.jpg 1536w, https:\/\/www.automakers.cz\/wp-content\/uploads\/2024\/11\/PCF-Corvette-1280x720.jpg 1280w, https:\/\/www.automakers.cz\/wp-content\/uploads\/2024\/11\/PCF-Corvette.jpg 2040w\" sizes=\"auto, (max-width: 900px) 100vw, 900px\" \/><\/p>\n<p>V\u00a0r\u00e1mci veletrhu PRAGUE CAR FESTIVAL se ka\u017edoro\u010dn\u011b oce\u0148uj\u00ed tak\u00e9 vybran\u00e9 expon\u00e1ty. Na prezentaci upraven\u00fdch voz\u016f BSR TUNING\u00a0EXPO se mezi deseti ocen\u011bn\u00fdmi automobily vyj\u00edmal restomod\u00a0Mercedes W108, za kter\u00e9ho p\u0159evzal cenu jeho majitel Martin Szombierski z\u00a0Polska. Dal\u0161\u00ed ocen\u011bn\u00ed z\u00edskaly nap\u0159. upraven\u00e9 ikonick\u00e9 vozy 90. let VW Corrado a VW Scirocco, jejich\u017e majitel\u00e9 p\u0159icestovali z Rakouska, resp. N\u011bmecka. \u010ceskou sc\u00e9nu ve fin\u00e1le zastupovali Ond\u0159ej Herc\u00edk s Fordem Mustang Helleanor a Josef Jel\u00ednek se svou studi\u00ed Drake the Dragon.<\/p>\n<p>Mezi mnoha des\u00edtkami\u00a0\u0161pi\u010dkov\u00fdch z\u00e1vodn\u00edch automobil\u016f sekce RACING EXPO vynikaly nap\u0159\u00edklad vozy Audi R8 LMS Ultra GT3 pos\u00e1dky Filip Salaquarda \u2013 Libor Milota, Ligier JS P320 LMP3 jezdce Dana Sko\u010ddopoleho, Lamborghini Hurac\u00e1n Super Trofeo EVO t\u00fdmu Ji\u0159\u00edho Mi\u010d\u00e1nka, vrcha\u0159sk\u00e9 speci\u00e1ly Osella PA21 JrB, Norma M20, okruhov\u00e9 Porsche GT4 Cayman, Lotus Emira GT4, \u0160koda Fabia RS Rally2 nov\u00e9ho \u010desk\u00e9ho mistra v rallye a mnoho dal\u0161\u00edch.<\/p>\n<p><img loading=\"lazy\" decoding=\"async\" class=\"alignnone size-medium wp-image-8513\" src=\"http:\/\/www.automakers.cz\/wp-content\/uploads\/2024\/11\/PCF-Pisarik-podium-900x506.jpg\" alt=\"\" width=\"900\" height=\"506\" srcset=\"https:\/\/www.automakers.cz\/wp-content\/uploads\/2024\/11\/PCF-Pisarik-podium-900x506.jpg 900w, https:\/\/www.automakers.cz\/wp-content\/uploads\/2024\/11\/PCF-Pisarik-podium-1024x576.jpg 1024w, https:\/\/www.automakers.cz\/wp-content\/uploads\/2024\/11\/PCF-Pisarik-podium-768x432.jpg 768w, https:\/\/www.automakers.cz\/wp-content\/uploads\/2024\/11\/PCF-Pisarik-podium-1536x864.jpg 1536w, https:\/\/www.automakers.cz\/wp-content\/uploads\/2024\/11\/PCF-Pisarik-podium-1280x720.jpg 1280w, https:\/\/www.automakers.cz\/wp-content\/uploads\/2024\/11\/PCF-Pisarik-podium.jpg 2040w\" sizes=\"auto, (max-width: 900px) 100vw, 900px\" \/>Milovn\u00edci historick\u00fdch voz\u016f mohli v\u00a0sekci SPIES HECKER CLASSIC EXPO obdivovat jeden z\u00a0ocen\u011bn\u00fdch historick\u00fdch voz\u016f Panhard Levasor majitele Pavla Berana. Jaroslav V\u011btvi\u010dka p\u0159edstavil letos zrenovovan\u00fd unik\u00e1tn\u00ed z\u00e1vodn\u00ed speci\u00e1l Jawa 750, se kter\u00fdm jel v roce 1934 Anton\u00edn Vitvar legend\u00e1rn\u00ed z\u00e1vod 1000 mil. Bez pov\u0161imnut\u00ed nez\u016fstala ani letos expozice spole\u010dnosti Engine, kter\u00e1 p\u0159edstavila historick\u00fd pr\u016f\u0159ez zna\u010dkou BMW.<\/p>\n<p><img loading=\"lazy\" decoding=\"async\" class=\"alignnone size-medium wp-image-8516\" src=\"http:\/\/www.automakers.cz\/wp-content\/uploads\/2024\/11\/PCF-policie-Ferrari-900x600.jpg\" alt=\"\" width=\"900\" height=\"600\" \/><strong>Policejn\u00ed expozice<\/strong><\/p>\n<p>N\u00e1v\u0161t\u011bvn\u00edci tr\u00e1vili dlouh\u00e9 chv\u00edle tak\u00e9 u expozice Policie \u010cesk\u00e9 republiky, jej\u00ed\u017e centrem pozornosti bylo policejn\u00ed Ferrari 458\u00a0Italia a z\u00e1jmu neunikly ani rychl\u00fd d\u00e1lni\u010dn\u00ed v\u016fz BMW, z\u00e1sahov\u00e9 vozidlo \u0160koda Kodiaq s ochrann\u00fdm r\u00e1mem s vybaven\u00edm pro prvn\u00ed pomoc \u010di motocykl dopravn\u00ed policie. Plk. Mgr. Michal Hodbo\u010f, \u0159editel slu\u017eby dopravn\u00ed policie, m\u011bl nav\u00edc spole\u010dn\u011b s\u00a0b\u00fdval\u00fdm pilotem F1 Tom\u00e1\u0161em Engem zaj\u00edmavou besedu.<\/p>\n<p><img loading=\"lazy\" decoding=\"async\" class=\"alignnone size-medium wp-image-8508\" src=\"http:\/\/www.automakers.cz\/wp-content\/uploads\/2024\/11\/PCF-plocha-lide-900x506.jpg\" alt=\"\" width=\"900\" height=\"506\" srcset=\"https:\/\/www.automakers.cz\/wp-content\/uploads\/2024\/11\/PCF-plocha-lide-900x506.jpg 900w, https:\/\/www.automakers.cz\/wp-content\/uploads\/2024\/11\/PCF-plocha-lide-1024x576.jpg 1024w, https:\/\/www.automakers.cz\/wp-content\/uploads\/2024\/11\/PCF-plocha-lide-768x432.jpg 768w, https:\/\/www.automakers.cz\/wp-content\/uploads\/2024\/11\/PCF-plocha-lide-1536x864.jpg 1536w, https:\/\/www.automakers.cz\/wp-content\/uploads\/2024\/11\/PCF-plocha-lide-1280x720.jpg 1280w, https:\/\/www.automakers.cz\/wp-content\/uploads\/2024\/11\/PCF-plocha-lide.jpg 2040w\" sizes=\"auto, (max-width: 900px) 100vw, 900px\" \/><\/p>\n<p>Nejv\u011bt\u0161\u00ed adrenalinovou atrakc\u00ed na venkovn\u00ed plo\u0161e s\u00a0n\u00e1zvem Remus Arena p\u0159edstavil motocyklov\u00fd z\u00e1vodn\u00edk Libor Podmol se sv\u00fdm unik\u00e1tn\u00edm saltem na dakarsk\u00e9m speci\u00e1lu! T\u0159ikr\u00e1t v sobotu i v\u00a0ned\u011bli p\u0159edvedl tento n\u00e1ro\u010dn\u00fd skok na trojn\u00e1sobn\u011b t\u011b\u017e\u0161\u00edm stroji, ne\u017e byla v\u00e1ha jezdce a v\u017edy se vznesl vysoko nad hlavy p\u0159ihl\u00ed\u017eej\u00edc\u00edch. V\u00a0z\u00e1v\u011bru obou dn\u016f doplnil sv\u016fj skok o dal\u0161\u00ed n\u00e1ro\u010dn\u011bj\u0161\u00ed prvky a jeho show se tak stala v\u00edce odv\u00e1\u017enou.<\/p>\n<p><img loading=\"lazy\" decoding=\"async\" class=\"alignnone size-medium wp-image-8373\" src=\"http:\/\/www.automakers.cz\/wp-content\/uploads\/2024\/10\/Prague-Car-Festival-prapor-900x506.jpg\" alt=\"\" width=\"900\" height=\"506\" srcset=\"https:\/\/www.automakers.cz\/wp-content\/uploads\/2024\/10\/Prague-Car-Festival-prapor-900x506.jpg 900w, https:\/\/www.automakers.cz\/wp-content\/uploads\/2024\/10\/Prague-Car-Festival-prapor-1024x576.jpg 1024w, https:\/\/www.automakers.cz\/wp-content\/uploads\/2024\/10\/Prague-Car-Festival-prapor-768x432.jpg 768w, https:\/\/www.automakers.cz\/wp-content\/uploads\/2024\/10\/Prague-Car-Festival-prapor-1536x864.jpg 1536w, https:\/\/www.automakers.cz\/wp-content\/uploads\/2024\/10\/Prague-Car-Festival-prapor-1280x720.jpg 1280w, https:\/\/www.automakers.cz\/wp-content\/uploads\/2024\/10\/Prague-Car-Festival-prapor.jpg 2040w\" sizes=\"auto, (max-width: 900px) 100vw, 900px\" \/>Dvan\u00e1ct superaut sv\u011btov\u00e9 produkce s\u00a0mnohamilionovou cenovkou se stalo p\u0159edm\u011btem obrovsk\u00e9ho z\u00e1jmu n\u00e1v\u0161t\u011bvn\u00edk\u016f Pirelli Auto Exclusive z\u00f3ny, kter\u00fdm se tajil dech p\u0159i pohledu na vozy zna\u010dek Bugatti, Maserati, Lamborghini, Aston Martin, Ferrari, Corvette, Rolls-Royce, Lotus \u010di Porsche.<\/p>\n<p>Term\u00edn 14. ro\u010dn\u00edku veletrhu PRAGUE CAR FESTIVAL byl stanoven na 1. a 2. listopadu 2025.<\/p>\n<p><strong>PRAGUE CAR FESTIVAL 2024 v \u010d\u00edslech a faktech:<\/strong><\/p>\n<p>Celkov\u00e1 n\u00e1v\u0161t\u011bvnost akce: 41 200 lid\u00ed (meziro\u010dn\u00ed n\u00e1r\u016fst +11 %)<br \/>\nCelkov\u00e1 v\u00fdstavn\u00ed plocha s\u00a0expon\u00e1ty: 38\u00a0000 m2<br \/>\nCelkov\u00fd po\u010det expon\u00e1t\u016f:<br \/>\ncca 700 ve vnit\u0159n\u00edch prostor\u00e1ch PVA EXPO<br \/>\ncca 450 na vn\u011bj\u0161\u00edm prostranstv\u00ed PVA EXPO<\/p>\n<p><strong>Zdroj: PR mana\u017eer PCF Tom\u00e1\u0161 Van\u011bk a za AUTOdealers Erich Handl, Let\u0148any<br \/>\n<\/strong><\/p>\n<p><img loading=\"lazy\" decoding=\"async\" class=\"alignnone size-medium wp-image-8520\" src=\"http:\/\/www.automakers.cz\/wp-content\/uploads\/2024\/11\/PCF-Handl-Vanek-900x506.jpg\" alt=\"\" width=\"900\" height=\"506\" srcset=\"https:\/\/www.automakers.cz\/wp-content\/uploads\/2024\/11\/PCF-Handl-Vanek-900x506.jpg 900w, https:\/\/www.automakers.cz\/wp-content\/uploads\/2024\/11\/PCF-Handl-Vanek-1024x576.jpg 1024w, https:\/\/www.automakers.cz\/wp-content\/uploads\/2024\/11\/PCF-Handl-Vanek-768x432.jpg 768w, https:\/\/www.automakers.cz\/wp-content\/uploads\/2024\/11\/PCF-Handl-Vanek-1536x864.jpg 1536w, https:\/\/www.automakers.cz\/wp-content\/uploads\/2024\/11\/PCF-Handl-Vanek-1280x720.jpg 1280w, https:\/\/www.automakers.cz\/wp-content\/uploads\/2024\/11\/PCF-Handl-Vanek.jpg 2016w\" sizes=\"auto, (max-width: 900px) 100vw, 900px\" \/><\/p>\n<p>&nbsp;<\/p>\n","protected":false},"excerpt":{"rendered":"<p>Na let\u0148ansk\u00fd veletrh PRAGUE CAR FESTIVAL se p\u0159i\u0161lo pod\u00edvat celkem 41 200 n\u00e1v\u0161t\u011bvn\u00edk\u016f, co\u017e je&#8230;<\/p>\n","protected":false},"author":1,"featured_media":8510,"comment_status":"closed","ping_status":"closed","sticky":false,"template":"","format":"standard","meta":{"footnotes":""},"categories":[10,90,8],"tags":[],"class_list":["post-8505","post","type-post","status-publish","format-standard","has-post-thumbnail","hentry","category-statistika","category-tuning","category-vystavy"],"_links":{"self":[{"href":"https:\/\/www.automakers.cz\/index.php?rest_route=\/wp\/v2\/posts\/8505","targetHints":{"allow":["GET"]}}],"collection":[{"href":"https:\/\/www.automakers.cz\/index.php?rest_route=\/wp\/v2\/posts"}],"about":[{"href":"https:\/\/www.automakers.cz\/index.php?rest_route=\/wp\/v2\/types\/post"}],"author":[{"embeddable":true,"href":"https:\/\/www.automakers.cz\/index.php?rest_route=\/wp\/v2\/users\/1"}],"replies":[{"embeddable":true,"href":"https:\/\/www.automakers.cz\/index.php?rest_route=%2Fwp%2Fv2%2Fcomments&post=8505"}],"version-history":[{"count":13,"href":"https:\/\/www.automakers.cz\/index.php?rest_route=\/wp\/v2\/posts\/8505\/revisions"}],"predecessor-version":[{"id":8568,"href":"https:\/\/www.automakers.cz\/index.php?rest_route=\/wp\/v2\/posts\/8505\/revisions\/8568"}],"wp:featuredmedia":[{"embeddable":true,"href":"https:\/\/www.automakers.cz\/index.php?rest_route=\/wp\/v2\/media\/8510"}],"wp:attachment":[{"href":"https:\/\/www.automakers.cz\/index.php?rest_route=%2Fwp%2Fv2%2Fmedia&parent=8505"}],"wp:term":[{"taxonomy":"category","embeddable":true,"href":"https:\/\/www.automakers.cz\/index.php?rest_route=%2Fwp%2Fv2%2Fcategories&post=8505"},{"taxonomy":"post_tag","embeddable":true,"href":"https:\/\/www.automakers.cz\/index.php?rest_route=%2Fwp%2Fv2%2Ftags&post=8505"}],"curies":[{"name":"wp","href":"https:\/\/api.w.org\/{rel}","templated":true}]}}