{"id":851,"date":"2023-12-11T12:42:49","date_gmt":"2023-12-11T12:42:49","guid":{"rendered":"https:\/\/www.automakers.cz\/?p=851"},"modified":"2023-12-11T13:58:10","modified_gmt":"2023-12-11T13:58:10","slug":"hyundai-sezval-novinare-do-vinice-sv-klary","status":"publish","type":"post","link":"https:\/\/www.automakers.cz\/?p=851","title":{"rendered":"Hyundai sezval novin\u00e1\u0159e na trojskou vinici"},"content":{"rendered":"<p><strong>\u0160\u00e9f Hyundai Motor Czech Martin Saitz sezval novin\u00e1\u0159e na p\u0159edv\u00e1no\u010dn\u00ed ve\u010de\u0159i s veden\u00edm \u010desk\u00e9ho zastoupen\u00ed zna\u010dky do nov\u011b zrekonstruovan\u00e9ho vini\u010dn\u00edho domku Vinice sv. Kl\u00e1ry v pra\u017esk\u00e9 Botanick\u00e9 zahrad\u011b. Zna\u010dka zde p\u0159ipomn\u011bla ji\u017e v\u00edce ne\u017e dvoulet\u00e9 partnerstv\u00ed s trojskou zahradou.<\/strong> <!--more--><\/p>\n<p>Na z\u00e1stupce m\u00e9di\u00ed tu \u010dekalo degusta\u010dn\u00ed menu s p\u00e1rovan\u00fdmi v\u00edny z m\u00edstn\u00ed produkce. Partnerstv\u00ed Hyundaie botanick\u00e9 zahrady bylo ozn\u00e1meno v \u010dervenci 2021 p\u0159i p\u0159\u00edle\u017eitosti uveden\u00ed nov\u00e9ho elektromobilu IONIQ 5 na \u010desk\u00fd trh.<\/p>\n<figure id=\"attachment_857\" aria-describedby=\"caption-attachment-857\" style=\"width: 900px\" class=\"wp-caption alignnone\"><img loading=\"lazy\" decoding=\"async\" class=\"size-medium wp-image-857\" src=\"http:\/\/www.automakers.cz\/wp-content\/uploads\/2023\/12\/Hyundai-Pavlicek-Tresl-900x675.jpg\" alt=\"\" width=\"900\" height=\"675\" srcset=\"https:\/\/www.automakers.cz\/wp-content\/uploads\/2023\/12\/Hyundai-Pavlicek-Tresl-900x675.jpg 900w, https:\/\/www.automakers.cz\/wp-content\/uploads\/2023\/12\/Hyundai-Pavlicek-Tresl-1024x768.jpg 1024w, https:\/\/www.automakers.cz\/wp-content\/uploads\/2023\/12\/Hyundai-Pavlicek-Tresl-768x576.jpg 768w, https:\/\/www.automakers.cz\/wp-content\/uploads\/2023\/12\/Hyundai-Pavlicek-Tresl-1536x1152.jpg 1536w, https:\/\/www.automakers.cz\/wp-content\/uploads\/2023\/12\/Hyundai-Pavlicek-Tresl.jpg 2040w\" sizes=\"auto, (max-width: 900px) 100vw, 900px\" \/><figcaption id=\"caption-attachment-857\" class=\"wp-caption-text\">Novin\u00e1\u0159e p\u0159iv\u00edtali v z\u00e1zem\u00ed vinice mana\u017ee\u0159i importu David Pavl\u00ed\u010dek a Marek Tre\u0161l<\/figcaption><\/figure>\n<p>&#8222;Uzav\u0159en\u00ed partnerstv\u00ed odr\u00e1\u017e\u00ed snahy zna\u010dky Hyundai o trvale udr\u017eitelnou mobilitu a ochranu \u017eivotn\u00edho prost\u0159ed\u00ed. Z\u00e1chrana rostlinn\u00e9ho genofondu a p\u00e9\u010de o \u017eivotn\u00ed prost\u0159ed\u00ed a p\u0159\u00edrodn\u00ed bohatstv\u00ed v pod\u00e1n\u00ed Botanick\u00e9 zahrady Praha jsou s touto viz\u00ed v jasn\u00e9m souladu,&#8220; p\u0159ipomn\u011bl Saitz.<\/p>\n<p><img loading=\"lazy\" decoding=\"async\" class=\"alignnone size-medium wp-image-856\" src=\"http:\/\/www.automakers.cz\/wp-content\/uploads\/2023\/12\/Hyundai-Klara-vanoce-900x675.jpg\" alt=\"\" width=\"900\" height=\"675\" srcset=\"https:\/\/www.automakers.cz\/wp-content\/uploads\/2023\/12\/Hyundai-Klara-vanoce-900x675.jpg 900w, https:\/\/www.automakers.cz\/wp-content\/uploads\/2023\/12\/Hyundai-Klara-vanoce-1024x768.jpg 1024w, https:\/\/www.automakers.cz\/wp-content\/uploads\/2023\/12\/Hyundai-Klara-vanoce-768x576.jpg 768w, https:\/\/www.automakers.cz\/wp-content\/uploads\/2023\/12\/Hyundai-Klara-vanoce-1536x1152.jpg 1536w, https:\/\/www.automakers.cz\/wp-content\/uploads\/2023\/12\/Hyundai-Klara-vanoce.jpg 2040w\" sizes=\"auto, (max-width: 900px) 100vw, 900px\" \/><\/p>\n<p>\u201eV r\u00e1mci glob\u00e1ln\u00ed strategie na\u0161\u00ed zna\u010dky \u201aPokrok pro lidstvo\u2018 kombinujeme snahu o trvale udr\u017eitelnou mobilitu s ochranou \u017eivotn\u00edho prost\u0159ed\u00ed. Partnerstv\u00ed s Botanickou zahradou Praha n\u00e1m tak od sam\u00e9ho za\u010d\u00e1tku d\u00e1v\u00e1 perfektn\u00ed smysl. V\u011b\u0159\u00edm, \u017ee z\u00e1stupci Botanick\u00e9 zahrady Praha jsou s elektromobily na\u0161\u00ed zna\u010dky spokojen\u00ed,\u201c uvedl gener\u00e1ln\u00ed \u0159editel Hyundai Motor Czech.<\/p>\n<p><strong>Zdroj: Erich Handl, Troja<\/strong><\/p>\n<p><img loading=\"lazy\" decoding=\"async\" class=\"alignnone size-medium wp-image-860\" src=\"http:\/\/www.automakers.cz\/wp-content\/uploads\/2023\/12\/Hyundai-Klara-vinicni-stul-Handl-900x675.jpg\" alt=\"\" width=\"900\" height=\"675\" srcset=\"https:\/\/www.automakers.cz\/wp-content\/uploads\/2023\/12\/Hyundai-Klara-vinicni-stul-Handl-900x675.jpg 900w, https:\/\/www.automakers.cz\/wp-content\/uploads\/2023\/12\/Hyundai-Klara-vinicni-stul-Handl-1024x768.jpg 1024w, https:\/\/www.automakers.cz\/wp-content\/uploads\/2023\/12\/Hyundai-Klara-vinicni-stul-Handl-768x576.jpg 768w, https:\/\/www.automakers.cz\/wp-content\/uploads\/2023\/12\/Hyundai-Klara-vinicni-stul-Handl-1536x1152.jpg 1536w, https:\/\/www.automakers.cz\/wp-content\/uploads\/2023\/12\/Hyundai-Klara-vinicni-stul-Handl.jpg 2040w\" sizes=\"auto, (max-width: 900px) 100vw, 900px\" \/><\/p>\n","protected":false},"excerpt":{"rendered":"<p>\u0160\u00e9f Hyundai Motor Czech Martin Saitz sezval novin\u00e1\u0159e na p\u0159edv\u00e1no\u010dn\u00ed ve\u010de\u0159i s veden\u00edm \u010desk\u00e9ho zastoupen\u00ed&#8230;<\/p>\n","protected":false},"author":1,"featured_media":854,"comment_status":"open","ping_status":"open","sticky":false,"template":"","format":"standard","meta":{"footnotes":""},"categories":[26,27,29],"tags":[],"class_list":["post-851","post","type-post","status-publish","format-standard","has-post-thumbnail","hentry","category-eventy","category-novinari","category-sponzoring"],"_links":{"self":[{"href":"https:\/\/www.automakers.cz\/index.php?rest_route=\/wp\/v2\/posts\/851","targetHints":{"allow":["GET"]}}],"collection":[{"href":"https:\/\/www.automakers.cz\/index.php?rest_route=\/wp\/v2\/posts"}],"about":[{"href":"https:\/\/www.automakers.cz\/index.php?rest_route=\/wp\/v2\/types\/post"}],"author":[{"embeddable":true,"href":"https:\/\/www.automakers.cz\/index.php?rest_route=\/wp\/v2\/users\/1"}],"replies":[{"embeddable":true,"href":"https:\/\/www.automakers.cz\/index.php?rest_route=%2Fwp%2Fv2%2Fcomments&post=851"}],"version-history":[{"count":5,"href":"https:\/\/www.automakers.cz\/index.php?rest_route=\/wp\/v2\/posts\/851\/revisions"}],"predecessor-version":[{"id":861,"href":"https:\/\/www.automakers.cz\/index.php?rest_route=\/wp\/v2\/posts\/851\/revisions\/861"}],"wp:featuredmedia":[{"embeddable":true,"href":"https:\/\/www.automakers.cz\/index.php?rest_route=\/wp\/v2\/media\/854"}],"wp:attachment":[{"href":"https:\/\/www.automakers.cz\/index.php?rest_route=%2Fwp%2Fv2%2Fmedia&parent=851"}],"wp:term":[{"taxonomy":"category","embeddable":true,"href":"https:\/\/www.automakers.cz\/index.php?rest_route=%2Fwp%2Fv2%2Fcategories&post=851"},{"taxonomy":"post_tag","embeddable":true,"href":"https:\/\/www.automakers.cz\/index.php?rest_route=%2Fwp%2Fv2%2Ftags&post=851"}],"curies":[{"name":"wp","href":"https:\/\/api.w.org\/{rel}","templated":true}]}}