{"id":8537,"date":"2024-11-04T10:36:26","date_gmt":"2024-11-04T10:36:26","guid":{"rendered":"https:\/\/www.automakers.cz\/?p=8537"},"modified":"2024-11-04T10:36:51","modified_gmt":"2024-11-04T10:36:51","slug":"redakce-forbesu-presidli-do-moccy","status":"publish","type":"post","link":"https:\/\/www.automakers.cz\/?p=8537","title":{"rendered":"Redakce Forbesu p\u0159es\u00eddl\u00ed do budovy Mocca"},"content":{"rendered":"<p><strong>Nov\u00fdm s\u00eddlem \u010desk\u00e9ho vydavatelstv\u00ed MediaRey, kter\u00e9 stoj\u00ed za \u010deskou edic\u00ed byznysov\u00e9ho \u010dasopisu <em>Forbes<\/em>, bude Mocca Rezidence, kter\u00e1 vznik\u00e1 kolem pra\u017esk\u00e9 O2 areny na pomez\u00ed Libn\u011b a\u00a0Vyso\u010dan.<\/strong><!--more--><\/p>\n<p>Tam medi\u00e1ln\u00ed firma kupuje prostor v\u00a0prvn\u00edm nadzemn\u00edm podla\u017e\u00ed, s\u00a0v\u00fdhledem na Sokolovskou ulici a\u00a0do parku Podvin\u00ed, o\u00a0velikosti 699 metr\u016f \u010dtvere\u010dn\u00edch. Prod\u00e1vaj\u00edc\u00edm je\u00a0<em><strong>Penta Real Estate<\/strong><\/em>, realitn\u00ed divize investi\u010dn\u00ed skupiny\u00a0<em><strong>Penta<\/strong><\/em>. Kupn\u00ed cena nebyla zve\u0159ejn\u011bna, pohybuje se ale v\u00a0\u0159\u00e1du des\u00edtek milion\u016f korun.<\/p>\n<p>Prostory budou slou\u017eit jako budouc\u00ed redakce a\u00a0z\u00e1zem\u00ed pro vydavatelstv\u00ed a\u00a0z\u00e1rove\u0148 zde vznikne meeting point \u010desk\u00e9ho Forbesu. Kapacita cel\u00e9ho prostoru po\u010d\u00edt\u00e1 s\u00a050 a\u017e 60 zam\u011bstnanci. MediaRey prostor kupuje ve stavu shell &amp;\u00a0core a\u00a0pl\u00e1nuje jej dotvo\u0159it s\u00a0architektem. \u201eStyl interi\u00e9ru by m\u011bl nav\u00e1zat na industri\u00e1ln\u00ed r\u00e1z cel\u00e9ho projektu,\u201c ozn\u00e1mila medi\u00e1ln\u00ed firma. Stavebn\u00ed pr\u00e1ce byly zah\u00e1jeny letos v\u00a0z\u00e1\u0159\u00ed, dokon\u010den\u00ed v\u00fdstavby je pl\u00e1nov\u00e1no na p\u0159elom let 2026 a\u00a02027.<\/p>\n<p>Forbes nyn\u00ed s\u00eddl\u00ed v\u00a0office parku Meteor v\u00a0Karl\u00edn\u011b na Sokolovsk\u00e9, p\u0159edt\u00edm byl v\u00a0Revolu\u010dn\u00ed. \u201ePo t\u0159in\u00e1cti letech v\u00a0\u010cesku jsme se ze dvou zam\u011bstnanc\u016f rozrostli na v\u00edce ne\u017e pades\u00e1t a\u00a0stali jsme se nej\u010dten\u011bj\u0161\u00edm byznys m\u00e9diem v\u00a0zemi, kter\u00e9 p\u0159in\u00e1\u0161\u00ed p\u0159\u00edb\u011bhy v\u00a0ti\u0161t\u011bn\u00e9m Forbesu, online na Forbes.cz i\u00a0prost\u0159ednictv\u00edm event\u016f. Za\u010dali jsme proto poci\u0165ovat pot\u0159ebu opravdu kvalitn\u00edho z\u00e1zem\u00ed,\u201c vysv\u011btluje\u00a0<strong>Erik Conrad<\/strong>, zakladatel \u010desk\u00e9ho Forbesu.<\/p>\n<p>V m\u011bstsk\u00e9m bloku, kde nyn\u00ed projekt Mocca vznik\u00e1, st\u00e1vala pra\u017e\u00edrna k\u00e1vy. Mocca Rezidence je z\u00a0v\u011bt\u0161\u00ed \u010d\u00e1sti tvo\u0159en nov\u00fdmi byty, jde o\u00a0celkem o\u00a0290 jednotek, s\u00a0uzav\u0159en\u00fdm vnitroblokem pln\u00fdm zelen\u011b.<\/p>\n<p><strong>Zdroj: mediar.cz<\/strong><\/p>\n","protected":false},"excerpt":{"rendered":"<p>Nov\u00fdm s\u00eddlem \u010desk\u00e9ho vydavatelstv\u00ed MediaRey, kter\u00e9 stoj\u00ed za \u010deskou edic\u00ed byznysov\u00e9ho \u010dasopisu Forbes, bude Mocca&#8230;<\/p>\n","protected":false},"author":1,"featured_media":8538,"comment_status":"closed","ping_status":"closed","sticky":false,"template":"","format":"standard","meta":{"footnotes":""},"categories":[49,27],"tags":[],"class_list":["post-8537","post","type-post","status-publish","format-standard","has-post-thumbnail","hentry","category-media","category-novinari"],"_links":{"self":[{"href":"https:\/\/www.automakers.cz\/index.php?rest_route=\/wp\/v2\/posts\/8537","targetHints":{"allow":["GET"]}}],"collection":[{"href":"https:\/\/www.automakers.cz\/index.php?rest_route=\/wp\/v2\/posts"}],"about":[{"href":"https:\/\/www.automakers.cz\/index.php?rest_route=\/wp\/v2\/types\/post"}],"author":[{"embeddable":true,"href":"https:\/\/www.automakers.cz\/index.php?rest_route=\/wp\/v2\/users\/1"}],"replies":[{"embeddable":true,"href":"https:\/\/www.automakers.cz\/index.php?rest_route=%2Fwp%2Fv2%2Fcomments&post=8537"}],"version-history":[{"count":2,"href":"https:\/\/www.automakers.cz\/index.php?rest_route=\/wp\/v2\/posts\/8537\/revisions"}],"predecessor-version":[{"id":8541,"href":"https:\/\/www.automakers.cz\/index.php?rest_route=\/wp\/v2\/posts\/8537\/revisions\/8541"}],"wp:featuredmedia":[{"embeddable":true,"href":"https:\/\/www.automakers.cz\/index.php?rest_route=\/wp\/v2\/media\/8538"}],"wp:attachment":[{"href":"https:\/\/www.automakers.cz\/index.php?rest_route=%2Fwp%2Fv2%2Fmedia&parent=8537"}],"wp:term":[{"taxonomy":"category","embeddable":true,"href":"https:\/\/www.automakers.cz\/index.php?rest_route=%2Fwp%2Fv2%2Fcategories&post=8537"},{"taxonomy":"post_tag","embeddable":true,"href":"https:\/\/www.automakers.cz\/index.php?rest_route=%2Fwp%2Fv2%2Ftags&post=8537"}],"curies":[{"name":"wp","href":"https:\/\/api.w.org\/{rel}","templated":true}]}}