{"id":8595,"date":"2024-11-06T08:33:53","date_gmt":"2024-11-06T08:33:53","guid":{"rendered":"https:\/\/www.automakers.cz\/?p=8595"},"modified":"2024-11-06T08:34:26","modified_gmt":"2024-11-06T08:34:26","slug":"novak-slibuje-pro-e-salon-cupru-terramar","status":"publish","type":"post","link":"https:\/\/www.automakers.cz\/?p=8595","title":{"rendered":"Nov\u00e1k pos\u00edl\u00e1 na e-SALON Cupru Terramar"},"content":{"rendered":"<p><strong>\u0160\u00e9f zna\u010dky CUPRA Ale\u0161 Nov\u00e1k pos\u00edl\u00e1 na nadch\u00e1zej\u00edc\u00ed veletrh \u010dist\u00e9 mobility e-SALON 2024 nov\u00e9 sportovn\u00ed SUV Terramar ve verzi VZ e-HYBRID s plug-in hybridn\u00edm pohonem o v\u00fdkonu 200 kW (272 k).<\/strong><!--more--><\/p>\n<p>\u201eM\u00e1m velkou radost, \u017ee m\u016f\u017eeme \u010desk\u00e9 ve\u0159ejnosti poprv\u00e9 p\u0159edstavit na\u017eivo na\u0161e nov\u00e9 sportovn\u00ed SUV CUPRA Terramar s\u00a0v\u00fdkonn\u00fdm a sou\u010dasn\u011b hospod\u00e1rn\u00fdm plug-in hybridn\u00edm pohonem e-HYBRID,\u201c\u00a0\u0159\u00edk\u00e1 Ale\u0161 Nov\u00e1k, \u0159editel divize CUPRA spole\u010dnosti Porsche \u010cesk\u00e1 republika, a dod\u00e1v\u00e1:<\/p>\n<p>\u201eTerramar tak kr\u00e1\u010d\u00ed ve \u0161l\u00e9p\u011bj\u00edch letos p\u0159edstaven\u00fdch modernizovan\u00fdch model\u016f Leon a Formentor, kter\u00e9 jsou rovn\u011b\u017e k\u00a0dispozici s\u00a0extern\u011b nab\u00edjiteln\u00fdm hybridn\u00edm pohonem. Na\u0161e verze e-HYBRID nab\u00edzej\u00ed to nejlep\u0161\u00ed z\u00a0obou sv\u011bt\u016f \u2013 emoce a dlouh\u00fd dojezd spalovac\u00edho motoru i mimo\u0159\u00e1dnou efektivitu a komfort elektromobilu. Stejn\u011b jako ostatn\u00ed modely CUPRA nab\u00edz\u00ed i nov\u00fd Terramar sofistikovan\u00fd design a pr\u00e9miovou v\u00fdbavu za mimo\u0159\u00e1dn\u011b atraktivn\u00ed ceny.\u201c<\/p>\n<p><img loading=\"lazy\" decoding=\"async\" class=\"alignnone size-medium wp-image-2260\" src=\"http:\/\/www.automakers.cz\/wp-content\/uploads\/2024\/02\/Ales-Novak-900x601.jpg\" alt=\"\" width=\"900\" height=\"601\" srcset=\"https:\/\/www.automakers.cz\/wp-content\/uploads\/2024\/02\/Ales-Novak-900x601.jpg 900w, https:\/\/www.automakers.cz\/wp-content\/uploads\/2024\/02\/Ales-Novak-1024x683.jpg 1024w, https:\/\/www.automakers.cz\/wp-content\/uploads\/2024\/02\/Ales-Novak-768x513.jpg 768w, https:\/\/www.automakers.cz\/wp-content\/uploads\/2024\/02\/Ales-Novak-1536x1025.jpg 1536w, https:\/\/www.automakers.cz\/wp-content\/uploads\/2024\/02\/Ales-Novak-2048x1367.jpg 2048w\" sizes=\"auto, (max-width: 900px) 100vw, 900px\" \/>V expozici zna\u010dky CUPRA vystaven\u00fd Terramar VZ e-HYBRID nadchne podle Ale\u0161e Nov\u00e1ka nejen sportovn\u00edm designem s pr\u00e9miov\u00fdm charakterem, d\u016frazem na aerodynamiku a inovativn\u00edmi sv\u011bteln\u00fdmi prvky, ale tak\u00e9 \u0161pi\u010dkov\u00fdmi technick\u00fdmi parametry, kter\u00e9 umo\u017e\u0148uj\u00ed dynamickou j\u00edzdu a n\u00edzkou spot\u0159ebu paliva.<\/p>\n<p>Terramar VZ e-Hybrid dok\u00e1\u017ee zrychlit z 0 na 100 km\/h za m\u00e9n\u011b ne\u017e 5 sekund. Vyu\u017eiteln\u00e1 kapacita akumul\u00e1torov\u00e9 baterie 19,7 kWh posta\u010duje k ujet\u00ed a\u017e 121 km na jedno nabit\u00ed v \u010dist\u011b elektrick\u00e9m re\u017eimu. Terramar se tak dok\u00e1\u017ee stisknut\u00edm tla\u010d\u00edtka prom\u011bnit v tich\u00fd a hospod\u00e1rn\u00fd elektromobil s nulov\u00fdmi lok\u00e1ln\u00edmi emisemi.<\/p>\n<p><img loading=\"lazy\" decoding=\"async\" class=\"alignnone size-medium wp-image-6965\" src=\"http:\/\/www.automakers.cz\/wp-content\/uploads\/2024\/09\/CUPRA_Terramar_EXT_02-small-2-900x506.jpg\" alt=\"\" width=\"900\" height=\"506\" srcset=\"https:\/\/www.automakers.cz\/wp-content\/uploads\/2024\/09\/CUPRA_Terramar_EXT_02-small-2-900x506.jpg 900w, https:\/\/www.automakers.cz\/wp-content\/uploads\/2024\/09\/CUPRA_Terramar_EXT_02-small-2-1024x576.jpg 1024w, https:\/\/www.automakers.cz\/wp-content\/uploads\/2024\/09\/CUPRA_Terramar_EXT_02-small-2-768x432.jpg 768w, https:\/\/www.automakers.cz\/wp-content\/uploads\/2024\/09\/CUPRA_Terramar_EXT_02-small-2-1536x864.jpg 1536w\" sizes=\"auto, (max-width: 900px) 100vw, 900px\" \/>Interi\u00e9ru nov\u00e9ho modelu Terramar dominuje modern\u00ed informa\u010dn\u00ed a z\u00e1bavn\u00ed syst\u00e9m s velkou dotykovou obrazovkou o \u00fahlop\u0159\u00ed\u010dce 12,9 palce a k p\u0159\u00edjemn\u00e9 j\u00edzd\u011b v ka\u017edodenn\u00edm provozu i p\u0159i p\u0159ekon\u00e1v\u00e1n\u00ed dlouh\u00fdch vzd\u00e1lenost\u00ed p\u0159isp\u00edv\u00e1 zcela nov\u00e1 audiotechnika od spole\u010dnosti Sennheiser Mobility s v\u00fdkonem, kter\u00e1 pohlad\u00ed i sluch n\u00e1ro\u010dn\u00fdch audiofil\u016f.<\/p>\n<p><strong>Cena od 1,1 milionu korun<\/strong><\/p>\n<p>Nov\u00fd Terramar za\u010d\u00edn\u00e1 na 1 084 900 K\u010d. Jeho v\u00fdbava zahrnuje nejnov\u011bj\u0161\u00ed asisten\u010dn\u00ed syst\u00e9my v\u010detn\u011b adaptivn\u00edho tempomatu a syst\u00e9mu automatick\u00e9ho nouzov\u00e9ho brzd\u011bn\u00ed. Zcela nov\u00e1 CUPRA Terramar tak zt\u011bles\u0148uje spojen\u00ed vysok\u00e9ho v\u00fdkonu, udr\u017eiteln\u00e9 mobility a pr\u00e9miov\u00e9ho komfortu.<\/p>\n<p>Pod\u00edl elektrifikovan\u00fdch pohon\u016f v nab\u00eddce zna\u010dky CUPRA postupn\u011b roste nap\u0159\u00ed\u010d produktovou \u0159adou. S plug-in hybridn\u00edm pohonem e-HYBRID si mohou z\u00e1kazn\u00edci nakonfigurovat nejen Terramar, ale i Formentor, sportovn\u00ed hatchback Leon nebo rychl\u00e9 rodinn\u00e9 kombi Leon Sportstourer.<\/p>\n<p><img loading=\"lazy\" decoding=\"async\" class=\"alignnone size-medium wp-image-664\" src=\"http:\/\/www.automakers.cz\/wp-content\/uploads\/2023\/12\/03_CUPRA-Born-novy-typ-elektromobilu-ve-fleetu-Skupiny-CEZ-small-900x600.jpg\" alt=\"\" width=\"900\" height=\"600\" srcset=\"https:\/\/www.automakers.cz\/wp-content\/uploads\/2023\/12\/03_CUPRA-Born-novy-typ-elektromobilu-ve-fleetu-Skupiny-CEZ-small-900x600.jpg 900w, https:\/\/www.automakers.cz\/wp-content\/uploads\/2023\/12\/03_CUPRA-Born-novy-typ-elektromobilu-ve-fleetu-Skupiny-CEZ-small-1024x683.jpg 1024w, https:\/\/www.automakers.cz\/wp-content\/uploads\/2023\/12\/03_CUPRA-Born-novy-typ-elektromobilu-ve-fleetu-Skupiny-CEZ-small-768x512.jpg 768w, https:\/\/www.automakers.cz\/wp-content\/uploads\/2023\/12\/03_CUPRA-Born-novy-typ-elektromobilu-ve-fleetu-Skupiny-CEZ-small-1536x1024.jpg 1536w, https:\/\/www.automakers.cz\/wp-content\/uploads\/2023\/12\/03_CUPRA-Born-novy-typ-elektromobilu-ve-fleetu-Skupiny-CEZ-small-2048x1365.jpg 2048w\" sizes=\"auto, (max-width: 900px) 100vw, 900px\" \/>CUPRA je zastoupena rovn\u011b\u017e v segmentu elektromobil\u016f, a to kompaktn\u00edm modelem Born, kter\u00fd je nov\u011b nab\u00edzen tak\u00e9 ve sportovn\u00ed verzi VZ. CUPRA nab\u00edz\u00ed ke sv\u00fdm elektrifikovan\u00fdm model\u016fm komplexn\u00ed z\u00e1kaznick\u00e9 slu\u017eby od poradenstv\u00ed v oblasti elektromobility p\u0159es v\u00fdhodn\u00e9 financov\u00e1n\u00ed a\u017e po chytr\u00e9 nab\u00edje\u010dky pro nab\u00edjen\u00ed doma nebo ve firemn\u00edm are\u00e1lu.<\/p>\n<p><img loading=\"lazy\" decoding=\"async\" class=\"alignnone size-medium wp-image-3742\" src=\"http:\/\/www.automakers.cz\/wp-content\/uploads\/2024\/04\/CUPRA-Krumlov-garage-900x600.jpg\" alt=\"\" width=\"900\" height=\"600\" srcset=\"https:\/\/www.automakers.cz\/wp-content\/uploads\/2024\/04\/CUPRA-Krumlov-garage-900x600.jpg 900w, https:\/\/www.automakers.cz\/wp-content\/uploads\/2024\/04\/CUPRA-Krumlov-garage-1024x683.jpg 1024w, https:\/\/www.automakers.cz\/wp-content\/uploads\/2024\/04\/CUPRA-Krumlov-garage-768x512.jpg 768w, https:\/\/www.automakers.cz\/wp-content\/uploads\/2024\/04\/CUPRA-Krumlov-garage.jpg 1275w\" sizes=\"auto, (max-width: 900px) 100vw, 900px\" \/><strong>Nov\u00e9 showroomy CUPRA Garage<\/strong><\/p>\n<p>Z\u00e1kazn\u00edci se mohou s nev\u0161edn\u00edm sv\u011btem zna\u010dky CUPRA sezn\u00e1mit nejen v jej\u00ed\u00a0expozici na veletrhu e-SALON 2024, ale tak\u00e9 v exkluzivn\u00edch showroomech CUPRA Garage. Letos byly v \u010cesk\u00e9 republice otev\u0159eny ji\u017e \u010dty\u0159i nov\u00e9 showroomy CUPRA Garage \u2013 ve Znojm\u011b, \u010cesk\u00e9m Krumlov\u011b, Brn\u011b a Olomouci. Slavnostn\u00ed otev\u0159en\u00ed p\u00e1t\u00e9ho leto\u0161n\u00edho showroomu CUPRA Garage je pl\u00e1nov\u00e1no na 20. listopadu v Praze (Pyramida Pr\u016fhonice).<\/p>\n<p><img loading=\"lazy\" decoding=\"async\" class=\"alignnone size-medium wp-image-268\" src=\"http:\/\/www.automakers.cz\/wp-content\/uploads\/2023\/11\/eSalon-Vchod-e1699953457942-900x638.jpg\" alt=\"\" width=\"900\" height=\"638\" srcset=\"https:\/\/www.automakers.cz\/wp-content\/uploads\/2023\/11\/eSalon-Vchod-e1699953457942-900x638.jpg 900w, https:\/\/www.automakers.cz\/wp-content\/uploads\/2023\/11\/eSalon-Vchod-e1699953457942-1024x725.jpg 1024w, https:\/\/www.automakers.cz\/wp-content\/uploads\/2023\/11\/eSalon-Vchod-e1699953457942-768x544.jpg 768w, https:\/\/www.automakers.cz\/wp-content\/uploads\/2023\/11\/eSalon-Vchod-e1699953457942-1536x1088.jpg 1536w, https:\/\/www.automakers.cz\/wp-content\/uploads\/2023\/11\/eSalon-Vchod-e1699953457942.jpg 2040w\" sizes=\"auto, (max-width: 900px) 100vw, 900px\" \/><strong>e-SALON 2024<\/strong><\/p>\n<p>\u0160est\u00fd ro\u010dn\u00edk veletrhu \u010dist\u00e9 mobility, technologi\u00ed a \u0159e\u0161en\u00ed pro elektromobilitu e-SALON se uskute\u010dn\u00ed na v\u00fdstavi\u0161ti PVA EXPO PRAHA v\u00a0Let\u0148anech od 7.\u00a0listopadu do 10. listopadu 2024. N\u00e1v\u0161t\u011bvn\u00edci se mohou na jednom m\u00edst\u011b sezn\u00e1mit s nejnov\u011bj\u0161\u00edmi automobily vybaven\u00fdmi elektrick\u00fdmi, hybridn\u00edmi a dal\u0161\u00edmi ekologick\u00fdmi pohony, a to v\u010detn\u011b zku\u0161ebn\u00edch j\u00edzd. Sou\u010d\u00e1st\u00ed veletrhu je tak\u00e9 oborov\u00e1 sekce e-TECHNOLOGY zam\u011b\u0159en\u00e1 na dopl\u0148kov\u00e9 technologie a \u0159e\u0161en\u00ed pro \u010distou mobilitu.<\/p>\n<p><strong>Zdroj: CUPRA<\/strong><\/p>\n","protected":false},"excerpt":{"rendered":"<p>\u0160\u00e9f zna\u010dky CUPRA Ale\u0161 Nov\u00e1k pos\u00edl\u00e1 na nadch\u00e1zej\u00edc\u00ed veletrh \u010dist\u00e9 mobility e-SALON 2024 nov\u00e9 sportovn\u00ed&#8230;<\/p>\n","protected":false},"author":1,"featured_media":8597,"comment_status":"closed","ping_status":"closed","sticky":false,"template":"","format":"standard","meta":{"footnotes":""},"categories":[83,11,8],"tags":[],"class_list":["post-8595","post","type-post","status-publish","format-standard","has-post-thumbnail","hentry","category-hybridy","category-importeri","category-vystavy"],"_links":{"self":[{"href":"https:\/\/www.automakers.cz\/index.php?rest_route=\/wp\/v2\/posts\/8595","targetHints":{"allow":["GET"]}}],"collection":[{"href":"https:\/\/www.automakers.cz\/index.php?rest_route=\/wp\/v2\/posts"}],"about":[{"href":"https:\/\/www.automakers.cz\/index.php?rest_route=\/wp\/v2\/types\/post"}],"author":[{"embeddable":true,"href":"https:\/\/www.automakers.cz\/index.php?rest_route=\/wp\/v2\/users\/1"}],"replies":[{"embeddable":true,"href":"https:\/\/www.automakers.cz\/index.php?rest_route=%2Fwp%2Fv2%2Fcomments&post=8595"}],"version-history":[{"count":4,"href":"https:\/\/www.automakers.cz\/index.php?rest_route=\/wp\/v2\/posts\/8595\/revisions"}],"predecessor-version":[{"id":8599,"href":"https:\/\/www.automakers.cz\/index.php?rest_route=\/wp\/v2\/posts\/8595\/revisions\/8599"}],"wp:featuredmedia":[{"embeddable":true,"href":"https:\/\/www.automakers.cz\/index.php?rest_route=\/wp\/v2\/media\/8597"}],"wp:attachment":[{"href":"https:\/\/www.automakers.cz\/index.php?rest_route=%2Fwp%2Fv2%2Fmedia&parent=8595"}],"wp:term":[{"taxonomy":"category","embeddable":true,"href":"https:\/\/www.automakers.cz\/index.php?rest_route=%2Fwp%2Fv2%2Fcategories&post=8595"},{"taxonomy":"post_tag","embeddable":true,"href":"https:\/\/www.automakers.cz\/index.php?rest_route=%2Fwp%2Fv2%2Ftags&post=8595"}],"curies":[{"name":"wp","href":"https:\/\/api.w.org\/{rel}","templated":true}]}}