{"id":8602,"date":"2024-11-06T08:46:23","date_gmt":"2024-11-06T08:46:23","guid":{"rendered":"https:\/\/www.automakers.cz\/?p=8602"},"modified":"2024-11-06T09:44:33","modified_gmt":"2024-11-06T09:44:33","slug":"rijnove-prodeje-aut-nejvyssi-od-roku-2017","status":"publish","type":"post","link":"https:\/\/www.automakers.cz\/?p=8602","title":{"rendered":"\u0158\u00edjnov\u00e9 prodeje aut nejvy\u0161\u0161\u00ed od roku 2017"},"content":{"rendered":"<p><strong>\u0158\u00edjnov\u00e9 prodeje osobn\u00edch automobil\u016f byly letos nejvy\u0161\u0161\u00ed od roku 2017. Meziro\u010dn\u011b vzrostly o 9 % (celoro\u010dn\u00ed n\u00e1r\u016fst \u010din\u00ed 3,3 %). <\/strong><strong>LUV v \u0159\u00edjnu naopak zaznamenaly pokles o 35,67 %, celoro\u010dn\u011b se v\u0161ak dr\u017e\u00ed na podobn\u00fdch \u010d\u00edslech jako loni.\u00a0 Zb\u00fdvaj\u00edc\u00ed kategorie jsou v \u0159\u00edjnu na podobn\u00fdch \u010d\u00edslech jako v minul\u00e9m roce.<\/strong><!--more--><\/p>\n<p>Pod\u00edl pln\u011b elektrick\u00fdch osobn\u00edch automobil\u016f letos narostl na 4,51 %. Ve statistik\u00e1ch dov\u00e1\u017een\u00fdch ojet\u00fdch vozidel nov\u011b uv\u00e1d\u00edme rozd\u011blen\u00ed dle paliva, z n\u011bho\u017e vypl\u00fdv\u00e1, \u017ee nejv\u011bt\u0161\u00ed pod\u00edl u OA m\u00e1 nafta (51,64 %).<\/p>\n<p>V obdob\u00ed 1\u201310 \/2024 bylo v \u010cR registrov\u00e1no celkem 193 069 nov\u00fdch osobn\u00edch automobil\u016f, 18 314 lehk\u00fdch u\u017eitkov\u00fdch automobil\u016f, 980 autobus\u016f, 7 675 n\u00e1kladn\u00edch vozidel, 26 813 motocykl\u016f. Za stejn\u00e9 obdob\u00ed minul\u00e9ho roku to bylo 186 886 osobn\u00edch automobil\u016f, 18 350 lehk\u00fdch u\u017eitkov\u00fdch automobil\u016f, 613 autobus\u016f, 8 751 n\u00e1kladn\u00edch vozidel a 24 955 motocykl\u016f.<\/p>\n<p>Celkov\u011b registrace nov\u00fdch osobn\u00edch automobil\u016f proti 1\u201310\/2023 vzrostly o 3,31 % (ze 186 886 ks na 193 069 ks, tj. o 6 183 ks). V \u0159\u00edjnu meziro\u010dn\u011b vzrostly o 9,05 %.<\/p>\n<p>Na prvn\u00edm m\u00edst\u011b je zna\u010dka \u0160koda s 66 334 registrovan\u00fdmi osobn\u00edmi vozy (34,36 %), n\u00e1sleduj\u00ed Hyundai \u2013 17 374 ks (9,00 %), Toyota \u2013 15 679 ks (8,12 %), Volkswagen \u2013 12 835 ks (6,65 %), Kia \u2013 8 829 ks (4,57 %), Dacia \u2013 7 291 ks (3,78 %), Mercedes-Benz \u2013 6 658 ks (3,45 %), Ford \u2013 5 231 ks (2,71 %), BMW \u2013 4 575 ks (2,37 %), Peugeot \u2013 4 426 ks (2,29 %), atd.<\/p>\n<p>Nejprod\u00e1van\u011bj\u0161\u00edmi osobn\u00edmi automobily jsou \u0160koda OCTAVIA s 17 096 ks (8,85 %), d\u00e1le \u0160koda KAROQ \u2013 9 346 ks (4,84 %), \u0160koda KODIAQ \u2013 8 758 ks (4,54 %), \u0160koda KAMIQ \u2013 8 164 ks (4,23 %), \u0160koda SCALA \u2013 7 973 ks (4,13 %), Hyundai i30 \u2013 7 554 ks (3,91 %), \u0160koda FABIA \u2013 7 389 ks (3,83 %), \u0160koda SUPERB \u2013 6 321 ks (3,27 %), Hyundai TUCSON \u2013 4 759 ks (2,46 %), Kia CEED \u2013 3 919 ks (2,03 %), atd.<\/p>\n<p>Z pohledu obchodn\u00edch t\u0159\u00edd jsou na prvn\u00edm m\u00edst\u011b SUV s 93 553 registrovan\u00fdmi vozy (48,46 %). V \u0159\u00edjnu byl jejich pod\u00edl dokonce 51,29 %. Z hlediska paliva vede benz\u00edn s 65,48 %, pod\u00edl nafty z\u016fst\u00e1v\u00e1 nad 25 %.<\/p>\n<p>Registrace OA s alternativn\u00edm pohonem meziro\u010dn\u011b stouply o 30,32 % (ze 42 048 na 54 795 voz\u016f). Po\u010det registrovan\u00fdch elektromobil\u016f narostl o 62,33 % (z 5 363 na 8 706). Hybridn\u00ed vozy celkov\u011b meziro\u010dn\u011b vzrostly o 26,04 % (z 33 538 na 42 270 ks), z toho plug-in hybridy o 3,9 % (ze 4 745 na 4930 ks). Na celkov\u00e9m po\u010dtu registrovan\u00fdch OA se \u010dist\u011b elektrick\u00e9 vozy pod\u00edlej\u00ed 4,51 %, hybridn\u00ed 21,89 %. V \u0159\u00edjnu nejv\u00edce elektrick\u00fdch osobn\u00edch automobil\u016f prodaly zna\u010dky \u0160koda, Tesla, Volvo a<br \/>\nVW.<\/p>\n<p>Pod\u00edl firemn\u00edch automobil\u016f na registrac\u00edch byl 75 %, priv\u00e1tn\u00edch 25 %. Po\u010det dovezen\u00fdch ojet\u00fdch OA klesl meziro\u010dn\u011b o 9,4 % na 119 546 ks. Jejich pr\u016fm\u011brn\u00e9 st\u00e1\u0159\u00ed je 10,5 roku, p\u0159i\u010dem\u017e pod\u00edl vozidel star\u0161\u00edch 10 let \u010din\u00ed 49,17 %, star\u0161\u00edch 15 let je 23,23 %. Nejv\u00edce t\u011bchto voz\u016f je naftov\u00fdch &#8211; 51,64 % (benz\u00edn \u2013 41,92 %, elektro \u2013 2,59 %, plug-in hybrid \u2013 2,57 %, LPG \u2013<br \/>\n0,62 %, atd.).<\/p>\n<p><strong>Prudk\u00fd \u0159\u00edjnov\u00fd pokles z\u00e1jmu o LUV<\/strong><\/p>\n<p>Registrace lehk\u00fdch u\u017eitkov\u00fdch automobil\u016f zaznamenaly celkov\u011b pokles o 0,20 % (z 18 350 ks na 18 314 ks, tj. o 36 ks). V \u0159\u00edjnu klesly meziro\u010dn\u011b o 35,67 %.<\/p>\n<p>Prvn\u00ed je zna\u010dka Renault s 2 677 registrovan\u00fdmi vozy (14,62 %), n\u00e1sleduj\u00ed Ford \u2013 2 534 ks (13,84 %), Toyota \u2013 2 316 ks (12,65 %), Volkswagen \u2013 2 145 ks (11,71 %), Peugeot \u2013 1 427 ks (7,79 %), Opel \u2013 1 346 ks (7,35 %), Fiat \u2013 1 299 ks (7,09 %), Iveco \u2013 1 233 ks (6,73 %), Citro\u00ebn \u2013 1 204 ks (6,57 %), Mercedes-Benz \u2013 923 ks (5,04 %), atd.<\/p>\n<p><strong>Motorky letos tradi\u010dn\u011b rostly<\/strong><\/p>\n<p>Kategorie motocykl\u016f zaznamenala letos celkov\u011b n\u00e1r\u016fst o 7,45 % (z 24 955 ks na 26 813 ks, tj. o 1858 ks). V \u0159\u00edjnu klesly registrace meziro\u010dn\u011b o 1,78 %.<\/p>\n<p>Prvn\u00ed je zna\u010dka Honda s 6 295 registrovan\u00fdmi motocykly (23,48 %), n\u00e1sleduj\u00ed CF Moto \u2013 2 737 ks (10,21 %), Yamaha \u2013 1 813 ks (6,76 %), BMW \u2013 1 382 ks (5,15 %), KTM \u2013 1 115 ks (4,16 %), Aprilia \u2013 1 027 ks (3,83 %), Piaggio \u2013 912 ks (3,40 %), Maxon \u2013 867 ks (3,23 %), Kawasaki \u2013 826 ks (3,08 %), Kentoya \u2013 570 ks (2,13 %), atd.<\/p>\n<p><strong>Podrobn\u00e9 tabulky jsou uvedeny v sekci Statistika na http:\/\/portal.sda-cia.cz\/. <\/strong><br \/>\n<strong>Josef Pokorn\u00fd, tajemn\u00edk Svazu dovozc\u016f automobil\u016f<\/strong><\/p>\n<p><img loading=\"lazy\" decoding=\"async\" class=\"size-medium wp-image-2575\" src=\"http:\/\/www.automakers.cz\/wp-content\/uploads\/2024\/03\/Motosalon-Jawa-777x900.jpg\" alt=\"\" width=\"777\" height=\"900\" \/><\/p>\n","protected":false},"excerpt":{"rendered":"<p>\u0158\u00edjnov\u00e9 prodeje osobn\u00edch automobil\u016f byly letos nejvy\u0161\u0161\u00ed od roku 2017. Meziro\u010dn\u011b vzrostly o 9 %&#8230;<\/p>\n","protected":false},"author":1,"featured_media":7753,"comment_status":"closed","ping_status":"closed","sticky":false,"template":"","format":"standard","meta":{"footnotes":""},"categories":[11,48,10],"tags":[],"class_list":["post-8602","post","type-post","status-publish","format-standard","has-post-thumbnail","hentry","category-importeri","category-registrace","category-statistika"],"_links":{"self":[{"href":"https:\/\/www.automakers.cz\/index.php?rest_route=\/wp\/v2\/posts\/8602","targetHints":{"allow":["GET"]}}],"collection":[{"href":"https:\/\/www.automakers.cz\/index.php?rest_route=\/wp\/v2\/posts"}],"about":[{"href":"https:\/\/www.automakers.cz\/index.php?rest_route=\/wp\/v2\/types\/post"}],"author":[{"embeddable":true,"href":"https:\/\/www.automakers.cz\/index.php?rest_route=\/wp\/v2\/users\/1"}],"replies":[{"embeddable":true,"href":"https:\/\/www.automakers.cz\/index.php?rest_route=%2Fwp%2Fv2%2Fcomments&post=8602"}],"version-history":[{"count":3,"href":"https:\/\/www.automakers.cz\/index.php?rest_route=\/wp\/v2\/posts\/8602\/revisions"}],"predecessor-version":[{"id":8612,"href":"https:\/\/www.automakers.cz\/index.php?rest_route=\/wp\/v2\/posts\/8602\/revisions\/8612"}],"wp:featuredmedia":[{"embeddable":true,"href":"https:\/\/www.automakers.cz\/index.php?rest_route=\/wp\/v2\/media\/7753"}],"wp:attachment":[{"href":"https:\/\/www.automakers.cz\/index.php?rest_route=%2Fwp%2Fv2%2Fmedia&parent=8602"}],"wp:term":[{"taxonomy":"category","embeddable":true,"href":"https:\/\/www.automakers.cz\/index.php?rest_route=%2Fwp%2Fv2%2Fcategories&post=8602"},{"taxonomy":"post_tag","embeddable":true,"href":"https:\/\/www.automakers.cz\/index.php?rest_route=%2Fwp%2Fv2%2Ftags&post=8602"}],"curies":[{"name":"wp","href":"https:\/\/api.w.org\/{rel}","templated":true}]}}