{"id":863,"date":"2023-12-12T09:42:43","date_gmt":"2023-12-12T09:42:43","guid":{"rendered":"https:\/\/www.automakers.cz\/?p=863"},"modified":"2023-12-12T09:43:34","modified_gmt":"2023-12-12T09:43:34","slug":"economia-se-stehuje-z-karlina-do-holesovic","status":"publish","type":"post","link":"https:\/\/www.automakers.cz\/?p=863","title":{"rendered":"Economia se st\u011bhuje z Karl\u00edna do Hole\u0161ovic"},"content":{"rendered":"<p><strong>Medi\u00e1ln\u00ed d\u016fm Economia se p\u0159est\u011bhuje z Karl\u00edna do are\u00e1lu Port7, nejnov\u011bj\u0161\u00edho projektu Skansky na rekonstruovan\u00e9m vltavsk\u00e9m n\u00e1b\u0159e\u017e\u00ed v Praze Hole\u0161ovic\u00edch. <\/strong><!--more--><\/p>\n<p>Port7 prom\u011bnil b\u00fdval\u00fd brownfield v\u00a0nov\u00e9 centrum byznysu a komunitn\u00edho \u017eivota. Ofici\u00e1ln\u011b byl otev\u0159en v\u00a0z\u00e1\u0159\u00ed. Nab\u00edz\u00ed celkem 36 000 metr\u016f \u010dtvere\u010dn\u00edch modern\u00edch a udr\u017eiteln\u00fdch kancel\u00e1\u0159sk\u00fdch a\u00a0maloobchodn\u00edch prostor. Krom\u011b toho bude poskytovat pestr\u00fd mix slu\u017eeb, k nim\u017e pat\u0159\u00ed obchody, restaurace a fitness centrum s nonstop provozem, velk\u00fd ve\u0159ejn\u00fd park a\u00a0nov\u00e1 vltavsk\u00e1 promen\u00e1da\u00a0(N\u00e1plavka 2.0).<\/p>\n<p><strong>\u00a0<\/strong><em>\u201eHledali jsme s\u00eddlo, kter\u00e9 by bylo inspirativn\u00ed a dob\u0159e dostupn\u00e9. V r\u00e1mci cel\u00e9 \u0159ady event\u016f chceme v\u00edc a nap\u0159\u00edmo komunikovat s na\u0161imi p\u0159edplatiteli. M\u00e1me je v cel\u00e9m \u010cesku a chceme jim samoz\u0159ejm\u011b nab\u00eddnout i kr\u00e1sn\u00e9 prost\u0159ed\u00ed. Pr\u00e1v\u011b projekt Port7 splnil nejl\u00e9pe na\u0161e p\u0159edstavy a po\u017eadavky,\u201d <\/em>\u0159\u00edk\u00e1 Lenka \u010cern\u00e1, gener\u00e1ln\u00ed \u0159editelka a p\u0159edsedkyn\u011b p\u0159edstavenstva vydavatelstv\u00ed Economia.<\/p>\n<p><strong>Pr\u00e9miov\u00e1 lokalita na b\u0159ehu \u0159eky<\/strong><\/p>\n<p>Port7, nach\u00e1zej\u00edc\u00ed se na b\u0159ehu Vltavy, se stal magnetem pro spole\u010dnosti se zvu\u010dn\u00fdmi jm\u00e9ny, kter\u00e9 pro sv\u00e9 p\u016fsoben\u00ed hledaj\u00ed prvot\u0159\u00eddn\u00ed lokalitu se \u0161pi\u010dkov\u00fdm vybaven\u00edm. V\u00edce\u00fa\u010delov\u00fd komplex p\u0159itahuje n\u00e1jemce jedine\u010dnou kombinac\u00ed nejmodern\u011bj\u0161\u00edch kancel\u00e1\u0159sk\u00fdch prostor, vynikaj\u00edc\u00ed lokality a nov\u011b vybudovan\u00e9ho parku o rozloze 17 000 metr\u016f \u010dtvere\u010dn\u00edch.<\/p>\n<p>N\u00e1jemci oce\u0148uj\u00ed \u0159adu zabudovan\u00fdch udr\u017eiteln\u00fdch \u0159e\u0161en\u00ed, jako jsou nap\u0159\u00edklad zachyt\u00e1v\u00e1n\u00ed a op\u011btovn\u00e9 vyu\u017e\u00edv\u00e1n\u00ed de\u0161\u0165ov\u00e9 vody, \u00fa\u010dinn\u00e1 termoregulace a inteligentn\u00ed syst\u00e9m monitorov\u00e1n\u00ed budovy. D\u00edky nim se sni\u017euje spot\u0159eba energie o 43 % a spot\u0159eba pitn\u00e9 vody o\u00a0rovn\u00fdch 50 % v porovn\u00e1n\u00ed s b\u011b\u017en\u00fdmi budovami t\u00e9to velikosti (podle krit\u00e9ri\u00ed certifikace LEED).<\/p>\n<p><img loading=\"lazy\" decoding=\"async\" class=\"alignnone size-medium wp-image-865\" src=\"http:\/\/www.automakers.cz\/wp-content\/uploads\/2023\/12\/Skanska-Port-900x600.jpeg\" alt=\"\" width=\"900\" height=\"600\" \/><\/p>\n<p>\u201e<em>Port7 je z\u00a0na\u0161eho pohledu mnohem v\u00edce ne\u017e jen m\u00edsto slou\u017e\u00edc\u00ed k\u00a0pr\u00e1ci, sna\u017e\u00edme se vytvo\u0159it prost\u0159ed\u00ed, jeho\u017e podstatou je udr\u017eitelnost a kvalitn\u00ed \u017eivot (well-being). Skute\u010dnost, \u017ee si Economia vybrala Port7 jako sv\u00e9 nov\u00e9 s\u00eddlo, je dal\u0161\u00edm d\u016fkazem toho, \u017ee presti\u017en\u00ed spole\u010dnosti vyzn\u00e1vaj\u00ed stejn\u00e9 hodnoty, jak\u00e9 podporujeme i my. V\u00edt\u00e1me Economii na Port7 a t\u011b\u0161\u00edme se, \u017ee jej\u00ed redakci poskytneme nov\u00e9 inspirativn\u00ed prost\u0159ed\u00ed,<\/em>\u201c \u0159\u00edk\u00e1 <strong>Jana Prokopov\u00e1<\/strong>, \u0159editelka pron\u00e1jm\u016f a\u00a0spr\u00e1vy komer\u010dn\u00edch aktiv obchodn\u00ed jednotky komer\u010dn\u00edho developmentu spole\u010dnosti Skanska v \u010cesk\u00e9 republice.<\/p>\n<p><strong>Vydavatelstv\u00ed Economia<\/strong><\/p>\n<p>Economia je jedn\u00edm z nejv\u011bt\u0161\u00edch vydavatelsk\u00fdch dom\u016f v \u010cesk\u00e9 republice. Specializuje se na byznysov\u00e9 a ekonomick\u00e9 zpravodajstv\u00ed, anal\u00fdzy a koment\u00e1\u0159e. Do jej\u00edho portfolia pat\u0159\u00ed v\u00fdznamn\u00e9 tituly, jako jsou Hospod\u00e1\u0159sk\u00e9 noviny a Ekonom a obl\u00edben\u00e9 zpravodajsk\u00e9 port\u00e1ly hn.cz a\u00a0aktu\u00e1ln\u011b.cz. Vydavatelstv\u00ed je aktivn\u00ed i v oblasti podcast\u016f a\u00a0videoobsahu, produkuje nap\u0159\u00edklad po\u0159ad Spotlight.<\/p>\n<p><strong>Zdroj: KNKTR, Michaela Rusov\u00e1<\/strong><\/p>\n<p>&nbsp;<\/p>\n","protected":false},"excerpt":{"rendered":"<p>Medi\u00e1ln\u00ed d\u016fm Economia se p\u0159est\u011bhuje z Karl\u00edna do are\u00e1lu Port7, nejnov\u011bj\u0161\u00edho projektu Skansky na rekonstruovan\u00e9m&#8230;<\/p>\n","protected":false},"author":1,"featured_media":864,"comment_status":"open","ping_status":"open","sticky":false,"template":"","format":"standard","meta":{"footnotes":""},"categories":[43,49],"tags":[],"class_list":["post-863","post","type-post","status-publish","format-standard","has-post-thumbnail","hentry","category-logistika","category-media"],"_links":{"self":[{"href":"https:\/\/www.automakers.cz\/index.php?rest_route=\/wp\/v2\/posts\/863","targetHints":{"allow":["GET"]}}],"collection":[{"href":"https:\/\/www.automakers.cz\/index.php?rest_route=\/wp\/v2\/posts"}],"about":[{"href":"https:\/\/www.automakers.cz\/index.php?rest_route=\/wp\/v2\/types\/post"}],"author":[{"embeddable":true,"href":"https:\/\/www.automakers.cz\/index.php?rest_route=\/wp\/v2\/users\/1"}],"replies":[{"embeddable":true,"href":"https:\/\/www.automakers.cz\/index.php?rest_route=%2Fwp%2Fv2%2Fcomments&post=863"}],"version-history":[{"count":3,"href":"https:\/\/www.automakers.cz\/index.php?rest_route=\/wp\/v2\/posts\/863\/revisions"}],"predecessor-version":[{"id":867,"href":"https:\/\/www.automakers.cz\/index.php?rest_route=\/wp\/v2\/posts\/863\/revisions\/867"}],"wp:featuredmedia":[{"embeddable":true,"href":"https:\/\/www.automakers.cz\/index.php?rest_route=\/wp\/v2\/media\/864"}],"wp:attachment":[{"href":"https:\/\/www.automakers.cz\/index.php?rest_route=%2Fwp%2Fv2%2Fmedia&parent=863"}],"wp:term":[{"taxonomy":"category","embeddable":true,"href":"https:\/\/www.automakers.cz\/index.php?rest_route=%2Fwp%2Fv2%2Fcategories&post=863"},{"taxonomy":"post_tag","embeddable":true,"href":"https:\/\/www.automakers.cz\/index.php?rest_route=%2Fwp%2Fv2%2Ftags&post=863"}],"curies":[{"name":"wp","href":"https:\/\/api.w.org\/{rel}","templated":true}]}}