{"id":8646,"date":"2024-11-07T15:37:08","date_gmt":"2024-11-07T15:37:08","guid":{"rendered":"https:\/\/www.automakers.cz\/?p=8646"},"modified":"2024-11-07T15:37:08","modified_gmt":"2024-11-07T15:37:08","slug":"suzuki-ma-prvni-elektromobil-pro-evropu","status":"publish","type":"post","link":"https:\/\/www.automakers.cz\/?p=8646","title":{"rendered":"Suzuki m\u00e1 prvn\u00ed elektromobil pro Evropu"},"content":{"rendered":"<p><strong>Suzuki Motor Corporation p\u0159edstavila v italsk\u00e9m Mil\u00e1n\u011b sv\u016fj prvn\u00ed s\u00e9riov\u011b vyr\u00e1b\u011bn\u00fd elektrick\u00fd model (BEV), SUV e VITARA. V\u00fdroba v indick\u00e9m z\u00e1vod\u011b Suzuki Motor Gujarat za\u010dne na ja\u0159e v roce 2025. <\/strong><!--more--><\/p>\n<p>Zah\u00e1jen\u00ed prodeje modelu e VITARA v mnoha \u010d\u00e1stech sv\u011bta v\u010detn\u011b Evropy, Indie a Japonska, se p\u0159edpokl\u00e1d\u00e1 v l\u00e9t\u011b 2025. V \u010cesk\u00e9 republice se p\u0159edpokl\u00e1d\u00e1 spu\u0161t\u011bn\u00ed prodeje na podzim roku 2025.<\/p>\n<p>Model e VITARA vych\u00e1z\u00ed z konceptu eVX, kter\u00fd byl p\u0159edstaven v lednu 2023 na v\u00fdstav\u011b Auto Expo v Indii a na Japan Mobility Show v \u0159\u00edjnu t\u00e9ho\u017e roku. Jedn\u00e1 se o prvn\u00ed glob\u00e1ln\u011b strategick\u00fd model elektromobilu od Suzuki.<\/p>\n<p>V n\u00e1vaznosti na koncept \u201eEmotional Versatile Cruiser\u201c se e VITARA vyzna\u010duje designem, kter\u00fd vyjad\u0159uje pokro\u010dil\u00e9 technologie, elektrick\u00fdm pohonn\u00fdm \u00fastroj\u00edm, elektrick\u00fdm syst\u00e9mem pohonu 4&#215;4 \u201eALLGRIP-e\u201c, kter\u00fd zaji\u0161\u0165uje vysok\u00fd v\u00fdkon, a nov\u011b vyvinutou platformou \u201eHEARTECT-e\u201c speci\u00e1ln\u011b navr\u017eenou pro elektromobily.<\/p>\n<p><strong>Kl\u00ed\u010dov\u00e9 vlastnosti modelu e VITARA<\/strong><\/p>\n<p>\u00b7 Design, kter\u00fd spojuje pokrokovost elektromobilu a robustnost SUV<\/p>\n<p>Designov\u00e9 t\u00e9ma \u201eHigh-Tech &amp; Adventure\u201c zt\u011bles\u0148uje pokrokovost elektromobilu a odolnou povahu SUV. Exteri\u00e9r se vyzna\u010duje v\u00fdrazn\u00fdm designem s pneumatikami o velk\u00e9m pr\u016fm\u011bru a dlouh\u00fdm rozvorem. Interi\u00e9ru dominuje integrovan\u00fd displej s pokro\u010dil\u00fdmi funkcemi a robustn\u011b p\u016fsob\u00edc\u00ed oblo\u017een\u00ed kabiny a st\u0159edovou konzol\u00ed, co\u017e odr\u00e1\u017e\u00ed zm\u00edn\u011bn\u00e9 t\u00e9ma \u201eHigh-Tech &amp; Adventure\u201c.<\/p>\n<p>\u00b7 Elektrick\u00fd pohon slo\u017een\u00fd z efektivn\u00ed jednotky eAxle a lithium-\u017eelezo-fosf\u00e1tov\u00e9 baterie<\/p>\n<p>Elektrick\u00fd pohon vyu\u017e\u00edv\u00e1 vysoce efektivn\u00ed jednotku eAxle, kter\u00e1 zahrnuje elektromotor a invertor, v kombinaci s lithium-\u017eelezo-fosf\u00e1tovou bateri\u00ed zkonstruovanou s d\u016frazem na bezpe\u010dnost. Pohonn\u00e9 \u00fastroj\u00ed dosahuje charakteristick\u00e9 hbit\u00e9 akcelerace z klidu a ostr\u00e9 odezvy p\u0159i zrychlov\u00e1n\u00ed nap\u0159\u00ed\u010d cel\u00fdm spektrem rychlosti a p\u0159i p\u0159edj\u00ed\u017ed\u011bn\u00ed.<\/p>\n<p>\u00b7 Elektrick\u00fd syst\u00e9m pohonu v\u0161ech kol \u201eALLGRIP-e\u201c se dv\u011bma nez\u00e1visl\u00fdmi jednotkami eAxle<\/p>\n<p>\u201eALLGRIP-e\u201c je elektrick\u00fd syst\u00e9m pohonu v\u0161ech kol, kter\u00fd vyu\u017e\u00edv\u00e1 bohat\u00fdch zku\u0161enost\u00ed Suzuki s technologi\u00ed 4&#215;4. Tvo\u0159\u00ed jej dvojice nez\u00e1visl\u00fdch jednotek eAxle, jedna pro p\u0159edn\u00ed a druh\u00e1 pro zadn\u00ed kola. Syst\u00e9m zaji\u0161\u0165uje nejen p\u0159esv\u011bd\u010div\u00fd v\u00fdkon, ale tak\u00e9 precizn\u00ed \u0159\u00edzen\u00ed trakce a excelentn\u00ed odezvu. Nav\u00edc je dopln\u011bn o re\u017eim Trail mode, kter\u00fd p\u0159ibrz\u010fov\u00e1n\u00edm prot\u00e1\u010dej\u00edc\u00edch se kol a p\u0159esunem to\u010div\u00e9ho momentu na protilehl\u00e9 kolo (simulace uz\u00e1v\u011brky diferenci\u00e1lu) pom\u00e1h\u00e1 p\u0159i pr\u016fjezdu n\u00e1ro\u010dn\u00fdm ter\u00e9nem.<\/p>\n<p>\u00b7 Nov\u00e1 platforma \u201eHEARTECT-e\u201c vyvinut\u00e1 speci\u00e1ln\u011b pro elektromobily<\/p>\n<p>Nov\u011b zkonstruovan\u00e1 platforma \u201eHEARTECT-e\u201c je navr\u017eena specificky pro pou\u017eit\u00ed v elektromobilech. Vyzna\u010duje se lehkou konstrukc\u00ed, ochranou vysokonap\u011b\u0165ov\u00e9ho veden\u00ed a d\u00edky kr\u00e1tk\u00fdm p\u0159evis\u016fm karoserie tak\u00e9 prostorn\u00fdm interi\u00e9rem. Prost\u0159edn\u00ed \u010d\u00e1st podlahy se obejde bez v\u00fdztuh, a tak pojme baterii o v\u011bt\u0161\u00ed kapacit\u011b, ne\u017e by bylo mo\u017en\u00e9 u konven\u010dn\u00ed konstrukce.<\/p>\n<p><strong>Koment\u00e1\u0159 prezidenta Suzuki<\/strong><\/p>\n<p>\u201eModel e VITARA je n\u00e1\u0161 prvn\u00ed elektromobil, vyvinut\u00fd na z\u00e1klad\u011b opakovan\u00e9ho testov\u00e1n\u00ed a \u00faprav, abychom vytvo\u0159ili snadno pou\u017eiteln\u00fd elektromobil pro na\u0161e z\u00e1kazn\u00edky. Pro dosa\u017een\u00ed uhl\u00edkov\u011b neutr\u00e1ln\u00ed spole\u010dnosti nab\u00eddneme po cel\u00e9m sv\u011bt\u011b r\u016fzn\u00e9 mo\u017enosti v\u010detn\u011b elektromobil\u016f, hybridn\u00edch vozidel a vozidel na CNG p\u0159izp\u016fsoben\u00fdch konkr\u00e9tn\u00edm region\u016fm. P\u0159edstaven\u00ed modelu e VITARA znamen\u00e1 v\u00fdznamn\u00fd miln\u00edk na cest\u011b k uhl\u00edkov\u00e9 neutralit\u011b. Po uveden\u00ed e VITARA budeme nad\u00e1le roz\u0161i\u0159ovat na\u0161i nab\u00eddku voz\u016f s elektrick\u00fdm pohonem a navrhovat \u0159e\u0161en\u00ed mobility p\u0159izp\u016fsoben\u00e1 pot\u0159eb\u00e1m jednotliv\u00fdch zem\u00ed a region\u016f.\u201c<\/p>\n","protected":false},"excerpt":{"rendered":"<p>Suzuki Motor Corporation p\u0159edstavila v italsk\u00e9m Mil\u00e1n\u011b sv\u016fj prvn\u00ed s\u00e9riov\u011b vyr\u00e1b\u011bn\u00fd elektrick\u00fd model (BEV), SUV&#8230;<\/p>\n","protected":false},"author":2,"featured_media":8647,"comment_status":"closed","ping_status":"closed","sticky":false,"template":"","format":"standard","meta":{"footnotes":""},"categories":[13,9,18],"tags":[],"class_list":["post-8646","post","type-post","status-publish","format-standard","has-post-thumbnail","hentry","category-design","category-elektromobily","category-vyroba"],"_links":{"self":[{"href":"https:\/\/www.automakers.cz\/index.php?rest_route=\/wp\/v2\/posts\/8646","targetHints":{"allow":["GET"]}}],"collection":[{"href":"https:\/\/www.automakers.cz\/index.php?rest_route=\/wp\/v2\/posts"}],"about":[{"href":"https:\/\/www.automakers.cz\/index.php?rest_route=\/wp\/v2\/types\/post"}],"author":[{"embeddable":true,"href":"https:\/\/www.automakers.cz\/index.php?rest_route=\/wp\/v2\/users\/2"}],"replies":[{"embeddable":true,"href":"https:\/\/www.automakers.cz\/index.php?rest_route=%2Fwp%2Fv2%2Fcomments&post=8646"}],"version-history":[{"count":3,"href":"https:\/\/www.automakers.cz\/index.php?rest_route=\/wp\/v2\/posts\/8646\/revisions"}],"predecessor-version":[{"id":8652,"href":"https:\/\/www.automakers.cz\/index.php?rest_route=\/wp\/v2\/posts\/8646\/revisions\/8652"}],"wp:featuredmedia":[{"embeddable":true,"href":"https:\/\/www.automakers.cz\/index.php?rest_route=\/wp\/v2\/media\/8647"}],"wp:attachment":[{"href":"https:\/\/www.automakers.cz\/index.php?rest_route=%2Fwp%2Fv2%2Fmedia&parent=8646"}],"wp:term":[{"taxonomy":"category","embeddable":true,"href":"https:\/\/www.automakers.cz\/index.php?rest_route=%2Fwp%2Fv2%2Fcategories&post=8646"},{"taxonomy":"post_tag","embeddable":true,"href":"https:\/\/www.automakers.cz\/index.php?rest_route=%2Fwp%2Fv2%2Ftags&post=8646"}],"curies":[{"name":"wp","href":"https:\/\/api.w.org\/{rel}","templated":true}]}}