{"id":8680,"date":"2024-11-08T10:08:36","date_gmt":"2024-11-08T10:08:36","guid":{"rendered":"https:\/\/www.automakers.cz\/?p=8680"},"modified":"2024-11-11T09:13:59","modified_gmt":"2024-11-11T09:13:59","slug":"renault-cr-predvedl-na-e-salonu-4-premiery","status":"publish","type":"post","link":"https:\/\/www.automakers.cz\/?p=8680","title":{"rendered":"e-Salon: Renault \u010cR nab\u00eddl 4 premi\u00e9ry (Video)"},"content":{"rendered":"<p><strong>Renault \u010cR m\u011bl na na 6. ro\u010dn\u00edku Veletrhu \u010dist\u00e9 mobility, technologi\u00ed a \u0159e\u0161en\u00ed pro e-mobilitu e-SALON hned t\u0159i expozice a jeho \u0161\u00e9f Zden\u011bk Grunt p\u0159edstavil novinky p\u0159\u00ed\u0161t\u00edho roku u jednotliv\u00fdch zna\u010dek.<\/strong><!--more--><\/p>\n<p>N\u00e1v\u0161t\u011bvn\u00edci odborn\u00e9ho dnu mohli vid\u011bt n\u00e1rodn\u00ed premi\u00e9ru modelu Renault 5 E-Tech 100% elektrick\u00e9ho. Premi\u00e9ru si odbyl tak\u00e9 Renault Rafale E-Tech 4&#215;4 300 k.<strong><br \/>\n<\/strong><\/p>\n<p><img loading=\"lazy\" decoding=\"async\" class=\"alignnone size-medium wp-image-8685\" src=\"http:\/\/www.automakers.cz\/wp-content\/uploads\/2024\/11\/Salon-Renault-etech--900x600.jpg\" alt=\"\" width=\"900\" height=\"600\" \/><\/p>\n<p>\u0160\u00e9f importu odhalil tak\u00e9 model Alpine A290.<\/p>\n<p><iframe loading=\"lazy\"  id=\"_ytid_67873\"  width=\"640\" height=\"360\"  data-origwidth=\"640\" data-origheight=\"360\" src=\"https:\/\/www.youtube.com\/embed\/0lvqxbJQ-QA?enablejsapi=1&#038;autoplay=0&#038;cc_load_policy=0&#038;cc_lang_pref=&#038;iv_load_policy=1&#038;loop=0&#038;modestbranding=0&#038;rel=1&#038;fs=1&#038;playsinline=0&#038;autohide=2&#038;theme=dark&#038;color=red&#038;controls=1&#038;\" class=\"__youtube_prefs__  epyt-is-override  no-lazyload\" title=\"YouTube player\"  allow=\"accelerometer; autoplay; clipboard-write; encrypted-media; gyroscope; picture-in-picture\" allowfullscreen data-no-lazy=\"1\" data-skipgform_ajax_framebjll=\"\"><\/iframe><\/p>\n<p><img loading=\"lazy\" decoding=\"async\" class=\"alignnone size-medium wp-image-8686\" src=\"http:\/\/www.automakers.cz\/wp-content\/uploads\/2024\/11\/Salon-Alpina-podium-900x600.jpg\" alt=\"\" width=\"900\" height=\"600\" \/><\/p>\n<p>V expozici zna\u010dky Dacia se odehr\u00e1la n\u00e1rodn\u00ed premi\u00e9ra modelu Dacia Bigster.<\/p>\n<p><iframe loading=\"lazy\"  id=\"_ytid_63541\"  width=\"640\" height=\"360\"  data-origwidth=\"640\" data-origheight=\"360\" src=\"https:\/\/www.youtube.com\/embed\/EfdAoKbW4oU?enablejsapi=1&#038;autoplay=0&#038;cc_load_policy=0&#038;cc_lang_pref=&#038;iv_load_policy=1&#038;loop=0&#038;modestbranding=0&#038;rel=1&#038;fs=1&#038;playsinline=0&#038;autohide=2&#038;theme=dark&#038;color=red&#038;controls=1&#038;\" class=\"__youtube_prefs__  epyt-is-override  no-lazyload\" title=\"YouTube player\"  allow=\"accelerometer; autoplay; clipboard-write; encrypted-media; gyroscope; picture-in-picture\" allowfullscreen data-no-lazy=\"1\" data-skipgform_ajax_framebjll=\"\"><\/iframe><\/p>\n<p><img loading=\"lazy\" decoding=\"async\" class=\"alignnone size-medium wp-image-8684\" src=\"http:\/\/www.automakers.cz\/wp-content\/uploads\/2024\/11\/Salon-Dacia-Bigster-vyska-600x900.jpg\" alt=\"\" width=\"600\" height=\"900\" \/><\/p>\n<p><strong>Zdroj: e-Salon, Foto a video Erich Handl<br \/>\n<\/strong><\/p>\n<p>&nbsp;<\/p>\n","protected":false},"excerpt":{"rendered":"<p>Renault \u010cR m\u011bl na na 6. ro\u010dn\u00edku Veletrhu \u010dist\u00e9 mobility, technologi\u00ed a \u0159e\u0161en\u00ed pro e-mobilitu&#8230;<\/p>\n","protected":false},"author":1,"featured_media":8683,"comment_status":"closed","ping_status":"closed","sticky":false,"template":"","format":"standard","meta":{"footnotes":""},"categories":[59,12,66,8],"tags":[],"class_list":["post-8680","post","type-post","status-publish","format-standard","has-post-thumbnail","hentry","category-automakers-tv","category-premiery","category-video","category-vystavy"],"_links":{"self":[{"href":"https:\/\/www.automakers.cz\/index.php?rest_route=\/wp\/v2\/posts\/8680","targetHints":{"allow":["GET"]}}],"collection":[{"href":"https:\/\/www.automakers.cz\/index.php?rest_route=\/wp\/v2\/posts"}],"about":[{"href":"https:\/\/www.automakers.cz\/index.php?rest_route=\/wp\/v2\/types\/post"}],"author":[{"embeddable":true,"href":"https:\/\/www.automakers.cz\/index.php?rest_route=\/wp\/v2\/users\/1"}],"replies":[{"embeddable":true,"href":"https:\/\/www.automakers.cz\/index.php?rest_route=%2Fwp%2Fv2%2Fcomments&post=8680"}],"version-history":[{"count":11,"href":"https:\/\/www.automakers.cz\/index.php?rest_route=\/wp\/v2\/posts\/8680\/revisions"}],"predecessor-version":[{"id":8756,"href":"https:\/\/www.automakers.cz\/index.php?rest_route=\/wp\/v2\/posts\/8680\/revisions\/8756"}],"wp:featuredmedia":[{"embeddable":true,"href":"https:\/\/www.automakers.cz\/index.php?rest_route=\/wp\/v2\/media\/8683"}],"wp:attachment":[{"href":"https:\/\/www.automakers.cz\/index.php?rest_route=%2Fwp%2Fv2%2Fmedia&parent=8680"}],"wp:term":[{"taxonomy":"category","embeddable":true,"href":"https:\/\/www.automakers.cz\/index.php?rest_route=%2Fwp%2Fv2%2Fcategories&post=8680"},{"taxonomy":"post_tag","embeddable":true,"href":"https:\/\/www.automakers.cz\/index.php?rest_route=%2Fwp%2Fv2%2Ftags&post=8680"}],"curies":[{"name":"wp","href":"https:\/\/api.w.org\/{rel}","templated":true}]}}