{"id":872,"date":"2023-12-12T10:05:51","date_gmt":"2023-12-12T10:05:51","guid":{"rendered":"https:\/\/www.automakers.cz\/?p=872"},"modified":"2023-12-12T11:48:23","modified_gmt":"2023-12-12T11:48:23","slug":"renault-prodal-flotilu-carsharingu-autonapul","status":"publish","type":"post","link":"https:\/\/www.automakers.cz\/?p=872","title":{"rendered":"Renault prodal flotilu Arkan carsharingu"},"content":{"rendered":"<p><strong>\u0160\u00e9f Renaultu \u010cR Zden\u011bk Grunt prodal nap\u0159\u00edmo des\u00edtku nov\u00fdch Arkan carsharingu Autonap\u016fl. Nejv\u011bt\u0161\u00ed \u010d\u00e1st voz\u016f zam\u00ed\u0159\u00ed do nejv\u011bt\u0161\u00edch m\u011bst Praha, Brno a Ostrava, ale do\u010dkaj\u00ed se i z\u00e1jemci v dal\u0161\u00edch 4 krajsk\u00fdch m\u011bstech, kde spole\u010dnost p\u016fsob\u00ed.<\/strong><!--more--><\/p>\n<p>Cena za ujet\u00fd kilometr bude d\u00edky p\u0159\u00edm\u00e9 spolupr\u00e1ci se zastoupen\u00edm Renault \u010cesk\u00e1 republika 5,99 K\u010d v\u010detn\u011b paliva. Hodina v\u00fdp\u016fj\u010dky vyjde na 74 K\u010d za hodinu, maxim\u00e1ln\u011b v\u0161ak 740 korun za ka\u017ed\u00fdch 24 hodin, s del\u0161\u00ed cestou ceny je\u0161t\u011b v\u00fdrazn\u011b poklesnou. Carsharing je pro ob\u011b spole\u010dnosti jedn\u00edm z hlavn\u00edch druh\u016f udr\u017eiteln\u00e9 mobility, kter\u00e1 pom\u00e1h\u00e1 \u0161et\u0159it m\u00edsto zejm\u00e9na ve m\u011bstech.<\/p>\n<p><em>\u201eD\u00edky v\u00fdhodn\u00e9 dlouhodob\u00e9 z\u00e1p\u016fj\u010dce nab\u00eddneme na\u0161im sd\u00edln\u00edk\u016fm modern\u00ed stylov\u00e1 hybridn\u00ed auta za v\u00fdhodnou cenu. Ka\u017ed\u00fd v\u016fz v na\u0161em typu takzvan\u00e9ho <\/em><a href=\"https:\/\/www.akademiemobility.cz\/car-sharing-614\"><em>round-trip carsharingu<\/em><\/a><em> dok\u00e1\u017ee podle studi\u00ed i na\u0161ich zku\u0161enost\u00ed ve m\u011bstech efektivn\u011b nahradit kolem 15 soukrom\u011b vlastn\u011bn\u00fdch aut, a t\u00edm \u0161et\u0159\u00ed m\u00edsto. Nov\u00fdmi Renaulty Arkana posilujeme flotilu p\u0159ed velmi vyt\u00ed\u017eenou v\u00e1no\u010dn\u00ed sez\u00f3nou. V\u011b\u0159\u00edme, \u017ee si atraktivn\u00ed crossovery na\u0161i sd\u00edln\u00edci nap\u0159\u00ed\u010d republikou obl\u00edb\u00ed a pomohou i d\u00edky polepu na autech \u0161\u00ed\u0159it sd\u011blen\u00ed, \u017ee do c\u00edle sv\u00e9 cesty mohou dojet modern\u011b, \u0161etrn\u011b i stylov\u011b, tedy sd\u00edlen\u00fdm autem,\u201c<\/em> slibuje si od spole\u010dn\u00e9ho projektu \u0159editel carsharingu Autonap\u016fl Michal \u0160imon\u00edk.<\/p>\n<p><strong>N\u011bkolik verz\u00ed modelu<\/strong><\/p>\n<p>Sd\u00edln\u00edci budou m\u00edt k\u00a0dispozici n\u011bkolik verz\u00ed Renaultu Arkana, kter\u00e9 se vz\u00e1jemn\u011b li\u0161\u00ed zejm\u00e9na pohonem. V\u0161echny jsou p\u0159edokolky s motorem o v\u00fdkonu 103-105 kW, kter\u00fd je dopln\u011bn bateri\u00ed a elektromotorem v mild-hybridn\u00edm \u010di full-hybridn\u00edm uspo\u0159\u00e1d\u00e1n\u00ed. Model Arkana, kter\u00e9ho se v\u00a0Evrop\u011b prodalo v\u00edce ne\u017e 165\u00a0000 kus\u016f, byl p\u0159edstaven v\u00a0\u0159\u00edjnu roku 2020 a jako prvn\u00ed se pod\u00edlel na \u00fasp\u011bchu strategie Renaulution.<\/p>\n<p>Samoz\u0159ejmost\u00ed je automatick\u00e1 p\u0159evodovka, pokro\u010dil\u00e9 j\u00edzdn\u00ed asistenty, zrcadlen\u00ed telefon\u016f \u010di parkovac\u00ed kamery. Sd\u00edlen\u00e9 modely Arkana lid\u00e9 na ulici snadno poznaj\u00ed d\u00edky speci\u00e1ln\u00edmu polepu.<\/p>\n<p><strong>Grunt si chv\u00e1l\u00ed spolupr\u00e1ci<\/strong><\/p>\n<p><em>\u201eData ukazuj\u00ed, \u017ee zejm\u00e9na pro mlad\u00e9 lidi ve m\u011bstech u\u017e nejsou auta tak d\u016fle\u017eit\u00e1, jako tomu bylo d\u0159\u00edve, p\u0159esto je ob\u010das pot\u0159ebuj\u00ed. Po zaveden\u00ed hybridn\u00edch aut a elektromobil\u016f do na\u0161\u00ed nab\u00eddky jsme p\u0159ed lety za\u010dali spolupracovat i s Autonap\u016fl, kter\u00e9 od n\u00e1s vyu\u017e\u00edvalo a vyu\u017e\u00edv\u00e1 elektromobily Renault Zoe a Dacia Spring \u010di sd\u00edlen\u00e9 dod\u00e1vky Renault Trafic. Segment sd\u00edlen\u00fdch aut je logick\u00fdm krokem na na\u0161\u00ed cest\u011b k\u00a0udr\u017eiteln\u00e9 a odpov\u011bdn\u00e9 mobilit\u011b. Autonap\u016fl z\u016fst\u00e1v\u00e1 sv\u00fdm pojet\u00edm sd\u00edlen\u00ed aut st\u00e1le v\u011brn\u00e9 p\u016fvodn\u00edmu c\u00edli, tedy hled\u00e1n\u00ed cest, jak ulevit \u017eivotn\u00edmu prost\u0159ed\u00ed i m\u011bst\u016fm p\u0159et\u00ed\u017een\u00fdm auty, co\u017e je n\u00e1m sympatick\u00e9 a je to i jedn\u00edm z\u00a0d\u016fvod\u016f, pro\u010d jsme nav\u00e1zali spolupr\u00e1ci,\u201c<\/em> vysv\u011btluje sv\u00e9 motivace Zden\u011bk Grunt, gener\u00e1ln\u00ed \u0159editel Renault \u010cesk\u00e1 republika.<\/p>\n<p><img loading=\"lazy\" decoding=\"async\" class=\"alignnone size-medium wp-image-875\" src=\"http:\/\/www.automakers.cz\/wp-content\/uploads\/2023\/12\/Renault_Arkana_bila_venkov_Autonapul-900x675.jpg\" alt=\"\" width=\"900\" height=\"675\" \/><\/p>\n<p><strong>Carsharing Autonap\u016fl:<\/strong><\/p>\n<p>Autonap\u016fl provozuje po cel\u00e9 republice flotilu necel\u00fdch sto sd\u00edlen\u00fdch aut r\u016fzn\u00fdch kategori\u00ed, od mal\u00fdch m\u011bstsk\u00fdch voz\u016f, p\u0159es \u00fasporn\u00e1 rodinn\u00e1 kombi po osobn\u00ed dod\u00e1vky \u010di elektromobily v\u010detn\u011b Tesly 3. P\u016fsob\u00ed v Praze, Brn\u011b, Pardubic\u00edch, Hradci Kr\u00e1lov\u00e9, Liberci, Plzni, Ostrav\u011b a Olomouci. Podrobnosti o v\u00fdhod\u00e1ch a podm\u00ednk\u00e1ch prvn\u00edho \u010desk\u00e9ho carsharingu Autonap\u016fl jsou na <a href=\"https:\/\/www.autonapul.cz\/\">www.autonapul.cz<\/a> &#8211; nap\u0159\u00edklad cestuj\u00edc\u00ed \u010cesk\u00fdch drah mohou sv\u00e9 \u010cD body vyu\u017e\u00edt jako slevu na slu\u017eby tohoto carsharingu.<\/p>\n<p><strong>Zdroj: Jitka Skali\u010dkov\u00e1,<\/strong> PR manager spole\u010dnosti Renault \u010cesk\u00e1 republika<\/p>\n<p><img loading=\"lazy\" decoding=\"async\" class=\"alignnone size-medium wp-image-878\" src=\"http:\/\/www.automakers.cz\/wp-content\/uploads\/2023\/12\/Renault_Arkana_bila_Autonapul-674x900.jpg\" alt=\"\" width=\"674\" height=\"900\" \/><\/p>\n<p>&nbsp;<\/p>\n<p>&nbsp;<\/p>\n","protected":false},"excerpt":{"rendered":"<p>\u0160\u00e9f Renaultu \u010cR Zden\u011bk Grunt prodal nap\u0159\u00edmo des\u00edtku nov\u00fdch Arkan carsharingu Autonap\u016fl. Nejv\u011bt\u0161\u00ed \u010d\u00e1st voz\u016f&#8230;<\/p>\n","protected":false},"author":1,"featured_media":874,"comment_status":"open","ping_status":"open","sticky":false,"template":"","format":"standard","meta":{"footnotes":""},"categories":[15,50],"tags":[],"class_list":["post-872","post","type-post","status-publish","format-standard","has-post-thumbnail","hentry","category-fleety","category-zakazky"],"_links":{"self":[{"href":"https:\/\/www.automakers.cz\/index.php?rest_route=\/wp\/v2\/posts\/872","targetHints":{"allow":["GET"]}}],"collection":[{"href":"https:\/\/www.automakers.cz\/index.php?rest_route=\/wp\/v2\/posts"}],"about":[{"href":"https:\/\/www.automakers.cz\/index.php?rest_route=\/wp\/v2\/types\/post"}],"author":[{"embeddable":true,"href":"https:\/\/www.automakers.cz\/index.php?rest_route=\/wp\/v2\/users\/1"}],"replies":[{"embeddable":true,"href":"https:\/\/www.automakers.cz\/index.php?rest_route=%2Fwp%2Fv2%2Fcomments&post=872"}],"version-history":[{"count":6,"href":"https:\/\/www.automakers.cz\/index.php?rest_route=\/wp\/v2\/posts\/872\/revisions"}],"predecessor-version":[{"id":894,"href":"https:\/\/www.automakers.cz\/index.php?rest_route=\/wp\/v2\/posts\/872\/revisions\/894"}],"wp:featuredmedia":[{"embeddable":true,"href":"https:\/\/www.automakers.cz\/index.php?rest_route=\/wp\/v2\/media\/874"}],"wp:attachment":[{"href":"https:\/\/www.automakers.cz\/index.php?rest_route=%2Fwp%2Fv2%2Fmedia&parent=872"}],"wp:term":[{"taxonomy":"category","embeddable":true,"href":"https:\/\/www.automakers.cz\/index.php?rest_route=%2Fwp%2Fv2%2Fcategories&post=872"},{"taxonomy":"post_tag","embeddable":true,"href":"https:\/\/www.automakers.cz\/index.php?rest_route=%2Fwp%2Fv2%2Ftags&post=872"}],"curies":[{"name":"wp","href":"https:\/\/api.w.org\/{rel}","templated":true}]}}