{"id":880,"date":"2023-12-12T11:41:25","date_gmt":"2023-12-12T11:41:25","guid":{"rendered":"https:\/\/www.automakers.cz\/?p=880"},"modified":"2023-12-12T11:57:13","modified_gmt":"2023-12-12T11:57:13","slug":"porsche-ukazalo-panameru-ve-vanguardu","status":"publish","type":"post","link":"https:\/\/www.automakers.cz\/?p=880","title":{"rendered":"Porsche uk\u00e1zalo Panameru ve Vanguardu"},"content":{"rendered":"<p class=\"xmprfx_Default\"><strong>Porsche Inter Auto CZ svolalo 11. prosince novin\u00e1\u0159e do Vanguard Prague, aby uk\u00e1zalo co se skr\u00fdv\u00e1 v nov\u00e9m Porsche Panamera. \u0160\u00e9f zna\u010dky Jan Sedl\u00e1\u010dek hovo\u0159il i o jej\u00edch leto\u0161n\u00edch prodejn\u00edch v\u00fdkonech.<\/strong><!--more--><\/p>\n<p>&#8222;Letos v \u010cesku prod\u00e1me p\u0159es 700 automobil\u016f, z na\u0161ich modelov\u00fdch \u0159ad se nejv\u00edce prod\u00e1vaj\u00ed SUV Cayenne a Macan, kter\u00e9 si letos zvolilo p\u0159es dv\u011b st\u011b z\u00e1jemc\u016f,&#8220; \u0159ekl na\u0161emu \u010dasopisu Sedl\u00e1\u010dek. Celkov\u011b bude podle jeho slov v \u010cesk\u00e9 republice v provozu p\u0159es 11 tis\u00edc vozidel Porsche.<\/p>\n<p>&#8222;Toto \u00factyhodn\u00e9 \u010d\u00edslo bohu\u017eel znamen\u00e1, \u017ee na\u0161e servisy p\u0159est\u00e1vaj\u00ed st\u00edhat obsluhu t\u011bchto aut,&#8220; \u0159ekl \u0161\u00e9f importu.<\/p>\n<p><img loading=\"lazy\" decoding=\"async\" class=\"alignnone size-medium wp-image-888\" src=\"http:\/\/www.automakers.cz\/wp-content\/uploads\/2023\/12\/Porsche-Panamera-Sedlacek-900x675.jpg\" alt=\"\" width=\"900\" height=\"675\" srcset=\"https:\/\/www.automakers.cz\/wp-content\/uploads\/2023\/12\/Porsche-Panamera-Sedlacek-900x675.jpg 900w, https:\/\/www.automakers.cz\/wp-content\/uploads\/2023\/12\/Porsche-Panamera-Sedlacek-1024x768.jpg 1024w, https:\/\/www.automakers.cz\/wp-content\/uploads\/2023\/12\/Porsche-Panamera-Sedlacek-768x576.jpg 768w, https:\/\/www.automakers.cz\/wp-content\/uploads\/2023\/12\/Porsche-Panamera-Sedlacek-1536x1152.jpg 1536w, https:\/\/www.automakers.cz\/wp-content\/uploads\/2023\/12\/Porsche-Panamera-Sedlacek.jpg 2040w\" sizes=\"auto, (max-width: 900px) 100vw, 900px\" \/><\/p>\n<p>Firma proto chyst\u00e1 pro zna\u010dky Porsche, Bentley a Lamborghini v r\u00e1mci Prahy zbrusu nov\u00e9 prodejn\u00ed a servisn\u00ed m\u00edsto. Jej\u00ed mana\u017ee\u0159i letos poklepali na z\u00e1kladn\u00ed k\u00e1men novostavby, kter\u00e1 se za dva roky stane z\u00e1zem\u00edm nejen pro tyto exkluzivn\u00ed zna\u010dky, ale budou zde tak\u00e9 kancel\u00e1\u0159e spole\u010dnosti.<\/p>\n<figure id=\"attachment_884\" aria-describedby=\"caption-attachment-884\" style=\"width: 678px\" class=\"wp-caption alignnone\"><img loading=\"lazy\" decoding=\"async\" class=\"size-full wp-image-884\" src=\"http:\/\/www.automakers.cz\/wp-content\/uploads\/2023\/12\/Porsche-IA-Orech-Irina-Sedlacek-678x381-1.jpg\" alt=\"\" width=\"678\" height=\"381\" \/><figcaption id=\"caption-attachment-884\" class=\"wp-caption-text\">Mana\u017ee\u0159i zna\u010dky letos slavnostn\u011b poklepali na z\u00e1kladn\u00ed k\u00e1men projektu<\/figcaption><\/figure>\n<p>\u201eKoncem roku 2025 bychom cht\u011bli nov\u00e9 prodejn\u00ed a servisn\u00ed m\u00edsto slavnostn\u011b otev\u0159\u00edt a z\u00e1rove\u0148 sem p\u0159est\u011bhovat kancel\u00e1\u0159e spole\u010dnosti Porsche Inter Auto CZ,\u201c doplnil Sedl\u00e1\u010dek.<\/p>\n<p><strong>Limuz\u00edna v 9. pat\u0159e nad Prahou<\/strong><\/p>\n<p>Hlavn\u00edm tah\u00e1kem ale byla ve Vanguardu nov\u00e1 Panamera, kterou Porsche nechalo vyv\u00e9zt a\u017e do dev\u00e1t\u00e9ho patra mod\u0159ansk\u00e9ho marakodrapu, kter\u00fd je v sou\u010dasnosti p\u0159estavov\u00e1n na modern\u00ed lofty.<\/p>\n<p><img loading=\"lazy\" decoding=\"async\" class=\"alignnone size-medium wp-image-891\" src=\"http:\/\/www.automakers.cz\/wp-content\/uploads\/2023\/12\/Porsche-Panamera-Vanguard-Chirana-900x675.jpg\" alt=\"\" width=\"900\" height=\"675\" srcset=\"https:\/\/www.automakers.cz\/wp-content\/uploads\/2023\/12\/Porsche-Panamera-Vanguard-Chirana-900x675.jpg 900w, https:\/\/www.automakers.cz\/wp-content\/uploads\/2023\/12\/Porsche-Panamera-Vanguard-Chirana-1024x768.jpg 1024w, https:\/\/www.automakers.cz\/wp-content\/uploads\/2023\/12\/Porsche-Panamera-Vanguard-Chirana-768x576.jpg 768w, https:\/\/www.automakers.cz\/wp-content\/uploads\/2023\/12\/Porsche-Panamera-Vanguard-Chirana-1536x1152.jpg 1536w, https:\/\/www.automakers.cz\/wp-content\/uploads\/2023\/12\/Porsche-Panamera-Vanguard-Chirana.jpg 2040w\" sizes=\"auto, (max-width: 900px) 100vw, 900px\" \/><\/p>\n<p>&#8222;T\u0159et\u00ed generace sportovn\u00edho luxusn\u00edho sedanu se vyzna\u010duje \u0161ir\u0161\u00ed \u0161k\u00e1lou digit\u00e1ln\u00edch funkc\u00ed a \u0161ir\u0161\u00edm spektrem mezi dynamick\u00fdmi v\u00fdkony a j\u00edzdn\u00edm komfortem. V\u00fdkonn\u011bj\u0161\u00ed pohonn\u00e9 jednotky E-Hybrid a nov\u00fd syst\u00e9m odpru\u017een\u00ed s vysokou v\u00fdbavou podtrhuj\u00ed n\u00e1roky na nab\u00eddku nejdynami\u010dt\u011bj\u0161\u00edho sedanu v segmentu. Nejv\u00fdkonn\u011bj\u0161\u00ed verze zrychl\u00ed z nuly na sto za necel\u00e9 4 sekundy,&#8220; uvedl mana\u017eer importu Pavel Kol\u00e1\u0159.<\/p>\n<p>Panamera Turbo E-Hybrid zrychl\u00ed podle specifikac\u00ed z 0 na 100 km\/h za 3,2 sekundy a dosahuje maxim\u00e1ln\u00ed rychlosti 315 km\/h. Kapacita baterie hybridu je nyn\u00ed 25,9 kWh. To umo\u017e\u0148uje ekvivalentn\u00ed dojezd na elekt\u0159inu a\u017e 91 kilometr\u016f v kombinovan\u00e9m cyklu WLTP nebo 83\u201393 km v m\u011bstsk\u00e9m cyklu. Nov\u00e1 palubn\u00ed nab\u00edje\u010dka st\u0159\u00eddav\u00e9ho proudu o v\u00fdkonu 11 kW zkracuje dobu nab\u00edjen\u00ed na 2 hodiny a 39 minut.<\/p>\n<p><strong>Zdroj: Erich Handl, TK Porsche, Mod\u0159any<\/strong><\/p>\n<p><img loading=\"lazy\" decoding=\"async\" class=\"alignnone size-medium wp-image-887\" src=\"http:\/\/www.automakers.cz\/wp-content\/uploads\/2023\/12\/Porsche-Panamera-TK-Sabina-900x675.jpg\" alt=\"\" width=\"900\" height=\"675\" srcset=\"https:\/\/www.automakers.cz\/wp-content\/uploads\/2023\/12\/Porsche-Panamera-TK-Sabina-900x675.jpg 900w, https:\/\/www.automakers.cz\/wp-content\/uploads\/2023\/12\/Porsche-Panamera-TK-Sabina-1024x768.jpg 1024w, https:\/\/www.automakers.cz\/wp-content\/uploads\/2023\/12\/Porsche-Panamera-TK-Sabina-768x576.jpg 768w, https:\/\/www.automakers.cz\/wp-content\/uploads\/2023\/12\/Porsche-Panamera-TK-Sabina-1536x1152.jpg 1536w, https:\/\/www.automakers.cz\/wp-content\/uploads\/2023\/12\/Porsche-Panamera-TK-Sabina.jpg 2040w\" sizes=\"auto, (max-width: 900px) 100vw, 900px\" \/><\/p>\n<p>&nbsp;<\/p>\n<p>&nbsp;<\/p>\n","protected":false},"excerpt":{"rendered":"<p>Porsche Inter Auto CZ svolalo 11. prosince novin\u00e1\u0159e do Vanguard Prague, aby uk\u00e1zalo co se&#8230;<\/p>\n","protected":false},"author":1,"featured_media":886,"comment_status":"open","ping_status":"open","sticky":false,"template":"","format":"standard","meta":{"footnotes":""},"categories":[12,20],"tags":[],"class_list":["post-880","post","type-post","status-publish","format-standard","has-post-thumbnail","hentry","category-premiery","category-tiskovky"],"_links":{"self":[{"href":"https:\/\/www.automakers.cz\/index.php?rest_route=\/wp\/v2\/posts\/880","targetHints":{"allow":["GET"]}}],"collection":[{"href":"https:\/\/www.automakers.cz\/index.php?rest_route=\/wp\/v2\/posts"}],"about":[{"href":"https:\/\/www.automakers.cz\/index.php?rest_route=\/wp\/v2\/types\/post"}],"author":[{"embeddable":true,"href":"https:\/\/www.automakers.cz\/index.php?rest_route=\/wp\/v2\/users\/1"}],"replies":[{"embeddable":true,"href":"https:\/\/www.automakers.cz\/index.php?rest_route=%2Fwp%2Fv2%2Fcomments&post=880"}],"version-history":[{"count":8,"href":"https:\/\/www.automakers.cz\/index.php?rest_route=\/wp\/v2\/posts\/880\/revisions"}],"predecessor-version":[{"id":896,"href":"https:\/\/www.automakers.cz\/index.php?rest_route=\/wp\/v2\/posts\/880\/revisions\/896"}],"wp:featuredmedia":[{"embeddable":true,"href":"https:\/\/www.automakers.cz\/index.php?rest_route=\/wp\/v2\/media\/886"}],"wp:attachment":[{"href":"https:\/\/www.automakers.cz\/index.php?rest_route=%2Fwp%2Fv2%2Fmedia&parent=880"}],"wp:term":[{"taxonomy":"category","embeddable":true,"href":"https:\/\/www.automakers.cz\/index.php?rest_route=%2Fwp%2Fv2%2Fcategories&post=880"},{"taxonomy":"post_tag","embeddable":true,"href":"https:\/\/www.automakers.cz\/index.php?rest_route=%2Fwp%2Fv2%2Ftags&post=880"}],"curies":[{"name":"wp","href":"https:\/\/api.w.org\/{rel}","templated":true}]}}