{"id":8866,"date":"2024-11-15T07:24:13","date_gmt":"2024-11-15T07:24:13","guid":{"rendered":"https:\/\/www.automakers.cz\/?p=8866"},"modified":"2024-11-15T07:31:16","modified_gmt":"2024-11-15T07:31:16","slug":"cebia-stari-osobnich-aut-dosahlo-1379-let","status":"publish","type":"post","link":"https:\/\/www.automakers.cz\/?p=8866","title":{"rendered":"Cebia: st\u00e1\u0159\u00ed aut v re\u00e1ln\u00e9m provozu nen\u00ed vysok\u00e9"},"content":{"rendered":"<p><strong>Podle dat SDA dosahuje pr\u016fm\u011brn\u00fd v\u011bk \u010desk\u00e9ho vozov\u00e9ho parku letos u\u017e 16,41 roku. Za posledn\u00edch 10 let by se tak pr\u016fm\u011br zv\u00fd\u0161il o 2,35 roku. Je ale autopark v re\u00e1ln\u00e9m provozu opravdu tak \u0161patn\u00fd? O situaci hovo\u0159il 14. listopadu na semin\u00e1\u0159i\u00a0 Hospod\u00e1\u0159sk\u00e9ho komory \u0161\u00e9f Cebie Martin Pajer.<br \/>\n<\/strong><!--more--><\/p>\n<p>\u201e<em>Polo\u017eili jsme si z\u00e1sadn\u00ed ot\u00e1zku: Jak\u00e1 auta skute\u010dn\u011b potk\u00e1v\u00e1me na silnic\u00edch? Abychom z\u00edskali odpov\u011bdi, provedl n\u00e1\u0161 t\u00fdm datov\u00fdch odborn\u00edk\u016f rozs\u00e1hl\u00e9 anal\u00fdzy vozidel, kter\u00e1 skute\u010dn\u011b jezd\u00ed na STK. Zjistili jsme, \u017ee\u00a0<strong>osobn\u00ed auta, kter\u00e1 sv\u011bdomit\u011b jezd\u00ed na STK ka\u017ed\u00e9 2 roky maj\u00ed pr\u016fm\u011brn\u00e9 st\u00e1\u0159\u00ed 12,74 let<\/strong>\u00a0(pozn. do v\u00fdpo\u010dtu byla v\u00e1\u017een\u00fdm pr\u016fm\u011brem zahrnuta i osobn\u00ed auta do 4 let, kter\u00e1 na technickou kontrolu je\u0161t\u011b nemus\u00ed). Nicm\u00e9n\u011b n\u011bkter\u00e1 vozidla jsou nab\u00edzena k prodeji a aktu\u00e1ln\u011b platnou STK nemaj\u00ed. Pro spr\u00e1vn\u011bj\u0161\u00ed pohled na vozidla v re\u00e1ln\u00e9m provozu jsme tak\u00e9 spo\u010d\u00edtali pr\u016fm\u011brn\u00e9 st\u00e1\u0159\u00ed t\u011bch osobn\u00edch aut, kter\u00e1 \u00fasp\u011b\u0161n\u011b\u00a0<strong>absolvovala povinnou technickou kontrolu v posledn\u00edch 4 letech. Vy\u0161lo n\u00e1m pr\u016fm\u011brn\u00e9 st\u00e1\u0159\u00ed 13,79 let<\/strong>. I tato hodnota je tedy o 2,62 roku m\u00e9n\u011b ne\u017e pr\u016fm\u011brn\u00e9 st\u00e1\u0159\u00ed v\u0161ech registrovan\u00fdch vozidel,\u201c<\/em>\u00a0vysv\u011btluje Martin Pajer, \u0159editel spole\u010dnosti Cebia, kter\u00e1 monitoruje trh a prov\u00e1d\u00ed odborn\u00e9 anal\u00fdzy v oblasti automotive.<\/p>\n<p><strong>Na silnici nejsou auta star\u0161\u00ed 8 let<\/strong><\/p>\n<p>Je\u0161t\u011b zaj\u00edmav\u011bj\u0161\u00ed pohled pak nab\u00edz\u00ed anal\u00fdza pr\u016fm\u011brn\u00e9ho st\u00e1\u0159\u00ed vozidel, kter\u00e1 re\u00e1ln\u011b jezd\u00ed po silnici.\u00a0<em>\u201eZjistili jsme, \u017ee polovinu\u00a0<strong>v\u0161ech kilometr\u016f najet\u00fdch osobn\u00edmi vozidly za rok najedou auta do 8 let st\u00e1\u0159\u00ed<\/strong>,\u201c<\/em>\u00a0zd\u016fraz\u0148uje \u0159editel Cebia Pajer. Dod\u00e1v\u00e1, \u017ee a\u010dkoli situace ohledn\u011b st\u00e1\u0159\u00ed vozidel nen\u00ed v \u010cesk\u00e9 republice ide\u00e1ln\u00ed, nen\u00ed ani tak \u0161patn\u00e1, jak se na prvn\u00ed pohled zd\u00e1. Skute\u010dn\u00e9 st\u00e1\u0159\u00ed provozovan\u00fdch vozidel m\u00e1 vliv i na spr\u00e1vn\u00fd v\u00fdpo\u010det emis\u00ed. \u010cesk\u00e1 republika je p\u0159itom v Evrop\u011b ozna\u010dov\u00e1na za nejtoxi\u010dt\u011bj\u0161\u00ed zemi. V r\u00e1mci v\u00fdpo\u010dt\u016f pracovala Cebia s unik\u00e1tn\u00edmi VIN, tedy re\u00e1ln\u00fdmi vozidly a jejich skute\u010dn\u00fdmi n\u00e1jezdy. Jedn\u00e1 se tedy o dosud nejp\u0159esn\u011bj\u0161\u00ed anal\u00fdzu.<\/p>\n<p><strong>Mno\u017estv\u00ed vozidel registrovan\u00fdch na jednu osobu<\/strong><\/p>\n<p>D\u016fvodem, pro\u010d \u010desk\u00fd vozov\u00fd park vykazuje tak vysok\u00e9 \u010d\u00edslo, tedy pr\u016fm\u011brn\u00e9 st\u00e1\u0159\u00ed 16,41 roku, je skute\u010dnost, \u017ee v \u010cesk\u00e9 republice maj\u00ed lid\u00e9 v\u00edce aut na osobu ne\u017e ve v\u011bt\u0161in\u011b zem\u00ed Evropy a ka\u017ed\u00fdm rokem se posunujeme v tomto \u017eeb\u0159\u00ed\u010dku nahoru.\u00a0<em>\u201eP\u0159i zakoupen\u00ed nov\u00e9ho vozu do rodiny si \u010ce\u0161i nech\u00e1vaj\u00ed st\u00e1vaj\u00edc\u00ed star\u0161\u00ed auta jako dal\u0161\u00ed auto do rodiny a st\u00e1v\u00e1 se, \u017ee ho prakticky neprovozuj\u00ed nebo s n\u00edm ani nejezd\u00ed na STK,\u201c<\/em>\u00a0vysv\u011btluje Martin Pajer.<\/p>\n<p>Za posledn\u00edch deset let p\u0159ibylo v \u010cesku v r\u00e1mci registrac\u00ed v\u00edce ne\u017e 1,76 milion\u016f osobn\u00edch aut, p\u0159i\u010dem\u017e po\u010dty vy\u0159azen\u00fdch aut \u2013 vozidla vyvezen\u00e1 i zru\u0161en\u00e1 \u2013 se vyjma rok\u016f 2015 a 2016 nem\u011bn\u00ed tak v\u00fdrazn\u011b, jako nar\u016fst\u00e1 vozov\u00fd park. Tempo n\u00e1r\u016fstu po\u010dtu vozidel v\u0161ak zpomaluje \u2013 v roce 2014 \u010dinil meziro\u010dn\u00ed n\u00e1r\u016fst 4,07 %, zat\u00edmco letos za prvn\u00ed t\u0159i kvart\u00e1ly \u201ejen\u201c 1,54 %.<\/p>\n<p>Z hlediska velikosti vozov\u00e9ho parku, tedy registrovan\u00fdch vozidel, se \u010cesk\u00e1 republika v r\u00e1mci Evropy nach\u00e1z\u00ed na 9. m\u00edst\u011b. Tato statistika od ACEA p\u0159itom nebere v ohled po\u010det obyvatel, pracuje \u010dist\u011b jen s po\u010dtem aut. Podle pr\u016fm\u011brn\u00e9ho st\u00e1\u0159\u00ed pak \u010cesk\u00e9 republice podle stejn\u00e9ho zdroje n\u00e1le\u017e\u00ed 28. m\u00edsto z 29 evropsk\u00fdch zem\u00edch, kter\u00e9 byly sou\u010d\u00e1st\u00ed t\u00e9to anal\u00fdzy. Star\u0161\u00ed vozidla ne\u017e v \u010cR u\u017e maj\u00ed jen v \u0158ecku, kde jejich pr\u016fm\u011brn\u00e9 st\u00e1\u0159\u00ed dosahuje 17,3 roku. Nap\u0159\u00edklad v N\u011bmecku dosahuje vozov\u00fd park pr\u016fm\u011brn\u00e9ho st\u00e1\u0159\u00ed jen rovn\u00fdch 10 let.<\/p>\n<p>Podle dat Eurostatu z roku 2023 se v r\u00e1mci EU nach\u00e1z\u00edme na 10. pozici, co se t\u00fd\u010de pod\u00edlu aut do 2 let st\u00e1\u0159\u00ed. V p\u0159\u00edpad\u011b vozidel do 10 let st\u00e1\u0159\u00ed kles\u00e1me na 14. pozici a dost\u00e1v\u00e1 se p\u0159ed n\u00e1s Slovinsko, It\u00e1lie, \u0160pan\u011blsko a Chorvatsko.<\/p>\n<p><strong>Zdroj: Semin\u00e1\u0159 HK, Cebia<\/strong><\/p>\n<p><img loading=\"lazy\" decoding=\"async\" class=\"alignnone size-full wp-image-1164\" src=\"http:\/\/www.automakers.cz\/wp-content\/uploads\/2024\/01\/cebia-3.jpg\" alt=\"\" width=\"521\" height=\"205\" \/><\/p>\n","protected":false},"excerpt":{"rendered":"<p>Podle dat SDA dosahuje pr\u016fm\u011brn\u00fd v\u011bk \u010desk\u00e9ho vozov\u00e9ho parku letos u\u017e 16,41 roku. Za posledn\u00edch&#8230;<\/p>\n","protected":false},"author":2,"featured_media":8881,"comment_status":"closed","ping_status":"closed","sticky":false,"template":"","format":"standard","meta":{"footnotes":""},"categories":[42,22,10],"tags":[],"class_list":["post-8866","post","type-post","status-publish","format-standard","has-post-thumbnail","hentry","category-analyza","category-konference","category-statistika"],"_links":{"self":[{"href":"https:\/\/www.automakers.cz\/index.php?rest_route=\/wp\/v2\/posts\/8866","targetHints":{"allow":["GET"]}}],"collection":[{"href":"https:\/\/www.automakers.cz\/index.php?rest_route=\/wp\/v2\/posts"}],"about":[{"href":"https:\/\/www.automakers.cz\/index.php?rest_route=\/wp\/v2\/types\/post"}],"author":[{"embeddable":true,"href":"https:\/\/www.automakers.cz\/index.php?rest_route=\/wp\/v2\/users\/2"}],"replies":[{"embeddable":true,"href":"https:\/\/www.automakers.cz\/index.php?rest_route=%2Fwp%2Fv2%2Fcomments&post=8866"}],"version-history":[{"count":6,"href":"https:\/\/www.automakers.cz\/index.php?rest_route=\/wp\/v2\/posts\/8866\/revisions"}],"predecessor-version":[{"id":8880,"href":"https:\/\/www.automakers.cz\/index.php?rest_route=\/wp\/v2\/posts\/8866\/revisions\/8880"}],"wp:featuredmedia":[{"embeddable":true,"href":"https:\/\/www.automakers.cz\/index.php?rest_route=\/wp\/v2\/media\/8881"}],"wp:attachment":[{"href":"https:\/\/www.automakers.cz\/index.php?rest_route=%2Fwp%2Fv2%2Fmedia&parent=8866"}],"wp:term":[{"taxonomy":"category","embeddable":true,"href":"https:\/\/www.automakers.cz\/index.php?rest_route=%2Fwp%2Fv2%2Fcategories&post=8866"},{"taxonomy":"post_tag","embeddable":true,"href":"https:\/\/www.automakers.cz\/index.php?rest_route=%2Fwp%2Fv2%2Ftags&post=8866"}],"curies":[{"name":"wp","href":"https:\/\/api.w.org\/{rel}","templated":true}]}}