{"id":8924,"date":"2024-11-17T22:05:11","date_gmt":"2024-11-17T22:05:11","guid":{"rendered":"https:\/\/www.automakers.cz\/?p=8924"},"modified":"2024-11-17T22:28:27","modified_gmt":"2024-11-17T22:28:27","slug":"anketa-coty-2025-ma-7-finalistu","status":"publish","type":"post","link":"https:\/\/www.automakers.cz\/?p=8924","title":{"rendered":"Anketa COTY 2025 m\u00e1 7 finalist\u016f"},"content":{"rendered":"<p><strong>Mezin\u00e1rodn\u00ed odborn\u00e1 porota, kter\u00e1 vol\u00ed evropsk\u00fd V\u016fz roku (Car of the Year, COTY), ozn\u00e1mila v p\u00e1tek 15. listopadu jm\u00e9na sedmi automobilov\u00fdch novinek, je\u017e se utkaj\u00ed o titul COTY 2025.<br \/>\n<\/strong><!--more--><\/p>\n<p>Zat\u00edmco t\u0159eba v ro\u010dn\u00edku 2022 bylo \u0161est ze sedmi voz\u016f pln\u011b elektrick\u00fdch, loni se do fin\u00e1le dostaly \u010dty\u0159i elektromobily, zat\u00edmco letos jsou pouze t\u0159i, Hyundai Inster, Kia EV3 a Renault 5. Je v\u0161ak t\u0159eba dodat, \u017ee i dal\u0161\u00ed dva vozy, Alfa Romeo Junior a Citro\u00ebn C3, maj\u00ed sv\u00e9 pln\u011b elektrick\u00e9 deriv\u00e1ty.<\/p>\n<p>V seznamu uchaze\u010d\u016f o presti\u017en\u00ed titul Car of the Year 2025 se nakonec objevilo 42 nov\u00fdch automobil\u016f, kter\u00e9 splnily po\u017eadavky pro za\u0159azen\u00ed do leto\u0161n\u00edho ro\u010dn\u00edku. Z nich nakonec 60 porotc\u016f z 23 zem\u00ed vybralo sedm, je\u017e se utkaj\u00ed o prvenstv\u00ed. Dosud se nebodovalo, ka\u017ed\u00fd porotce pouze napsal sedm sv\u00fdch favorit\u016f. T\u011bm se pak jednodu\u0161e spo\u010d\u00edtaly \u201e\u010d\u00e1rky\u201c a pod sedm\u00fdm s jejich nejvy\u0161\u0161\u00edm po\u010dtem ud\u011blalo veden\u00ed poroty \u010d\u00e1ru. V\u0161echny tyto vozy m\u011bli \u010dlenov\u00e9 poroty k dispozici na z\u00e1\u0159ijov\u00fdch velk\u00fdch zkou\u0161k\u00e1ch v d\u00e1nsk\u00e9m Tannisu, kam se letos sjelo 78 automobil\u016f 31 typ\u016f od 22 zna\u010dek. Poj\u010fme si nyn\u00ed finalisty p\u0159edstavit v abecedn\u00edm po\u0159ad\u00ed.<\/p>\n<p><strong>Finalist\u00e9 COTY 2025<\/strong><\/p>\n<ul>\n<li>Alfa Romeo Junior<\/li>\n<li>Citro\u00ebn C3<\/li>\n<li>Cupra Terramar<\/li>\n<li>Dacia Duster<\/li>\n<li>Hyundai Inster<\/li>\n<li>Kia EV3<\/li>\n<li>Renault 5\/Alpine A290<\/li>\n<\/ul>\n<p>Jak bude volba evropsk\u00e9ho Vozu roku (COTY) pro rok 2025 prob\u00edhat? Situaci ovlivnil definitivn\u00ed konec legend\u00e1rn\u00edho jarn\u00edho autosalonu v \u017denev\u011b, kde b\u00fdval v posledn\u00edch v\u00edce ne\u017e deseti letech slavnostn\u011b dekorov\u00e1n v\u00edt\u011bz. Posledn\u00ed zkou\u0161ky dnes zve\u0159ejn\u011bn\u00fdch finalist\u016f a jejich hodnocen\u00ed prob\u011bhnou po\u010d\u00e1tkem p\u0159\u00ed\u0161t\u00edho ledna na z\u00e1vodn\u00edm okruhu v belgick\u00e9m Mettetu (Jules Tacheny Circuit) a jeho okol\u00ed. V\u016fz roku 2025 (Car of the Year) bude pak vyhl\u00e1\u0161en 10. ledna na zvl\u00e1\u0161tn\u00edm ceremoni\u00e1lu na \u00favod autosalonu v Bruselu, tedy v podob\u011b z roku 2022.<\/p>\n<p>Odborn\u00e1 anketa vol\u00edc\u00ed evropsk\u00fd V\u016fz roku (Car of the Year, COTY) b\u011b\u017e\u00ed bez p\u0159eru\u0161en\u00ed od roku 1964. Organizaci tradi\u010dn\u011b zaji\u0161\u0165uj\u00ed \u010dasopisy Auto (It\u00e1lie), Autocar (Velk\u00e1 Brit\u00e1nie), Autopista (\u0160pan\u011blsko), Autovisie (Holandsko), L\u00b4Automobile (Francie) a Vi Bilagare (\u0160v\u00e9dsko). Kdy\u017e n\u011bmeck\u00fd Stern se svoj\u00ed podporou skon\u010dil, nahradily jej Automobil Revue (\u0160v\u00fdcarsko), Autotrends (Belgie) a Firmenauto (N\u011bmecko).<\/p>\n<p><strong>Pozastaven\u00ed Rusov\u00e9<\/strong><\/p>\n<p>Porota v sou\u010dasnosti sest\u00e1v\u00e1 z 60 \u010dlen\u016f z 23 zem\u00ed zejm\u00e9na z\u00e1padn\u00ed a st\u0159edn\u00ed Evropy. Dv\u011bma porotc\u016fm z Ruska z pochopiteln\u00fdch d\u016fvod\u016f z\u016fst\u00e1v\u00e1 \u010dlenstv\u00ed pozastaveno. Novinkou je roz\u0161\u00ed\u0159en\u00ed o porotce z Rumunska, j\u00edm\u017e se stal Florin Valentin Micu. A t\u00edm dal\u0161\u00edm se ji\u017e brzy kone\u010dn\u011b stane t\u00e9\u017e z\u00e1stupce Slovenska. \u010cesk\u00e1 republika m\u00e1 v COTY jednoho z\u00e1stupce od roku 1993, v\u017edy \u0161\u00e9fredaktora magaz\u00ednu Automobil. Do roku 2000 j\u00edm byl Milan Joz\u00edf, do ro\u010dn\u00edku 2015 Tom\u00e1\u0161 Hyan a od roku 2016 za \u010ceskou republiku vol\u00ed autor \u010dl\u00e1nku.<\/p>\n<p><strong>Ji\u0159\u00ed Ducho\u0148, porotce COTY<\/strong><\/p>\n","protected":false},"excerpt":{"rendered":"<p>Mezin\u00e1rodn\u00ed odborn\u00e1 porota, kter\u00e1 vol\u00ed evropsk\u00fd V\u016fz roku (Car of the Year, COTY), ozn\u00e1mila v&#8230;<\/p>\n","protected":false},"author":2,"featured_media":8925,"comment_status":"closed","ping_status":"closed","sticky":false,"template":"","format":"standard","meta":{"footnotes":""},"categories":[32,26,27],"tags":[],"class_list":["post-8924","post","type-post","status-publish","format-standard","has-post-thumbnail","hentry","category-ankety","category-eventy","category-novinari"],"_links":{"self":[{"href":"https:\/\/www.automakers.cz\/index.php?rest_route=\/wp\/v2\/posts\/8924","targetHints":{"allow":["GET"]}}],"collection":[{"href":"https:\/\/www.automakers.cz\/index.php?rest_route=\/wp\/v2\/posts"}],"about":[{"href":"https:\/\/www.automakers.cz\/index.php?rest_route=\/wp\/v2\/types\/post"}],"author":[{"embeddable":true,"href":"https:\/\/www.automakers.cz\/index.php?rest_route=\/wp\/v2\/users\/2"}],"replies":[{"embeddable":true,"href":"https:\/\/www.automakers.cz\/index.php?rest_route=%2Fwp%2Fv2%2Fcomments&post=8924"}],"version-history":[{"count":5,"href":"https:\/\/www.automakers.cz\/index.php?rest_route=\/wp\/v2\/posts\/8924\/revisions"}],"predecessor-version":[{"id":8948,"href":"https:\/\/www.automakers.cz\/index.php?rest_route=\/wp\/v2\/posts\/8924\/revisions\/8948"}],"wp:featuredmedia":[{"embeddable":true,"href":"https:\/\/www.automakers.cz\/index.php?rest_route=\/wp\/v2\/media\/8925"}],"wp:attachment":[{"href":"https:\/\/www.automakers.cz\/index.php?rest_route=%2Fwp%2Fv2%2Fmedia&parent=8924"}],"wp:term":[{"taxonomy":"category","embeddable":true,"href":"https:\/\/www.automakers.cz\/index.php?rest_route=%2Fwp%2Fv2%2Fcategories&post=8924"},{"taxonomy":"post_tag","embeddable":true,"href":"https:\/\/www.automakers.cz\/index.php?rest_route=%2Fwp%2Fv2%2Ftags&post=8924"}],"curies":[{"name":"wp","href":"https:\/\/api.w.org\/{rel}","templated":true}]}}