{"id":8979,"date":"2024-11-20T07:58:44","date_gmt":"2024-11-20T07:58:44","guid":{"rendered":"https:\/\/www.automakers.cz\/?p=8979"},"modified":"2024-11-20T12:57:30","modified_gmt":"2024-11-20T12:57:30","slug":"letnany-startuji-veletrh-czechbus","status":"publish","type":"post","link":"https:\/\/www.automakers.cz\/?p=8979","title":{"rendered":"Veletrh Czechbus uk\u00e1zal verze \u0160kody RTO"},"content":{"rendered":"<p><strong>PVA EXPO Let\u0148any zah\u00e1jilo 13. ro\u010dn\u00edk CZECHBUSU &#8211; st\u0159edoevropsk\u00e9ho veletrhu autobus\u016f, hromadn\u00e9 dopravy, telematiky a servisn\u00ed techniky. Prob\u00edh\u00e1 od 19. a\u017e 21. listopadu, na\u0161i zpravodajku zaujaly r\u016fzn\u00e9 verze \u010desk\u00e9 klasiky &#8211; autobusu \u0160koda 706 RTO.<\/strong> <!--more--><\/p>\n<p>K vid\u011bn\u00ed jsou d\u00e1le expozice firem <span class=\"highlight-E1id2 highlight-E4id0 highlight-E1M highlight-E4M\">Iveco<\/span> <span class=\"highlight-E4id0 highlight-E1id2 highlight-E4M highlight-E1M\">Czech<\/span> <span class=\"highlight-E1id2 highlight-E4id0 highlight-E1M highlight-E4M\">Republic<\/span>, <span class=\"highlight-E4id0 highlight-E1id1 highlight-E4M highlight-E1M\">SOR<\/span> <span class=\"highlight-E1id1 highlight-E4id0 highlight-E1M highlight-E4M\">Libchavy<\/span>, \u0160koda Group, <span class=\"highlight-E4id0 highlight-E1id0 highlight-E4M highlight-E1M\">SCANIA<\/span>, Busplan, Molpir, Ro\u0161ero, <span class=\"highlight-E1id5 highlight-E1M\">Turancar<\/span>, Man Truck &amp; Bus, KHMC, <span class=\"highlight-E1id4 highlight-E1M\">AD<\/span> <span class=\"highlight-E1id4 highlight-E1M\">technik<\/span> a \u0159ady dal\u0161\u00edch.<\/p>\n<p>Prohl\u00e9dnout si je mo\u017en\u00e9\u00a0 Setru S 15, <span class=\"highlight-E3id0 highlight-E3M\">Mercedes-Benz<\/span> <span class=\"highlight-E3id0 highlight-E3M\">Citaro<\/span> G\u00dc, luxusn\u00ed dev\u00edtim\u00edstn\u00fd minibus <span class=\"highlight-E1id3 highlight-E1M\">Mercedes<\/span> <span class=\"highlight-E1id3 highlight-E1M\">Benz<\/span> <span class=\"highlight-E5id1 highlight-E5M\">Sprinter<\/span> VIP M1, nov\u00fd model <span class=\"highlight-E3id2 highlight-E3M\">Man<\/span> <span class=\"highlight-E3id2 highlight-E3M\">TGE<\/span> 5.160 Comfort, <span class=\"highlight-E3id1 highlight-E3M\">Man<\/span> <span class=\"highlight-E3id1 highlight-E3M\">Lion\u00b4s<\/span> <span class=\"highlight-E3id1 highlight-E3M\">City<\/span> 12 E LE, samojistn\u00e9 kolov\u00e9 matice HEICO-LOCK pro zaji\u0161t\u011bn\u00ed ocelov\u00fdch <span class=\"highlight-E3id3 highlight-E3M\">r\u00e1fk\u016f<\/span> nebo syst\u00e9m monitorov\u00e1n\u00ed oxidu uhelnat\u00e9ho pro bezpe\u010dnost Li-Ion bateri\u00ed v elektrick\u00fdch vozidlech b\u011bhem servisu a oprav.<\/p>\n<p><strong>Zdroj: PVA, FOTO: Olga \u0160pi\u010d\u00e1kov\u00e1<br \/>\n<\/strong><\/p>\n<p><img loading=\"lazy\" decoding=\"async\" class=\"alignnone size-medium wp-image-9002\" src=\"http:\/\/www.automakers.cz\/wp-content\/uploads\/2024\/11\/RTO-bus-Lod-675x900.jpg\" alt=\"\" width=\"675\" height=\"900\" srcset=\"https:\/\/www.automakers.cz\/wp-content\/uploads\/2024\/11\/RTO-bus-Lod-675x900.jpg 675w, https:\/\/www.automakers.cz\/wp-content\/uploads\/2024\/11\/RTO-bus-Lod-768x1024.jpg 768w, https:\/\/www.automakers.cz\/wp-content\/uploads\/2024\/11\/RTO-bus-Lod-1152x1536.jpg 1152w, https:\/\/www.automakers.cz\/wp-content\/uploads\/2024\/11\/RTO-bus-Lod-1024x1365.jpg 1024w, https:\/\/www.automakers.cz\/wp-content\/uploads\/2024\/11\/RTO-bus-Lod.jpg 1200w\" sizes=\"auto, (max-width: 675px) 100vw, 675px\" \/><\/p>\n","protected":false},"excerpt":{"rendered":"<p>PVA EXPO Let\u0148any zah\u00e1jilo 13. ro\u010dn\u00edk CZECHBUSU &#8211; st\u0159edoevropsk\u00e9ho veletrhu autobus\u016f, hromadn\u00e9 dopravy, telematiky a&#8230;<\/p>\n","protected":false},"author":1,"featured_media":9001,"comment_status":"closed","ping_status":"closed","sticky":false,"template":"","format":"standard","meta":{"footnotes":""},"categories":[72,34,8],"tags":[],"class_list":["post-8979","post","type-post","status-publish","format-standard","has-post-thumbnail","hentry","category-reportaz","category-veterani","category-vystavy"],"_links":{"self":[{"href":"https:\/\/www.automakers.cz\/index.php?rest_route=\/wp\/v2\/posts\/8979","targetHints":{"allow":["GET"]}}],"collection":[{"href":"https:\/\/www.automakers.cz\/index.php?rest_route=\/wp\/v2\/posts"}],"about":[{"href":"https:\/\/www.automakers.cz\/index.php?rest_route=\/wp\/v2\/types\/post"}],"author":[{"embeddable":true,"href":"https:\/\/www.automakers.cz\/index.php?rest_route=\/wp\/v2\/users\/1"}],"replies":[{"embeddable":true,"href":"https:\/\/www.automakers.cz\/index.php?rest_route=%2Fwp%2Fv2%2Fcomments&post=8979"}],"version-history":[{"count":5,"href":"https:\/\/www.automakers.cz\/index.php?rest_route=\/wp\/v2\/posts\/8979\/revisions"}],"predecessor-version":[{"id":9004,"href":"https:\/\/www.automakers.cz\/index.php?rest_route=\/wp\/v2\/posts\/8979\/revisions\/9004"}],"wp:featuredmedia":[{"embeddable":true,"href":"https:\/\/www.automakers.cz\/index.php?rest_route=\/wp\/v2\/media\/9001"}],"wp:attachment":[{"href":"https:\/\/www.automakers.cz\/index.php?rest_route=%2Fwp%2Fv2%2Fmedia&parent=8979"}],"wp:term":[{"taxonomy":"category","embeddable":true,"href":"https:\/\/www.automakers.cz\/index.php?rest_route=%2Fwp%2Fv2%2Fcategories&post=8979"},{"taxonomy":"post_tag","embeddable":true,"href":"https:\/\/www.automakers.cz\/index.php?rest_route=%2Fwp%2Fv2%2Ftags&post=8979"}],"curies":[{"name":"wp","href":"https:\/\/api.w.org\/{rel}","templated":true}]}}