{"id":9038,"date":"2024-11-21T09:55:27","date_gmt":"2024-11-21T09:55:27","guid":{"rendered":"https:\/\/www.automakers.cz\/?p=9038"},"modified":"2024-11-21T10:39:47","modified_gmt":"2024-11-21T10:39:47","slug":"kia-ev3-mela-premieru-v-hlubocepech","status":"publish","type":"post","link":"https:\/\/www.automakers.cz\/?p=9038","title":{"rendered":"Kia EV3 m\u011bla premi\u00e9ru v Hlubo\u010depech"},"content":{"rendered":"<p><b>Kia Czech svolala novin\u00e1\u0159e na n\u00e1rodn\u00ed prezentaci elektromobilu EV3 do pra\u017esk\u00fdch Hlubo\u010dep. Novin\u00e1\u0159i shl\u00e9dli prezentaci v konferen\u010dn\u00edm centru Highlight, na testovac\u00edch tras\u00e1ch mohli vyzkou\u0161et i faceliftovan\u00fd model EV6.<br \/>\n<\/b><!--more--><\/p>\n<p><strong>Tiskovku odstartovala mluv\u010d\u00ed zna\u010dky Kate\u0159ina Va\u0148kov\u00e1 Jougl\u00ed\u010dkov\u00e1 v\u00fd\u010dtem anketn\u00edch \u00fasp\u011bch\u016f zna\u010dky:<\/strong><\/p>\n<p>&#8222;B\u011bhem posledn\u00edch osmi ro\u010dn\u00edk\u016f se Kia \u0161estkr\u00e1t dostala do fin\u00e1le sout\u011b\u017ee COTY a usp\u011bla i se sv\u00fdm prvn\u00edm vyhrazen\u00fdm elektromobilem. Model EV3 se dostal do fin\u00e1le sout\u011b\u017ee o titul evropsk\u00e9 Auto roku 2025 (COTY 2025). Kia EV3, kterou vybralo 60 porotc\u016f z 23 zem\u00ed, je jedn\u00edm z pouh\u00fdch sedmi finalist\u016f z p\u016fvodn\u00edch 42 model\u016f. Jedn\u00e1 se o \u010dtvrt\u00fd rok po sob\u011b, kdy se do u\u017e\u0161\u00edho v\u00fdb\u011bru presti\u017en\u00edho ocen\u011bn\u00ed dostal model zna\u010dky Kia, p\u0159i\u010dem\u017e v roce 2022 zv\u00edt\u011bzil model EV6,&#8220; p\u0159ipomn\u011bla PR mana\u017eerka.<\/p>\n<p><img loading=\"lazy\" decoding=\"async\" class=\"alignnone size-medium wp-image-9037\" src=\"http:\/\/www.automakers.cz\/wp-content\/uploads\/2024\/11\/Kia-EV3-Jouglickova-900x506.jpg\" alt=\"\" width=\"900\" height=\"506\" srcset=\"https:\/\/www.automakers.cz\/wp-content\/uploads\/2024\/11\/Kia-EV3-Jouglickova-900x506.jpg 900w, https:\/\/www.automakers.cz\/wp-content\/uploads\/2024\/11\/Kia-EV3-Jouglickova-1024x576.jpg 1024w, https:\/\/www.automakers.cz\/wp-content\/uploads\/2024\/11\/Kia-EV3-Jouglickova-768x432.jpg 768w, https:\/\/www.automakers.cz\/wp-content\/uploads\/2024\/11\/Kia-EV3-Jouglickova-1536x864.jpg 1536w, https:\/\/www.automakers.cz\/wp-content\/uploads\/2024\/11\/Kia-EV3-Jouglickova-1280x720.jpg 1280w, https:\/\/www.automakers.cz\/wp-content\/uploads\/2024\/11\/Kia-EV3-Jouglickova.jpg 2040w\" sizes=\"auto, (max-width: 900px) 100vw, 900px\" \/>&#8222;T\u00edm zakon\u010d\u00edme leto\u0161n\u00ed produktovou ofenzivu, ale p\u0159\u00ed\u0161t\u00ed rok to bude fi\u010d\u00e1k. Na trh p\u0159ijde sportovn\u00ed EV9 GT, d\u00e1le EV4, EV5 a poprv\u00e9 tak\u00e9 v\u016fz z\u00a0 LUV segmentu, model TV5,&#8220; sl\u00edbila Va\u0148kov\u00e1 Jougl\u00ed\u010dkov\u00e1. P\u0159ibudou i dv\u011b novinky se spalovac\u00edm motorem, ale ty zat\u00edm z\u016fst\u00e1vaj\u00ed v tajnosti.<\/p>\n<p><img loading=\"lazy\" decoding=\"async\" class=\"alignnone size-medium wp-image-9043\" src=\"http:\/\/www.automakers.cz\/wp-content\/uploads\/2024\/11\/Kia-EV3-Kocabova-900x506.jpg\" alt=\"\" width=\"900\" height=\"506\" srcset=\"https:\/\/www.automakers.cz\/wp-content\/uploads\/2024\/11\/Kia-EV3-Kocabova-900x506.jpg 900w, https:\/\/www.automakers.cz\/wp-content\/uploads\/2024\/11\/Kia-EV3-Kocabova-1024x576.jpg 1024w, https:\/\/www.automakers.cz\/wp-content\/uploads\/2024\/11\/Kia-EV3-Kocabova-768x432.jpg 768w, https:\/\/www.automakers.cz\/wp-content\/uploads\/2024\/11\/Kia-EV3-Kocabova-1536x864.jpg 1536w, https:\/\/www.automakers.cz\/wp-content\/uploads\/2024\/11\/Kia-EV3-Kocabova-1280x720.jpg 1280w, https:\/\/www.automakers.cz\/wp-content\/uploads\/2024\/11\/Kia-EV3-Kocabova.jpg 2040w\" sizes=\"auto, (max-width: 900px) 100vw, 900px\" \/><strong>Pak na podium nastoupila na jehlov\u00fdch podpatc\u00edch produktov\u00e1 mana\u017eerka EV3 Vladim\u00edra Koc\u00e1bov\u00e1:<\/strong><\/p>\n<p>&#8222;Kia EV3 m\u00e1 ambice st\u00e1t se hlavn\u00edm vozem dom\u00e1cnosti. Co se t\u00fd\u010de vn\u011bj\u0161\u00edho designu, rozvor 2,68 m a d\u00e9lka 4,30 m podporuj\u00ed interi\u00e9r inspirovan\u00fd z\u00e1zem\u00edm ob\u00fdvac\u00edho pokoje. Jde o v\u016fz <span lang=\"CS\">segmentu kompaktn\u00edch SUV s elektrick\u00fdm pohonem, <\/span><span lang=\"CS\">nab\u00edz\u00ed dva typy akumul\u00e1tor\u016f: 58,3 kWh o v\u00fdkonu 150 kW (204 k), zaji\u0161\u0165uj\u00edc\u00ed kombinovan\u00fd dojezd a\u017e 436 km, <\/span><span lang=\"CS\">81,4 kWh o v\u00fdkonu 150 kW (204 k), zaji\u0161\u0165uj\u00edc\u00ed kombinovan\u00fd dojezd a\u017e 605 km,&#8220; p\u0159ibl\u00ed\u017eila technick\u00e9 parametry elektromobilu.<br \/>\n<\/span><\/p>\n<p>Baterie se podle n\u00ed dobije za p\u016fl hodiny na 424 km, cena vozu startuje na 899 900 K\u010d.<\/p>\n<p><strong>Erich Handl, Hlubo\u010depy<\/strong><\/p>\n<p><img loading=\"lazy\" decoding=\"async\" class=\"alignnone size-medium wp-image-9050\" src=\"http:\/\/www.automakers.cz\/wp-content\/uploads\/2024\/11\/Kia-EV3-kolaz-900x900.jpg\" alt=\"\" width=\"900\" height=\"900\" srcset=\"https:\/\/www.automakers.cz\/wp-content\/uploads\/2024\/11\/Kia-EV3-kolaz-900x900.jpg 900w, https:\/\/www.automakers.cz\/wp-content\/uploads\/2024\/11\/Kia-EV3-kolaz-1024x1024.jpg 1024w, https:\/\/www.automakers.cz\/wp-content\/uploads\/2024\/11\/Kia-EV3-kolaz-768x768.jpg 768w, https:\/\/www.automakers.cz\/wp-content\/uploads\/2024\/11\/Kia-EV3-kolaz.jpg 1080w\" sizes=\"auto, (max-width: 900px) 100vw, 900px\" \/><\/p>\n","protected":false},"excerpt":{"rendered":"<p>Kia Czech svolala novin\u00e1\u0159e na n\u00e1rodn\u00ed prezentaci elektromobilu EV3 do pra\u017esk\u00fdch Hlubo\u010dep. Novin\u00e1\u0159i shl\u00e9dli prezentaci&#8230;<\/p>\n","protected":false},"author":1,"featured_media":9040,"comment_status":"closed","ping_status":"closed","sticky":false,"template":"","format":"standard","meta":{"footnotes":""},"categories":[9,12,20],"tags":[],"class_list":["post-9038","post","type-post","status-publish","format-standard","has-post-thumbnail","hentry","category-elektromobily","category-premiery","category-tiskovky"],"_links":{"self":[{"href":"https:\/\/www.automakers.cz\/index.php?rest_route=\/wp\/v2\/posts\/9038","targetHints":{"allow":["GET"]}}],"collection":[{"href":"https:\/\/www.automakers.cz\/index.php?rest_route=\/wp\/v2\/posts"}],"about":[{"href":"https:\/\/www.automakers.cz\/index.php?rest_route=\/wp\/v2\/types\/post"}],"author":[{"embeddable":true,"href":"https:\/\/www.automakers.cz\/index.php?rest_route=\/wp\/v2\/users\/1"}],"replies":[{"embeddable":true,"href":"https:\/\/www.automakers.cz\/index.php?rest_route=%2Fwp%2Fv2%2Fcomments&post=9038"}],"version-history":[{"count":7,"href":"https:\/\/www.automakers.cz\/index.php?rest_route=\/wp\/v2\/posts\/9038\/revisions"}],"predecessor-version":[{"id":9042,"href":"https:\/\/www.automakers.cz\/index.php?rest_route=\/wp\/v2\/posts\/9038\/revisions\/9042"}],"wp:featuredmedia":[{"embeddable":true,"href":"https:\/\/www.automakers.cz\/index.php?rest_route=\/wp\/v2\/media\/9040"}],"wp:attachment":[{"href":"https:\/\/www.automakers.cz\/index.php?rest_route=%2Fwp%2Fv2%2Fmedia&parent=9038"}],"wp:term":[{"taxonomy":"category","embeddable":true,"href":"https:\/\/www.automakers.cz\/index.php?rest_route=%2Fwp%2Fv2%2Fcategories&post=9038"},{"taxonomy":"post_tag","embeddable":true,"href":"https:\/\/www.automakers.cz\/index.php?rest_route=%2Fwp%2Fv2%2Ftags&post=9038"}],"curies":[{"name":"wp","href":"https:\/\/api.w.org\/{rel}","templated":true}]}}