{"id":9057,"date":"2024-11-22T07:42:51","date_gmt":"2024-11-22T07:42:51","guid":{"rendered":"https:\/\/www.automakers.cz\/?p=9057"},"modified":"2024-11-22T07:44:21","modified_gmt":"2024-11-22T07:44:21","slug":"vyroba-vozidel-v-zaveru-roku-zpomaluje","status":"publish","type":"post","link":"https:\/\/www.automakers.cz\/?p=9057","title":{"rendered":"V\u00fdroba vozidel v z\u00e1v\u011bru roku zpomaluje"},"content":{"rendered":"<p><strong>Mezi lednem a \u0159\u00edjnem sjelo z linek tuzemsk\u00fdch v\u00fdrobc\u016f celkem 1 239 141 osobn\u00edch automobil\u016f, tedy o 6,6 % v\u00edce ne\u017e ve stejn\u00e9m obdob\u00ed lo\u0148sk\u00e9ho roku.<\/strong> <!--more--><\/p>\n<p>V porovn\u00e1n\u00ed se za\u010d\u00e1tkem roku v\u0161ak tempo v\u00fdroby zpomaluje. 127 222 doposud vyroben\u00fdch vozidel bylo elektrick\u00fdch, z toho 95 657 \u010dist\u011b bateriov\u00fdch a 31 565 plug-in hybridn\u00edch.<\/p>\n<p>V procentu\u00e1ln\u00edm vyj\u00e1d\u0159en\u00ed tak elektrick\u00e1 vozidla tvo\u0159ila 10,3 % produkce.<\/p>\n<p>S v\u00fdsledkem 841 vyroben\u00fdch kus\u016f a t\u00e9m\u011b\u0159 30% meziro\u010dn\u00edm n\u00e1r\u016fstem se da\u0159ilo produkci motocykl\u016f.<\/p>\n<figure id=\"attachment_3525\" aria-describedby=\"caption-attachment-3525\" style=\"width: 900px\" class=\"wp-caption alignnone\"><img loading=\"lazy\" decoding=\"async\" class=\"size-medium wp-image-3525\" src=\"http:\/\/www.automakers.cz\/wp-content\/uploads\/2024\/04\/Zdenek-Petzl_3-900x632.jpg\" alt=\"\" width=\"900\" height=\"632\" \/><figcaption id=\"caption-attachment-3525\" class=\"wp-caption-text\">Zden\u011bk Petzl<\/figcaption><\/figure>\n<p>\u201eTuzemsk\u00e1 v\u00fdroba vozidel v z\u00e1v\u011bru roku zpomaluje v korelaci s poklesem prodej\u016f vozidel na hlavn\u00edch evropsk\u00fdch trz\u00edch. Za o\u010dek\u00e1v\u00e1n\u00edm zaost\u00e1v\u00e1 i popt\u00e1vka po elektrick\u00fdch modelech. Dobrou zpr\u00e1vou p\u0159esto z\u016fst\u00e1v\u00e1 celkov\u00fd o\u010dek\u00e1van\u00fd objem \u010desk\u00e9 v\u00fdroby za cel\u00fd rok, kter\u00fd by m\u011bl p\u0159ekonat rok 2023 a navr\u00e1tit se tak na \u00farove\u0148 p\u0159edcovidov\u00fdch v\u00fdrobn\u00edch hodnot. O to v\u00edce je pot\u0159eba p\u0159edch\u00e1zet nezam\u00fd\u0161len\u00fdm dopad\u016fm p\u0159\u00edsn\u00e9 evropsk\u00e9 regulace na trhy, aktu\u00e1ln\u011b jde zejm\u00e9na o riziko nespln\u011bn\u00ed ambici\u00f3zn\u00edch c\u00edl\u016f sni\u017eov\u00e1n\u00ed emis\u00ed CO2. Hroz\u00ed dal\u0161\u00ed sni\u017eov\u00e1n\u00ed celkov\u00e9ho objemu prodej\u016f, rozkol\u00eds\u00e1n\u00ed v\u00fdroby a v neposledn\u00ed \u0159ad\u011b sni\u017eov\u00e1n\u00ed po\u010dtu pracovn\u00edch m\u00edst.\u201c \u0159\u00edk\u00e1 Zden\u011bk Petzl, v\u00fdkonn\u00fd \u0159editel Sdru\u017een\u00ed automobilov\u00e9ho pr\u016fmyslu.<\/p>\n<p><strong>Osobn\u00ed vozidla<\/strong><br \/>\nZa prvn\u00edch deset m\u011bs\u00edc\u016f tohoto roku bylo v \u010cesk\u00e9 republice vyrobeno 1 239 141 osobn\u00edch vozidel, tj. meziro\u010dn\u011b o 6,6 % v\u00edce ne\u017e ve stejn\u00e9m obdob\u00ed p\u0159edchoz\u00edho roku. Elektrick\u00fdch automobil\u016f bylo v dan\u00e9m obdob\u00ed vyrobeno 127 222 ks a jejich pod\u00edl na tuzemsk\u00e9 produkci se pohybuje na \u00farovni 10,3 %. Celkem bylo vyrobeno 95 657 bateriov\u00fdch BEV a 31 565 plug-in hybridn\u00edch vozidel.<\/p>\n<p>Nejv\u011bt\u0161\u00ed dom\u00e1c\u00ed automobilka \u0160koda Auto vyrobila ve sv\u00fdch tuzemsk\u00fdch z\u00e1vodech v lednu a\u017e \u0159\u00edjnu 763 685 osobn\u00edch automobil\u016f (+5,7 %). Elektrick\u00fdch voz\u016f (BEV a PHEV) bylo vyrobeno 80 655, tj. 10,6 % z celkov\u00e9 produkce zna\u010dky. Z toho bylo 67 787 vozidel bateriov\u00fdch a 12 868 vozidel plug-in hybridn\u00edch.<\/p>\n<p>V no\u0161ovick\u00e9m z\u00e1vod\u011b automobilky Hyundai bylo od ledna do \u0159\u00edjna vyrobeno celkem 284 250 vozidel, tj. o 2 350 automobil\u016f m\u00e9n\u011b ne\u017e ve stejn\u00e9m obdob\u00ed lo\u0148sk\u00e9ho roku. Z celkov\u00e9ho po\u010dtu vozidel m\u011blo 27 870 \u010dist\u011b elektrick\u00fd a 18 697 plug-in hybridn\u00ed pohon. Celkov\u011b tak elektrick\u00e9 vozy vyroben\u00e9 v No\u0161ovic\u00edch tvo\u0159\u00ed 16,4 % z celkov\u00e9 tuzemsk\u00e9 produkce zna\u010dky.<\/p>\n<p>Z v\u00fdrobn\u00ed linky Toyoty Motor Manufacturing v Kol\u00edn\u011b sjelo v dan\u00e9m obdob\u00ed 191 206 zkompletovan\u00fdch automobil\u016f, tedy o 37 885 ks a 24,7 % vozidel v\u00edce ne\u017e ve stejn\u00e9m obdob\u00ed minul\u00e9ho roku, kter\u00fd byl ovlivn\u011bn \u0159adou odst\u00e1vek, zp\u016fsoben\u00fdch nedostatkem n\u011bkter\u00fdch d\u00edl\u016f pro v\u00fdrobu. T\u00e9m\u011b\u0159 polovinu produkce p\u0159edstavoval hybridn\u00ed model Yaris HV.<\/p>\n<p><strong>Autobusy<\/strong><br \/>\nV\u00fdroba autobus\u016f zaznamenala nepatrn\u00fd meziro\u010dn\u00ed pokles zp\u016fsoben\u00fd p\u0159edev\u0161\u00edm objedn\u00e1vkov\u00fdm charakterem v\u00fdroby. V prvn\u00edch deseti m\u011bs\u00edc\u00edch bylo v \u010cesk\u00e9 republice vyrobeno celkem 3 581 autobus\u016f, tedy o 574 m\u00e9n\u011b (-13,8 %) ne\u017e ve stejn\u00e9m obdob\u00ed lo\u0148sk\u00e9ho roku. Ve vysokom\u00fdtsk\u00e9m Iveco CR bylo vyrobeno 3 259 autobus\u016f (-16,1 %) a dal\u0161\u00edch 559 autobus\u016f ve form\u011b built-up, kter\u00e9 jsou dokon\u010dov\u00e1ny v sestersk\u00e9m z\u00e1vod\u011b ve Foggia v It\u00e1lii.<\/p>\n<p>Meziro\u010dn\u011b vy\u0161\u0161\u00ed v\u00fdrobn\u00ed v\u00fdsledek evidoval libchavsk\u00fd z\u00e1vod SOR, ve kter\u00e9m bylo vyrobeno celkem 294 autobus\u016f, tedy o 38 v\u00edce ne\u017e v dan\u00e9m obdob\u00ed lo\u0148sk\u00e9ho roku (+14,8 %). Vy\u0161\u0161\u00ed trend v\u00fdroby zaznamenala i spole\u010dnost KHMC s hodnotou 26 vyroben\u00fdch minibus\u016f, kter\u00fdch za dan\u00e9 obdob\u00ed vyrobila o 12 ks v\u00edce ne\u017e v lo\u0148sk\u00e9m roce (+85,7 %).<\/p>\n<p>V\u00fdrazn\u00fd meziro\u010dn\u00ed n\u00e1r\u016fst zaznamenal segment \u010dist\u011b bateriov\u00fdch autobus\u016f, kter\u00fdch bylo za leden a\u017e \u0159\u00edjen vyrobeno celkem 73 ks, tedy o 47 elektrick\u00fdch autobus\u016f a 180,8 % v\u00edce ne\u017e v minul\u00e9m roce. 38 z nich bylo vyrobeno v Iveco CR a 35 v SOR Libchavy.<\/p>\n<p><img loading=\"lazy\" decoding=\"async\" class=\"size-medium wp-image-2575\" src=\"http:\/\/www.automakers.cz\/wp-content\/uploads\/2024\/03\/Motosalon-Jawa-777x900.jpg\" alt=\"\" width=\"777\" height=\"900\" \/><\/p>\n<p><strong>Motocykly<\/strong><br \/>\nTradi\u010dn\u00ed v\u00fdrobce motocykl\u016f JAWA Moto vyk\u00e1zal meziro\u010dn\u00ed n\u00e1r\u016fst v\u00fdroby. V lednu a\u017e \u0159\u00edjnu sjelo z v\u00fdrobn\u00ed linky tuzemsk\u00e9 zna\u010dky celkem 841 motocykl\u016f (+28,0 %), v meziro\u010dn\u00edm absolutn\u00edm srovn\u00e1n\u00ed tedy o 184 motocykl\u016f v\u00edce ne\u017e v p\u0159ede\u0161l\u00e9m roce.<\/p>\n<p><strong>Zdroj: AutoSAP<\/strong><\/p>\n","protected":false},"excerpt":{"rendered":"<p>Mezi lednem a \u0159\u00edjnem sjelo z linek tuzemsk\u00fdch v\u00fdrobc\u016f celkem 1 239 141 osobn\u00edch automobil\u016f,&#8230;<\/p>\n","protected":false},"author":1,"featured_media":757,"comment_status":"closed","ping_status":"closed","sticky":false,"template":"","format":"standard","meta":{"footnotes":""},"categories":[10,18],"tags":[],"class_list":["post-9057","post","type-post","status-publish","format-standard","has-post-thumbnail","hentry","category-statistika","category-vyroba"],"_links":{"self":[{"href":"https:\/\/www.automakers.cz\/index.php?rest_route=\/wp\/v2\/posts\/9057","targetHints":{"allow":["GET"]}}],"collection":[{"href":"https:\/\/www.automakers.cz\/index.php?rest_route=\/wp\/v2\/posts"}],"about":[{"href":"https:\/\/www.automakers.cz\/index.php?rest_route=\/wp\/v2\/types\/post"}],"author":[{"embeddable":true,"href":"https:\/\/www.automakers.cz\/index.php?rest_route=\/wp\/v2\/users\/1"}],"replies":[{"embeddable":true,"href":"https:\/\/www.automakers.cz\/index.php?rest_route=%2Fwp%2Fv2%2Fcomments&post=9057"}],"version-history":[{"count":3,"href":"https:\/\/www.automakers.cz\/index.php?rest_route=\/wp\/v2\/posts\/9057\/revisions"}],"predecessor-version":[{"id":9059,"href":"https:\/\/www.automakers.cz\/index.php?rest_route=\/wp\/v2\/posts\/9057\/revisions\/9059"}],"wp:featuredmedia":[{"embeddable":true,"href":"https:\/\/www.automakers.cz\/index.php?rest_route=\/wp\/v2\/media\/757"}],"wp:attachment":[{"href":"https:\/\/www.automakers.cz\/index.php?rest_route=%2Fwp%2Fv2%2Fmedia&parent=9057"}],"wp:term":[{"taxonomy":"category","embeddable":true,"href":"https:\/\/www.automakers.cz\/index.php?rest_route=%2Fwp%2Fv2%2Fcategories&post=9057"},{"taxonomy":"post_tag","embeddable":true,"href":"https:\/\/www.automakers.cz\/index.php?rest_route=%2Fwp%2Fv2%2Ftags&post=9057"}],"curies":[{"name":"wp","href":"https:\/\/api.w.org\/{rel}","templated":true}]}}