{"id":910,"date":"2023-12-13T08:49:36","date_gmt":"2023-12-13T08:49:36","guid":{"rendered":"https:\/\/www.automakers.cz\/?p=910"},"modified":"2023-12-13T09:50:44","modified_gmt":"2023-12-13T09:50:44","slug":"dachser-stavi-logisticky-terminal-na-kladne","status":"publish","type":"post","link":"https:\/\/www.automakers.cz\/?p=910","title":{"rendered":"Dachser stav\u00ed logistick\u00fd termin\u00e1l na Kladn\u011b"},"content":{"rendered":"<p><strong>\u010cesk\u00fd Dachser letos spustil provoz nov\u00fdch skladov\u00fdch prostor v \u010cesk\u00fdch Bud\u011bjovic\u00edch a zah\u00e1jil v\u00fdstavbu p\u0159ekl\u00e1dkov\u00e9ho skladu v Kladn\u011b. Roz\u0161\u00ed\u0159il tak\u00e9 sv\u016fj koncept bezemisn\u00edho z\u00e1sobov\u00e1n\u00ed. Pl\u00e1ny na rok 2024 prozradil na tiskov\u00e9 konferenci v karl\u00ednsk\u00e9 Truhl\u00e1rn\u011b \u0161\u00e9f firmy Jan Pihar.<\/strong><!--more--><\/p>\n<p>Celkov\u00e9 investice do rozvoje spole\u010dnosti \u010dinily p\u0159es 330 milion\u016f korun. Podle p\u0159edb\u011b\u017en\u00fdch v\u00fdsledk\u016f spole\u010dnost letos odbavila 1,2 milionu pozemn\u00edch, leteck\u00fdch a n\u00e1mo\u0159n\u00edch z\u00e1silek o celkov\u00e9 ton\u00e1\u017ei 850 tis\u00edc tun a rok uzav\u0159e s obratem ve v\u00fd\u0161i p\u0159ibli\u017en\u011b 4 miliardy korun.<\/p>\n<p>\u201e<em>Rok 2023 byl poznamenan\u00fd zpomalov\u00e1n\u00edm ekonomiky v \u010cesk\u00e9 republice i v N\u011bmecku, na\u0161\u00ed nejv\u011bt\u0161\u00ed exportn\u00ed destinaci, a n\u00edzk\u00fdm, t\u00e9m\u011b\u0159 nulov\u00fdm r\u016fstem v cel\u00e9 EU. P\u0159esto se n\u00e1m da\u0159ilo na situaci mimo\u0159\u00e1dn\u011b dob\u0159e reagovat, zejm\u00e9na nab\u00eddkou skladovac\u00edch kapacit, po kter\u00fdch se v\u00a0d\u016fsledku zm\u011bn ekonomick\u00e9ho prost\u0159ed\u00ed popt\u00e1vka v\u00fdznamn\u011b zv\u00fd\u0161ila<\/em>,\u201c \u0159\u00edk\u00e1 Ing. Jan Pihar, gener\u00e1ln\u00ed \u0159editel Dachser Czech Republic a.s., a dod\u00e1v\u00e1, \u201e<em>dok\u00e1\u017eeme tak uspokojit po\u017eadavky na\u0161ich z\u00e1kazn\u00edk\u016f na skladov\u00e1n\u00ed a logistick\u00e9 slu\u017eby s p\u0159idanou hodnotou. Krom\u011b toho jsme posilovali na\u0161i logistickou s\u00ed\u0165, kter\u00e1 n\u00e1m umo\u017e\u0148uje realizovat p\u0159epravy s rekordn\u00edmi doru\u010dovac\u00edmi \u010dasy.<\/em>\u201c<\/p>\n<p><strong><u>Zv\u00fd\u0161en\u00ed skladov\u00fdch kapacit<\/u><\/strong><\/p>\n<p>Dachser Czech Republic v roce 2023 pokra\u010doval ve sv\u00e9 dlouhodob\u00e9 strategii udr\u017eiteln\u00e9ho rozvoje a investoval do pos\u00edlen\u00ed logistick\u00e9 s\u00edt\u011b a sv\u00fdch slu\u017eeb. V \u010cesk\u00fdch Bud\u011bjovic\u00edch roz\u0161\u00ed\u0159il svoji pobo\u010dku o novou skladovou halu se 14 000 m<sup>2<\/sup> a 25 000 paletov\u00fdmi m\u00edsty a d\u00e1le se zde specializuje na slu\u017eby kontraktn\u00ed logistiky. Zah\u00e1jena byla tak\u00e9 nejv\u011bt\u0161\u00ed investice spole\u010dnosti \u2013 v\u00fdstavba nov\u00e9ho p\u0159ekl\u00e1dkov\u00e9ho skladu o velikosti 4 000 m<sup>2<\/sup> s administrativn\u00ed vestavbou na pobo\u010dce v Kladn\u011b.<\/p>\n<p>Stavba byla zapo\u010data v \u010dervnu tohoto roku a po jej\u00edm dokon\u010den\u00ed, kter\u00e9 je napl\u00e1novan\u00e9 na prvn\u00ed polovinu roku 2024, bude pobo\u010dka v Kladn\u011b zahrnovat na 18 500 m<sup>2<\/sup> skladov\u00fdch prostor a stane se tak nejv\u011bt\u0161\u00edm termin\u00e1lem spole\u010dnosti v \u010cesk\u00e9 republice. \u201e<em>V\u00fdstavba nov\u00e9ho p\u0159ekl\u00e1dkov\u00e9ho skladu n\u00e1m umo\u017en\u00ed zrychlit procesy a do ur\u010dit\u00e9 m\u00edry tak absorbovat vn\u011bj\u0161\u00ed vlivy trhu na na\u0161e z\u00e1kazn\u00edky<\/em>,\u201c uv\u00e1d\u00ed Ing. Jan Polter, MBA, obchodn\u00ed \u0159editel \u00a0Dachser Czech Republic a.s.<\/p>\n<p><strong><u>Rozvoj s\u00edt\u011b a nejv\u011bt\u0161\u00ed evropsk\u00e1 akvizice v logistice v roce 2023<\/u><\/strong><\/p>\n<p>Evropsk\u00e1 s\u00ed\u0165 pozemn\u00edch p\u0159eprav spole\u010dnosti Dachser zahrnuje 223 vlastn\u00edch a 66 partnersk\u00fdch pobo\u010dek ve 37 zem\u00edch, kter\u00e9 jsou vz\u00e1jemn\u011b propojeny tis\u00edci p\u0159\u00edm\u00fdmi denn\u00edmi linkami sb\u011brn\u00e9 slu\u017eby. Jen z \u010cesk\u00e9 republiky ka\u017ed\u00fd den vyj\u00ed\u017ed\u00ed v\u00edce ne\u017e 100 linek do v\u0161ech kout\u016f Evropy. Jejich optim\u00e1ln\u00ed nataktov\u00e1n\u00ed a v\u00fdb\u011br trasy umo\u017e\u0148uj\u00ed spole\u010dnosti Dachser poskytovat vysokou kvalitu p\u0159eprav. Jsou tak\u00e9 z\u00e1kladem pro oborov\u00e1 \u0159e\u0161en\u00ed DACHSER Chem Logistics a\u00a0DACHSER DIY Logistics, kter\u00e1 jsou u\u0161it\u00e1 na m\u00edru specifick\u00fdm segment\u016fm trhu a kombinuj\u00ed hlubok\u00e9 oborov\u00e9 know-how s kvalitou s\u00edt\u011b.<\/p>\n<p>V leto\u0161n\u00edm roce se logistick\u00e1 s\u00ed\u0165 spole\u010dnosti Dachser v\u00fdznamn\u011b roz\u0161\u00ed\u0159ila akvizic\u00ed na jihu Evropy. Skupina Dachser zde pos\u00edlila svoji p\u0159\u00edtomnost, kdy\u017e se sv\u00fdm dlouholet\u00fdm italsk\u00fdm partnerem spole\u010dnost\u00ed Fercam zalo\u017eila joint venture Dachser Fercam Italia S.r.l. Do t\u00e9 p\u0159ejdou divize Fercam Distribution (sb\u011brn\u00e1 slu\u017eba) a Fercam Logistics (kontraktn\u00ed logistika), kter\u00e9 zam\u011bstn\u00e1vaj\u00ed 920\u00a0lid\u00ed ve 43 pobo\u010dk\u00e1ch po cel\u00e9 It\u00e1lii a v roce 2022 vygenerovaly obrat ve v\u00fd\u0161i cca 400\u00a0milion\u016f\u00a0eur. V nov\u00e9m joint venture bude m\u00edt Dachser 80% pod\u00edl.<\/p>\n<p>\u201e<em>Jedn\u00e1 se o v\u00fdznamn\u00fd krok, kter\u00fd vyplnil zb\u00fdvaj\u00edc\u00ed m\u00edsto na evropsk\u00e9 map\u011b a doplnil na\u0161i vlastn\u00ed s\u00ed\u0165. P\u0159inese \u0159adu benefit\u016f i na\u0161im \u010desk\u00fdm z\u00e1kazn\u00edk\u016fm,\u201c<\/em> \u0159\u00edk\u00e1 Jan Polter. \u010cesk\u00e1 republika je u\u017e nyn\u00ed propojena s italsk\u00fdm trhem prost\u0159ednictv\u00edm denn\u00edch linek sb\u011brn\u00e9 slu\u017eby do Padovy a\u00a0Verony, spole\u010dnost pro sv\u00e9 z\u00e1kazn\u00edky realizuje i dal\u0161\u00ed slu\u017eby jako nap\u0159\u00edklad odv\u00e1d\u011bn\u00ed spot\u0159ebn\u00ed dan\u011b. D\u00edky akvizici budou \u010de\u0161t\u00ed z\u00e1kazn\u00edci profitovat z je\u0161t\u011b lep\u0161\u00ed n\u00e1vaznosti linek i do t\u011bch nejvzd\u00e1len\u011bj\u0161\u00edch destinac\u00ed v It\u00e1lii a spole\u010dnost bude m\u00edt ide\u00e1ln\u00ed podm\u00ednky pro rozvoj speci\u00e1ln\u00edch \u0159e\u0161en\u00ed a kontraktn\u00ed logistiky na italsk\u00e9m trhu.<\/p>\n<p><img loading=\"lazy\" decoding=\"async\" class=\"alignnone size-medium wp-image-670\" src=\"http:\/\/www.automakers.cz\/wp-content\/uploads\/2023\/12\/Fotovoltaika_strecha_Dachser-small-1-900x600.jpg\" alt=\"\" width=\"900\" height=\"600\" \/><\/p>\n<p><u>Udr\u017eiteln\u00fd rozvoj<\/u><\/p>\n<p>Dachser Czech Republic v roce 2023 nav\u00e1zal na svoje aktivity v oblasti bezemisn\u00edho doru\u010dov\u00e1n\u00ed a nav\u00fd\u0161il po\u010det tras realizovan\u00fdch s nulov\u00fdmi emisemi. Na svoji pravidelnou denn\u00ed linku Kladno \u2013 Hradec Kr\u00e1lov\u00e9 a zp\u011bt nasadil pln\u011b elektrick\u00fd taha\u010d Volvo FH Electric, kter\u00fd je pou\u017e\u00edv\u00e1n jako tandemov\u00e1 souprava se dv\u011bma v\u00fdm\u011bnn\u00fdmi n\u00e1stavbami. Na tuto linku v obou m\u011bstech navazuj\u00ed region\u00e1ln\u00ed rozvozy realizovan\u00e9 tak\u00e9 s nulov\u00fdmi emisemi CO<sub>2<\/sub>.<\/p>\n<p>I dal\u0161\u00ed aktivity spole\u010dnosti sm\u011b\u0159ovaly do udr\u017eiteln\u00e9ho rozvoje a ochrany klimatu. Dachser Czech Republic financoval pos\u00edlen\u00ed vlastn\u00ed elektrick\u00e9 infrastruktury a instaloval na v\u0161ech pobo\u010dk\u00e1ch dob\u00edjec\u00ed stanice pro n\u00e1kladn\u00ed i osobn\u00ed vozidla. <em>\u201eC\u00edlem t\u011bchto investic je<\/em><em> zajistit si nez\u00e1vislost na ve\u0159ejn\u00fdch dob\u00edjec\u00edch stanic\u00edch a t\u00edm i flexibilitu pro na\u0161e p\u0159epravce a zam\u011bstnance, kte\u0159\u00ed vyu\u017e\u00edvaj\u00ed flotilu slu\u017eebn\u00edch elektromobil\u016f,\u201c<\/em> vysv\u011btluje Jan Pihar.<\/p>\n<p>Dachser financoval tak\u00e9 vlastn\u00ed fotovoltaickou st\u0159e\u0161n\u00ed elektr\u00e1rnu o\u202fv\u00fdkonu 387 kWp, kterou instaloval na p\u0159ekl\u00e1dkovou halu v Kladn\u011b. V sou\u010dasn\u00e9 dob\u011b jsou realizov\u00e1ny p\u0159\u00edpravn\u00e9 pr\u00e1ce pro osazen\u00ed druh\u00e9 fotovoltaick\u00e9 st\u0159e\u0161n\u00ed elektr\u00e1rny s v\u00fdkonem 280 kWp na nov\u00e9 hale ve v\u00fdstavb\u011b. Pro uskladn\u011bn\u00ed p\u0159ebyte\u010dn\u00e9 energie vygenerovan\u00e9 fotovoltaikou spole\u010dnost po\u0159\u00eddila dv\u011b \u00falo\u017ei\u0161t\u011b, ka\u017ed\u00e9 o kapacit\u011b 300 kWh a v\u00fdkonu 210 kW.<\/p>\n<p>Na principech udr\u017eiteln\u00e9ho rozvoje je postavena i person\u00e1ln\u00ed politika t\u00e9to rodinn\u00e9 spole\u010dnosti. Dachser v \u010cesk\u00e9 republice zam\u011bstn\u00e1v\u00e1 580 zam\u011bstnanc\u016f v sedmi pobo\u010dk\u00e1ch a t\u0159ech provozovn\u00e1ch a investice plynuly i do jejich r\u016fstu.<\/p>\n<p>\u201e<em>V roce 2023 jsme spustili nov\u00fd vzd\u011bl\u00e1vac\u00ed projekt a realizovali \u0159adu \u0161kolen\u00ed na m\u00edru na\u0161im zam\u011bstnanc\u016fm. Tak\u00e9 jsme nastartovali \u0159adu intern\u00edch zm\u011bn v person\u00e1ln\u00ed oblasti, kter\u00e9 p\u0159inesou je\u0161t\u011b lep\u0161\u00ed komunikaci nap\u0159\u00ed\u010d celou spole\u010dnost\u00ed. Po n\u011bkolikalet\u00e9 vynucen\u00e9 pauze se n\u00e1m tak\u00e9 poda\u0159ilo znovu uspo\u0159\u00e1dat DACHSER Evropsk\u00fd festival \u2013 platformu pro setk\u00e1n\u00ed zam\u011bstnanc\u016f, z\u00e1kazn\u00edk\u016f a partner\u016f v neform\u00e1ln\u00ed atmosf\u00e9\u0159e, kter\u00e1 je oslavou na\u0161\u00ed logistick\u00e9 s\u00edt\u011b,\u201c<\/em> ud\u00e1v\u00e1 Jan Pihar, a dopl\u0148uje, \u201e<em>podobn\u011b jako v\u00a0p\u0159edchoz\u00edch letech jsme se v\u011bnovali i ve\u0159ejn\u011b-prosp\u011b\u0161n\u00fdm aktivit\u00e1m \u2013 a\u0165 u\u017e je to mnohovrstevn\u00e1 spolupr\u00e1ce s projektem Sv\u011btlu\u0161ka Nadace \u010cesk\u00e9ho rozhlasu \u010di podpora iniciativy Dr. Klaun (Chance4Children)\u201c<\/em>.<\/p>\n<p><strong><u>V\u00fdhled do roku 2024<\/u><\/strong><\/p>\n<p>V roce 2024 se Dachser Czech Republic bude i nad\u00e1le soust\u0159edit na rozvoj slu\u017eeb kontraktn\u00ed logistiky, sv\u00fdch oborov\u00fdch \u0159e\u0161en\u00ed a roz\u0161\u00ed\u0159en\u00ed kapacit sb\u011brn\u00e9 slu\u017eby. V pl\u00e1nu jsou i dal\u0161\u00ed kroky k\u00a0rozvoji bezemisn\u00edho z\u00e1sobov\u00e1n\u00ed. S dokon\u010den\u00edm nov\u00e9ho p\u0159ekl\u00e1dkov\u00e9ho skladu v Kladn\u011b bude spole\u010dnost moci je\u0161t\u011b v\u00edce zefektivnit procesy sv\u00e9 nejv\u011bt\u0161\u00ed pobo\u010dky a d\u00e1le zv\u00fd\u0161it kvalitu sv\u00fdch slu\u017eeb. Pro z\u00e1kazn\u00edky spole\u010dnost p\u0159ipravuje nov\u00e9 digit\u00e1ln\u00ed prost\u0159ed\u00ed s vysok\u00fdm u\u017eivatelsk\u00fdm komfortem a intuitivn\u00edm ovl\u00e1d\u00e1n\u00edm. Investice spole\u010dnosti nad\u00e1le poplynou do vzd\u011bl\u00e1v\u00e1n\u00ed zam\u011bstnanc\u016f a jejich odborn\u00e9ho r\u016fstu.<\/p>\n<p><strong><u>Dachser v \u010cesk\u00e9 republice<\/u><\/strong><\/p>\n<p>Dachser p\u016fsob\u00ed na trhu logistiky a zasilatelstv\u00ed ji\u017e od roku 1992, kdy byla zalo\u017eena spole\u010dnost E.S.T. a.s. poskytuj\u00edc\u00ed slu\u017eby v oblasti mezin\u00e1rodn\u00ed a vnitrost\u00e1tn\u00ed kamionov\u00e9 spedice, skladov\u00e1n\u00ed a celn\u00edch slu\u017eeb. Mezin\u00e1rodn\u00ed poskytovatel logistick\u00fdch slu\u017eeb Dachser\u00a0 uzav\u0159el s\u00a0E.S.T. v roce 2006 smlouvu o joint venture, proces integrace byl zavr\u0161en rozhodnut\u00edm o\u00a0p\u0159ejmenov\u00e1n\u00ed spole\u010dnosti na Dachser Czech Republic a.s. s \u00fa\u010dinnost\u00ed od 1. 1. 2010. Spole\u010dnost je dnes specialistou na mezin\u00e1rodn\u00ed sb\u011brnou slu\u017ebu a charterov\u00e9 p\u0159epravy, poskytuje kontraktn\u00ed logistiku a slu\u017eby s p\u0159idanou hodnotou a prost\u0159ednictv\u00edm sv\u00e9 divize Dachser Air &amp; Sea Logistics zabezpe\u010duje i leteck\u00e9 a n\u00e1mo\u0159n\u00ed p\u0159epravy a celn\u00ed slu\u017eby do cel\u00e9ho sv\u011bta.<\/p>\n<p>Dachser Czech Republic ve sv\u00fdch sedmi pobo\u010dk\u00e1ch (v Kladn\u011b, Ostrav\u011b, Brn\u011b, B\u0159eclavi, \u010cesk\u00fdch Bud\u011bjovic\u00edch, Hradci Kr\u00e1lov\u00e9 a v Praze) a t\u0159ech provozovn\u00e1ch (Letohrad, Fren\u0161t\u00e1t pod Radho\u0161t\u011bm a T\u00fdni\u0161t\u011b nad Orlic\u00ed) v sou\u010dasn\u00e9 dob\u011b zam\u011bstn\u00e1v\u00e1 t\u00e9m\u011b\u0159 600 lid\u00ed. Spole\u010dnost disponuje t\u00e9m\u011b\u0159 65 tis\u00edci paletov\u00fdmi m\u00edsty pro skladov\u00e1n\u00ed po cel\u00e9 \u010cesk\u00e9 republice.<\/p>\n<p><strong><u>Z\u00e1kladn\u00ed informace o skupin\u011b Dachser<\/u><\/strong><\/p>\n<p>Rodinn\u00e1 spole\u010dnost Dachser se s\u00eddlem v n\u011bmeck\u00e9m Kemptenu je p\u0159edn\u00edm poskytovatelem logistick\u00fdch slu\u017eeb v Evrop\u011b. Dachser poskytuje komplexn\u00ed p\u0159epravn\u00ed logistiku, skladov\u00e1n\u00ed a individu\u00e1ln\u00ed z\u00e1kaznick\u00e9 slu\u017eby ve t\u0159ech obchodn\u00edch diviz\u00edch: Dachser European Logistics, Dachser Food Logistics a Dachser Air &amp; Sea Logistics.<\/p>\n<p>Nab\u00eddku dopl\u0148uj\u00ed dal\u0161\u00ed slu\u017eby jako kontraktn\u00ed logistika, konzultace a poradenstv\u00ed a specifick\u00e1 \u0159e\u0161en\u00ed p\u0159izp\u016fsoben\u00e1 na m\u00edru jednotliv\u00fdm odv\u011btv\u00edm. D\u00edky komplexn\u00ed dopravn\u00ed s\u00edti jak v Evrop\u011b, tak i v z\u00e1mo\u0159\u00ed a informa\u010dn\u00edm technologi\u00edm, kter\u00e9 jsou pln\u011b integrov\u00e1ny do v\u0161ech syst\u00e9m\u016f, poskytuje Dachser inteligentn\u00ed logistick\u00e1 \u0159e\u0161en\u00ed po cel\u00e9m sv\u011bt\u011b. V sou\u010dasnosti zam\u011bstn\u00e1v\u00e1 32 850 lid\u00ed ve 379 pobo\u010dk\u00e1ch a m\u00e1 vlastn\u00ed zastoupen\u00ed ve 41 zem\u00edch sv\u011bta. Za rok 2022 zrealizoval p\u0159epravu 81,1 milion\u016f z\u00e1silek o celkov\u00e9 ton\u00e1\u017ei 42,8 milion\u016f tun. Celkov\u00fd konsolidovan\u00fd \u010dist\u00fd obrat koncernu Dachser v roce 2022 \u010dinil p\u0159ibli\u017en\u011b 8,1 miliard euro.<\/p>\n<p><strong>TK Dachser, Erich Handl, Karl\u00edn<\/strong><\/p>\n<p><img loading=\"lazy\" decoding=\"async\" class=\"alignnone size-medium wp-image-914\" src=\"http:\/\/www.automakers.cz\/wp-content\/uploads\/2023\/12\/Dachser-TK-Truhlarna-Vlado-900x675.jpg\" alt=\"\" width=\"900\" height=\"675\" srcset=\"https:\/\/www.automakers.cz\/wp-content\/uploads\/2023\/12\/Dachser-TK-Truhlarna-Vlado-900x675.jpg 900w, https:\/\/www.automakers.cz\/wp-content\/uploads\/2023\/12\/Dachser-TK-Truhlarna-Vlado-1024x768.jpg 1024w, https:\/\/www.automakers.cz\/wp-content\/uploads\/2023\/12\/Dachser-TK-Truhlarna-Vlado-768x576.jpg 768w, https:\/\/www.automakers.cz\/wp-content\/uploads\/2023\/12\/Dachser-TK-Truhlarna-Vlado-1536x1152.jpg 1536w, https:\/\/www.automakers.cz\/wp-content\/uploads\/2023\/12\/Dachser-TK-Truhlarna-Vlado.jpg 2040w\" sizes=\"auto, (max-width: 900px) 100vw, 900px\" \/><\/p>\n<p>&nbsp;<\/p>\n","protected":false},"excerpt":{"rendered":"<p>\u010cesk\u00fd Dachser letos spustil provoz nov\u00fdch skladov\u00fdch prostor v \u010cesk\u00fdch Bud\u011bjovic\u00edch a zah\u00e1jil v\u00fdstavbu p\u0159ekl\u00e1dkov\u00e9ho&#8230;<\/p>\n","protected":false},"author":1,"featured_media":913,"comment_status":"open","ping_status":"open","sticky":false,"template":"","format":"standard","meta":{"footnotes":""},"categories":[43,20],"tags":[],"class_list":["post-910","post","type-post","status-publish","format-standard","has-post-thumbnail","hentry","category-logistika","category-tiskovky"],"_links":{"self":[{"href":"https:\/\/www.automakers.cz\/index.php?rest_route=\/wp\/v2\/posts\/910","targetHints":{"allow":["GET"]}}],"collection":[{"href":"https:\/\/www.automakers.cz\/index.php?rest_route=\/wp\/v2\/posts"}],"about":[{"href":"https:\/\/www.automakers.cz\/index.php?rest_route=\/wp\/v2\/types\/post"}],"author":[{"embeddable":true,"href":"https:\/\/www.automakers.cz\/index.php?rest_route=\/wp\/v2\/users\/1"}],"replies":[{"embeddable":true,"href":"https:\/\/www.automakers.cz\/index.php?rest_route=%2Fwp%2Fv2%2Fcomments&post=910"}],"version-history":[{"count":5,"href":"https:\/\/www.automakers.cz\/index.php?rest_route=\/wp\/v2\/posts\/910\/revisions"}],"predecessor-version":[{"id":917,"href":"https:\/\/www.automakers.cz\/index.php?rest_route=\/wp\/v2\/posts\/910\/revisions\/917"}],"wp:featuredmedia":[{"embeddable":true,"href":"https:\/\/www.automakers.cz\/index.php?rest_route=\/wp\/v2\/media\/913"}],"wp:attachment":[{"href":"https:\/\/www.automakers.cz\/index.php?rest_route=%2Fwp%2Fv2%2Fmedia&parent=910"}],"wp:term":[{"taxonomy":"category","embeddable":true,"href":"https:\/\/www.automakers.cz\/index.php?rest_route=%2Fwp%2Fv2%2Fcategories&post=910"},{"taxonomy":"post_tag","embeddable":true,"href":"https:\/\/www.automakers.cz\/index.php?rest_route=%2Fwp%2Fv2%2Ftags&post=910"}],"curies":[{"name":"wp","href":"https:\/\/api.w.org\/{rel}","templated":true}]}}