{"id":9103,"date":"2024-11-25T07:24:14","date_gmt":"2024-11-25T07:24:14","guid":{"rendered":"https:\/\/www.automakers.cz\/?p=9103"},"modified":"2024-11-25T07:26:07","modified_gmt":"2024-11-25T07:26:07","slug":"gigafactory-v-dolni-lutyni-chce-samsung","status":"publish","type":"post","link":"https:\/\/www.automakers.cz\/?p=9103","title":{"rendered":"Gigafactory v Doln\u00ed Lutyni chce Samsung"},"content":{"rendered":"<p class=\"c_a4 g_gP speakable\" data-dot=\"ogm-article-perex\"><strong>Podle informac\u00ed Novinek chce bateriovou gigafactory v Doln\u00ed Lutyni stav\u011bt jihokorejsk\u00fd Samsung. Ministerstvo pr\u016fmyslu a obchodu jm\u00e9no konkr\u00e9tn\u00ed firmy nepotvrdilo, nicm\u00e9n\u011b od jej\u00edho p\u0159\u00edchodu si slibuje velk\u00fd p\u0159\u00edliv investic, tis\u00edce nov\u00fdch pracovn\u00edch m\u00edst a zisk technologick\u00e9ho know-how.<\/strong><!--more--><\/p>\n<div class=\"_6231b388c0086990921bf42b ogm-container\">\n<div class=\"g_gT\" data-e2e=\"ogm-article-layout\">\n<article class=\"g_gV\" role=\"article\" aria-labelledby=\"accessibility-article\">\n<div class=\"g_gU\" data-dot=\"ogm-article-content\">\n<div class=\"e_eg e_er\">\n<div class=\"e_a4 speakable\" data-dot=\"mol-paragraph\">\n<p class=\"c_a4\"><span class=\"c_eE\">Zdroje Novinek krom\u011b jin\u00e9ho podot\u00fdkaj\u00ed, \u017ee pro Jihokorejce se jedn\u00e1 o\u00a0v\u00fdhodnou lokalitu, nebo\u0165 v\u00a0Moravskoslezsk\u00e9m kraji u\u017e elektromobily vyr\u00e1b\u011bj\u00ed, konkr\u00e9tn\u011b Hyundai v\u00a0No\u0161ovic\u00edch. A\u00a0nedaleko za hranicemi u\u00a0slovensk\u00e9 \u017diliny vyr\u00e1b\u00ed dal\u0161\u00ed jihokorejsk\u00e1 automobilka KIA.<\/span><\/p>\n<\/div>\n<div class=\"e_a4 speakable\" data-dot=\"mol-paragraph\">\n<p class=\"c_a4\"><span class=\"c_eE\">Ministr pr\u016fmyslu a\u00a0obchodu Luk\u00e1\u0161 Vl\u010dek (STAN) o\u00a0tom, kdo by m\u011bl tov\u00e1rnu stav\u011bt, hovo\u0159it necht\u011bl. \u201eJedn\u00e1n\u00ed o\u00a0investic\u00edch ve stovk\u00e1ch miliard korun jsou velmi citliv\u00e1 pro ka\u017edou firmu a\u00a0jej\u00ed akcion\u00e1\u0159e, proto nyn\u00ed nemohu jm\u00e9no investora prozradit. Z\u00e1rove\u0148 s\u00a0n\u00edm m\u00e1me uzav\u0159enou dohodu o\u00a0ml\u010denlivosti,\u201c sd\u011blil Novink\u00e1m.<\/span><\/p>\n<\/div>\n<div class=\"e_e0\">\n<div class=\"e_e7\">\n<div class=\"c_aS\">\n<p class=\"c_a4\"><span class=\"c_eE\">\u201eMohu pouze \u0159\u00edct, \u017ee se jedn\u00e1 o d\u016fv\u011bryhodnou a prov\u011b\u0159enou nadn\u00e1rodn\u00ed spole\u010dnost z demokratick\u00e9 zem\u011b, se kterou m\u00e1 \u010cesko dlouhodob\u011b velmi dobr\u00e9 vztahy,\u201c dodal.<\/span><\/p>\n<\/div>\n<\/div>\n<\/div>\n<div class=\"e_fU js-ad e_a8\">\n<div class=\"e_e0\"><\/div>\n<\/div>\n<div class=\"e_a4 speakable\" data-dot=\"mol-paragraph\">\n<p class=\"c_a4\"><span class=\"c_eE\">Pevn\u00fd harmonogram bude podle Vl\u010dka mo\u017en\u00e9 potvrdit a\u017e po vyj\u00e1d\u0159en\u00ed investora. \u201eTe\u010f pracujeme s\u00a0rokem 2029,\u201c doplnil na dotaz k\u00a0mo\u017en\u00e9mu datu spu\u0161t\u011bn\u00ed v\u00fdroby.<\/span><\/p>\n<\/div>\n<div class=\"e_a4 speakable\" data-dot=\"mol-paragraph\">\n<p class=\"c_a4\"><span class=\"c_eE\">Konkr\u00e9tn\u00ed parametry projektu se st\u00e1le vyv\u00edjej\u00ed. Resort v\u0161ak p\u0159edpokl\u00e1d\u00e1 v\u00fdznamn\u00fd p\u0159\u00ednos. \u201eZe zku\u0161enost\u00ed s\u00a0podobn\u00fdmi projekty plyne, \u017ee by investice mohla p\u0159in\u00e9st a\u017e dv\u011b st\u011b miliard korun a\u00a0vytvo\u0159it a\u017e sedm tis\u00edc pracovn\u00edch m\u00edst,\u201c poznamenal ministr.<\/span><\/p>\n<\/div>\n<h2 class=\"c_aM c_aO e_aM speakable\">Jedn\u00e1 se o\u00a0podpo\u0159e pro dot\u010den\u00e9 obce<\/h2>\n<div class=\"e_a4 speakable\" data-dot=\"mol-paragraph\">\n<p class=\"c_a4\"><span class=\"c_eE\">Jedn\u00edm z\u00a0Vl\u010dkov\u00fdch \u00fakol\u016f je p\u0159esv\u011bd\u010dit tak\u00e9 m\u00edstn\u00ed ve\u0159ejnost, \u017ee tov\u00e1rna na baterie bude p\u0159\u00ednosn\u00e1.<\/span><\/p>\n<\/div>\n<div class=\"e_a4 speakable\" data-dot=\"mol-paragraph\">\n<p class=\"c_a4\"><span class=\"c_eE\">I\u00a0Martin Bohon\u011bk ze spolku Zachovejme Pool\u0161\u00ed, kter\u00fd proti v\u00fdstavb\u011b gigafactory v\u00a0Doln\u00ed Lutyni bojuje, tu\u0161\u00ed, \u017ee o\u00a0stavbu usiluje Samsung. \u201eSch\u00e1z\u00ed se n\u00e1m to z\u00a0v\u00edce zdroj\u016f. Prop\u00e1lili to i\u00a0Pol\u00e1ci, \u017ee to je Samsung, kdy\u017e hovo\u0159ili o\u00a0tom, \u017ee se u\u00a0nich taky poohl\u00ed\u017e\u00ed,\u201c podotkl Bohon\u011bk.<\/span><\/p>\n<p><strong>Zdroj: novinky.cz<\/strong><\/p>\n<\/div>\n<\/div>\n<\/div>\n<\/article>\n<\/div>\n<\/div>\n","protected":false},"excerpt":{"rendered":"<p>Podle informac\u00ed Novinek chce bateriovou gigafactory v Doln\u00ed Lutyni stav\u011bt jihokorejsk\u00fd Samsung. Ministerstvo pr\u016fmyslu a&#8230;<\/p>\n","protected":false},"author":1,"featured_media":19,"comment_status":"closed","ping_status":"closed","sticky":false,"template":"","format":"standard","meta":{"footnotes":""},"categories":[65,3,31,35],"tags":[],"class_list":["post-9103","post","type-post","status-publish","format-standard","has-post-thumbnail","hentry","category-baterie","category-investice","category-news","category-pojisteni"],"_links":{"self":[{"href":"https:\/\/www.automakers.cz\/index.php?rest_route=\/wp\/v2\/posts\/9103","targetHints":{"allow":["GET"]}}],"collection":[{"href":"https:\/\/www.automakers.cz\/index.php?rest_route=\/wp\/v2\/posts"}],"about":[{"href":"https:\/\/www.automakers.cz\/index.php?rest_route=\/wp\/v2\/types\/post"}],"author":[{"embeddable":true,"href":"https:\/\/www.automakers.cz\/index.php?rest_route=\/wp\/v2\/users\/1"}],"replies":[{"embeddable":true,"href":"https:\/\/www.automakers.cz\/index.php?rest_route=%2Fwp%2Fv2%2Fcomments&post=9103"}],"version-history":[{"count":2,"href":"https:\/\/www.automakers.cz\/index.php?rest_route=\/wp\/v2\/posts\/9103\/revisions"}],"predecessor-version":[{"id":9105,"href":"https:\/\/www.automakers.cz\/index.php?rest_route=\/wp\/v2\/posts\/9103\/revisions\/9105"}],"wp:featuredmedia":[{"embeddable":true,"href":"https:\/\/www.automakers.cz\/index.php?rest_route=\/wp\/v2\/media\/19"}],"wp:attachment":[{"href":"https:\/\/www.automakers.cz\/index.php?rest_route=%2Fwp%2Fv2%2Fmedia&parent=9103"}],"wp:term":[{"taxonomy":"category","embeddable":true,"href":"https:\/\/www.automakers.cz\/index.php?rest_route=%2Fwp%2Fv2%2Fcategories&post=9103"},{"taxonomy":"post_tag","embeddable":true,"href":"https:\/\/www.automakers.cz\/index.php?rest_route=%2Fwp%2Fv2%2Ftags&post=9103"}],"curies":[{"name":"wp","href":"https:\/\/api.w.org\/{rel}","templated":true}]}}