{"id":9115,"date":"2024-11-25T10:14:34","date_gmt":"2024-11-25T10:14:34","guid":{"rendered":"https:\/\/www.automakers.cz\/?p=9115"},"modified":"2024-11-25T10:14:34","modified_gmt":"2024-11-25T10:14:34","slug":"auto-elso-predalo-teslu-mestske-policii","status":"publish","type":"post","link":"https:\/\/www.automakers.cz\/?p=9115","title":{"rendered":"Auto Elso p\u0159edalo Teslu m\u011bstsk\u00e9 policii"},"content":{"rendered":"<p><strong>\u0160\u00e9f AUTO ELSO Radek Donner p\u0159edal pod hlavi\u010dkou projektu AE-MOBILITY prvn\u00ed elektromobil Tesla do slu\u017eeb z\u00e1kona v \u010cesk\u00e9 republice. M\u011bstsk\u00e1 policie T\u00e1bor tak uvedla do provozu elektromobil zna\u010dky Tesla Model Y, kter\u00fd bude slou\u017eit v r\u00e1mci m\u011bstsk\u00e9ho dohledu.<\/strong><!--more--><\/p>\n<p>Elektromobil Tesla Model Y bude podle n\u011bj d\u00edky dojezdu p\u0159es 500 kilometr\u016f a pohonu v\u0161ech kol p\u0159ipraven \u010delit ka\u017edodenn\u00edm v\u00fdzv\u00e1m m\u011bstsk\u00e9ho provozu i n\u00e1ro\u010dn\u00fdm z\u00e1sah\u016fm.<\/p>\n<p>\u201eJsme hrd\u00ed, \u017ee jsme se jako prvn\u00ed v \u010cesk\u00e9 republice pod\u00edleli na za\u0159azen\u00ed vozu Tesla do slu\u017eeb z\u00e1kona. V\u011b\u0159\u00edme, \u017ee tento krok p\u0159isp\u011bje nejen k\u00a0bezpe\u010dnosti a zlep\u0161en\u00ed \u017eivotn\u00edho prost\u0159ed\u00ed v\u00a0m\u011bst\u011b T\u00e1bor, ale \u017ee se jedn\u00e1 o pr\u016flom v\u00a0u\u017eit\u00ed elektromobil\u016f pro pot\u0159eby m\u011bstsk\u00fdch polici\u00ed obecn\u011b. Jak ukazuje anal\u00fdza dat, kterou pe\u010dliv\u011b zpracoval z\u00e1stupce t\u00e1borsk\u00e9 m\u011bstsk\u00e9 policie Miroslav Ryba, u\u017eit\u00ed elektromobilu pro tyto \u00fa\u010dely je jednozna\u010dn\u011b ekonomicky nejv\u00fdhodn\u011bj\u0161\u00ed alternativou. Jednalo se pro n\u00e1s o skv\u011blou a cennou zku\u0161enost. D\u011bkujeme t\u00e1borsk\u00fdm str\u00e1\u017en\u00edk\u016fm za\u00a0v\u00fdbornou\u00a0spolupr\u00e1ci a p\u0159ejeme mnoho \u00fasp\u011b\u0161n\u00fdch a bezpe\u010dn\u00fdch kilometr\u016f v nov\u00e9m elektromobilu!\u201c uvedl Radek Donner, zakladatel projektu AE-MOBILITY<\/p>\n<p class=\"xmprfx_MsoNormal\">\u201eTesla Y u n\u00e1s bude slou\u017eit v\u00a0NONSTOP provozu jako hlavn\u00ed z\u00e1sahov\u00fd v\u016fz na t\u00eds\u0148ov\u00e9 lince. Je to tedy kombinace hl\u00eddkov\u00e9 \u010dinnosti, pln\u011bn\u00ed \u00fakol\u016f a \u0159e\u0161en\u00ed ozn\u00e1men\u00ed. Pro na\u0161e \u00fa\u010dely se jedn\u00e1 o velmi kvalitn\u00ed techniku s\u00a0obrovskou p\u0159idanou hodnotou. Vyu\u017e\u00edvat budeme jak zadn\u00ed zavazadlov\u00fd prostor o velikosti 854 L, tak p\u0159edn\u00ed 117 L kufr nap\u0159\u00edklad pro p\u0159evoz defibril\u00e1toru. V\u011b\u0159\u00edme, \u017ee Tesla Y bude slou\u017eit stejn\u011b dob\u0159e jako sou\u010dasn\u00e1 pln\u011b elektrick\u00e1 KIA e-Niro, kter\u00e1 m\u00e1 na t\u00eds\u0148ov\u00e9 lince po v\u00edce ne\u017e 4 letech provozu najeto p\u0159es 256 tis. km. D\u011bkujeme za skv\u011blou spolupr\u00e1ci s\u00a0Auto Elso a Radkovi Donnerovi nejen p\u0159i dod\u00e1n\u00ed vozu, ale i hled\u00e1n\u00ed \u0159e\u0161en\u00ed p\u0159i p\u0159estavb\u011b a \u00faprav\u00e1ch vozu a za dod\u00e1vku vybran\u00e9ho p\u0159\u00edslu\u0161enstv\u00ed\u201c\u00a0dodal Mgr. Miroslav Ryba, z\u00e1stupce\u00a0M\u011bstsk\u00e1 policie T\u00e1bor.<\/p>\n<p><strong>Zdroj: Radek Donner, AE-Mobility<\/strong><\/p>\n<figure id=\"attachment_247\" aria-describedby=\"caption-attachment-247\" style=\"width: 900px\" class=\"wp-caption alignnone\"><img loading=\"lazy\" decoding=\"async\" class=\"size-medium wp-image-247\" src=\"http:\/\/www.automakers.cz\/wp-content\/uploads\/2023\/11\/eSalon-Donner-900x675.jpg\" alt=\"\" width=\"900\" height=\"675\" srcset=\"https:\/\/www.automakers.cz\/wp-content\/uploads\/2023\/11\/eSalon-Donner-900x675.jpg 900w, https:\/\/www.automakers.cz\/wp-content\/uploads\/2023\/11\/eSalon-Donner-1024x768.jpg 1024w, https:\/\/www.automakers.cz\/wp-content\/uploads\/2023\/11\/eSalon-Donner-768x576.jpg 768w, https:\/\/www.automakers.cz\/wp-content\/uploads\/2023\/11\/eSalon-Donner-1536x1152.jpg 1536w, https:\/\/www.automakers.cz\/wp-content\/uploads\/2023\/11\/eSalon-Donner.jpg 2040w\" sizes=\"auto, (max-width: 900px) 100vw, 900px\" \/><figcaption id=\"caption-attachment-247\" class=\"wp-caption-text\">Radek Donner<\/figcaption><\/figure>\n<p>&nbsp;<\/p>\n","protected":false},"excerpt":{"rendered":"<p>\u0160\u00e9f AUTO ELSO Radek Donner p\u0159edal pod hlavi\u010dkou projektu AE-MOBILITY prvn\u00ed elektromobil Tesla do slu\u017eeb&#8230;<\/p>\n","protected":false},"author":1,"featured_media":9117,"comment_status":"closed","ping_status":"closed","sticky":false,"template":"","format":"standard","meta":{"footnotes":""},"categories":[92,9,15,91,90,50],"tags":[],"class_list":["post-9115","post","type-post","status-publish","format-standard","has-post-thumbnail","hentry","category-cepadla","category-elektromobily","category-fleety","category-nekrolog","category-tuning","category-zakazky"],"_links":{"self":[{"href":"https:\/\/www.automakers.cz\/index.php?rest_route=\/wp\/v2\/posts\/9115","targetHints":{"allow":["GET"]}}],"collection":[{"href":"https:\/\/www.automakers.cz\/index.php?rest_route=\/wp\/v2\/posts"}],"about":[{"href":"https:\/\/www.automakers.cz\/index.php?rest_route=\/wp\/v2\/types\/post"}],"author":[{"embeddable":true,"href":"https:\/\/www.automakers.cz\/index.php?rest_route=\/wp\/v2\/users\/1"}],"replies":[{"embeddable":true,"href":"https:\/\/www.automakers.cz\/index.php?rest_route=%2Fwp%2Fv2%2Fcomments&post=9115"}],"version-history":[{"count":3,"href":"https:\/\/www.automakers.cz\/index.php?rest_route=\/wp\/v2\/posts\/9115\/revisions"}],"predecessor-version":[{"id":9119,"href":"https:\/\/www.automakers.cz\/index.php?rest_route=\/wp\/v2\/posts\/9115\/revisions\/9119"}],"wp:featuredmedia":[{"embeddable":true,"href":"https:\/\/www.automakers.cz\/index.php?rest_route=\/wp\/v2\/media\/9117"}],"wp:attachment":[{"href":"https:\/\/www.automakers.cz\/index.php?rest_route=%2Fwp%2Fv2%2Fmedia&parent=9115"}],"wp:term":[{"taxonomy":"category","embeddable":true,"href":"https:\/\/www.automakers.cz\/index.php?rest_route=%2Fwp%2Fv2%2Fcategories&post=9115"},{"taxonomy":"post_tag","embeddable":true,"href":"https:\/\/www.automakers.cz\/index.php?rest_route=%2Fwp%2Fv2%2Ftags&post=9115"}],"curies":[{"name":"wp","href":"https:\/\/api.w.org\/{rel}","templated":true}]}}