{"id":926,"date":"2023-12-14T08:47:00","date_gmt":"2023-12-14T08:47:00","guid":{"rendered":"https:\/\/www.automakers.cz\/?p=926"},"modified":"2023-12-18T10:08:42","modified_gmt":"2023-12-18T10:08:42","slug":"volvo-letos-proda-v-cr-3000-aut","status":"publish","type":"post","link":"https:\/\/www.automakers.cz\/?p=926","title":{"rendered":"Volvo letos prod\u00e1 v \u010cR 3000 aut"},"content":{"rendered":"<p><strong>\u0160\u00e9f Volvo Car Czech Alican Emiroglu shrnul leto\u0161n\u00ed v\u00fdsledky zna\u010dky v pra\u017esk\u00e9 restauraci L Osteria. S novin\u00e1\u0159i hovo\u0159il o leto\u0161n\u00edm prodejn\u00edm c\u00edli i pl\u00e1nech na rok 2024. Do listopadu prodal 2800 aut a c\u00edl\u00ed na rekordn\u00ed t\u0159i tis\u00edcovky.<\/strong><!--more--><\/p>\n<p>&#8222;Rok 2023 byl pro automobilku Volvo Cars \u00fasp\u011b\u0161n\u00fd. P\u0159edstavila nov\u00e9 modely a ve sv\u00fdch ambici\u00f3zn\u00edch pl\u00e1nech pro budouc\u00ed sm\u011b\u0159ov\u00e1n\u00ed se posunula o notn\u00fd kus dop\u0159edu. Shodn\u011b s glob\u00e1ln\u00edmi \u00fasp\u011bchy se da\u0159ilo i jej\u00edmu \u010desk\u00e9mu zastoupen\u00ed. Zam\u011b\u0159en\u00ed automobilky Volvo Cars je v posledn\u00edch letech konzistentn\u00ed: r\u016fst a elektrifikace. Toto jsou na\u0161e hlavn\u00ed c\u00edle, k nim\u017e sm\u011b\u0159uj\u00ed na\u0161e jednotliv\u00e9 kroky a z\u00e1vazky, je\u017e se sna\u017e\u00edme postupn\u011b napl\u0148ovat. A to jak glob\u00e1ln\u011b, tak samoz\u0159ejm\u011b na lok\u00e1ln\u00edch \u00farovn\u00edch, tedy i v r\u00e1mci tuzemsk\u00e9ho zastoupen\u00ed zna\u010dky,&#8220; uvedl Emiroglu.<\/p>\n<figure id=\"attachment_952\" aria-describedby=\"caption-attachment-952\" style=\"width: 900px\" class=\"wp-caption alignnone\"><img loading=\"lazy\" decoding=\"async\" class=\"size-medium wp-image-952\" src=\"http:\/\/www.automakers.cz\/wp-content\/uploads\/2023\/12\/Volvo-Dolezalova-Emiroglu-small-900x809.jpg\" alt=\"\" width=\"900\" height=\"809\" srcset=\"https:\/\/www.automakers.cz\/wp-content\/uploads\/2023\/12\/Volvo-Dolezalova-Emiroglu-small-900x809.jpg 900w, https:\/\/www.automakers.cz\/wp-content\/uploads\/2023\/12\/Volvo-Dolezalova-Emiroglu-small-1024x920.jpg 1024w, https:\/\/www.automakers.cz\/wp-content\/uploads\/2023\/12\/Volvo-Dolezalova-Emiroglu-small-768x690.jpg 768w, https:\/\/www.automakers.cz\/wp-content\/uploads\/2023\/12\/Volvo-Dolezalova-Emiroglu-small-1536x1380.jpg 1536w, https:\/\/www.automakers.cz\/wp-content\/uploads\/2023\/12\/Volvo-Dolezalova-Emiroglu-small.jpg 1772w\" sizes=\"auto, (max-width: 900px) 100vw, 900px\" \/><figcaption id=\"caption-attachment-952\" class=\"wp-caption-text\">Novin\u00e1\u0159skou akci moderovala mluv\u010d\u00ed zna\u010dky Petra Dole\u017ealov\u00e1<\/figcaption><\/figure>\n<p><strong>Glob\u00e1ln\u00ed \u00farove\u0148<\/strong><\/p>\n<p>Volvo Cars chce v roce 2023 dos\u00e1hnout historicky nejvy\u0161\u0161\u00edch prodejn\u00edch \u010d\u00edsel. O\u010dek\u00e1v\u00e1 se tak m\u00edrn\u00e9 zlep\u0161en\u00ed oproti posledn\u00edmu historick\u00e9mu maximu z roku 2019, kter\u00e9 p\u0159es\u00e1hlo 700 tis\u00edc prodan\u00fdch automobil\u016f zna\u010dky Volvo. Re\u00e1lnosti napln\u011bn\u00ed tohoto d\u00edl\u010d\u00edho c\u00edle nasv\u011bd\u010duje skute\u010dnost, \u017ee prodeje v roce 2023 byly meziro\u010dn\u011b lep\u0161\u00ed v ka\u017ed\u00e9m izolovan\u00e9m m\u011bs\u00edci. U BEV se meziro\u010dn\u011b t\u00e9m\u011b\u0159 zdvojn\u00e1sobily, ale i PHEV vzrostly o 12 %.<\/p>\n<p>Co je v\u0161ak d\u016fle\u017eit\u011bj\u0161\u00ed pro rok 2024 \u2013 glob\u00e1ln\u00edm c\u00edlem je p\u0159ibl\u00ed\u017eit se hranici 900 tis\u00edc prodan\u00fdch voz\u016f Volvo. Nov\u00fdm prodejn\u00edm tahounem bude samoz\u0159ejm\u011b Volvo EX30, je\u017e i p\u0159es n\u00e1\u0161 nemal\u00fd optimismus p\u0159ekonalo ve\u0161ker\u00e1 o\u010dek\u00e1v\u00e1n\u00ed, zv\u00fd\u0161en\u00ed prodej\u016f ale p\u0159edpokl\u00e1d\u00e1me i u dal\u0161\u00edch model\u016f v\u010detn\u011b Volva EX90.<\/p>\n<figure id=\"attachment_953\" aria-describedby=\"caption-attachment-953\" style=\"width: 900px\" class=\"wp-caption alignnone\"><img loading=\"lazy\" decoding=\"async\" class=\"size-medium wp-image-953\" src=\"http:\/\/www.automakers.cz\/wp-content\/uploads\/2023\/12\/Handl-Emiroglu-small-900x713.jpg\" alt=\"\" width=\"900\" height=\"713\" srcset=\"https:\/\/www.automakers.cz\/wp-content\/uploads\/2023\/12\/Handl-Emiroglu-small-900x713.jpg 900w, https:\/\/www.automakers.cz\/wp-content\/uploads\/2023\/12\/Handl-Emiroglu-small-1024x811.jpg 1024w, https:\/\/www.automakers.cz\/wp-content\/uploads\/2023\/12\/Handl-Emiroglu-small-768x609.jpg 768w, https:\/\/www.automakers.cz\/wp-content\/uploads\/2023\/12\/Handl-Emiroglu-small.jpg 1474w\" sizes=\"auto, (max-width: 900px) 100vw, 900px\" \/><figcaption id=\"caption-attachment-953\" class=\"wp-caption-text\">Se \u0161\u00e9fem importu jsme probrali prodejn\u00ed statistiky i person\u00e1lie. Na leden slibuje na\u0161emu port\u00e1lu person\u00e1ln\u00ed novinky z firmy!<\/figcaption><\/figure>\n<p><strong>Volvo na \u010desk\u00e9m trhu v roce 2023<\/strong><\/p>\n<p><em>\u201eM\u00e1me za sebou rok s\u00a0rekordn\u00edmi prodeji. Ji\u017e koncem listopadu bylo v\u00a0\u010cR dosa\u017eeno historicky nejv\u00edce registrac\u00ed. Konkr\u00e9tn\u011b v\u00a0obdob\u00ed od ledna do listopadu to bylo 2 725 registrac\u00ed nov\u00fdch voz\u016f, co\u017e je o 35 % v\u00edce ne\u017e v roce 2022,\u201c<\/em> uvedl gener\u00e1ln\u00ed \u0159editel Volvo Car Czech Republic Alican Emiro\u011flu p\u0159i prosincov\u00e9m setk\u00e1n\u00ed s\u00a0novin\u00e1\u0159i. <em>\u201eZvy\u0161ujeme pod\u00edl na trhu a jsme jednou z nejv\u00edce rostouc\u00edch zna\u010dek, p\u0159edev\u0161\u00edm d\u00edky prodej\u016fm model\u016f s\u00a0plug-in hybridn\u00edm a pln\u011b elektrick\u00fdm pohonem.\u201c <\/em><\/p>\n<p>To potvrzuj\u00ed konkr\u00e9tn\u00ed \u010d\u00edsla: 16 % prodej\u016f zna\u010dky v\u00a0\u010cesk\u00e9 republice tvo\u0159\u00ed PHEV (co\u017e znamen\u00e1 prvn\u00ed m\u00edsto na trhu v\u00a0pod\u00edlu prodej\u016f PHEV), 3 % BEV modely. P\u0159itom celkov\u00fd pr\u016fm\u011br trhu u obou typ\u016f pohon\u016f je 2\u20133 %. A bude to pr\u00e1v\u011b oblast pln\u011b elektrick\u00fdch voz\u016f, kde p\u0159edpokl\u00e1d\u00e1me pokra\u010duj\u00edc\u00ed progres i v roce 2024.<\/p>\n<p><em>\u201eS na\u0161imi elektrick\u00fdmi modely Volvo v\u00a0\u010dele s\u00a0nejmen\u0161\u00edm SUV EX30 m\u00ed\u0159\u00edme v\u00a0na\u0161ich o\u010dek\u00e1v\u00e1n\u00edch skute\u010dn\u011b vysoko \u2013 pro p\u0159\u00ed\u0161t\u00ed rok po\u010d\u00edt\u00e1me u pln\u011b elektrick\u00fdch voz\u016f s\u00a015\u201320% pod\u00edlem prodej\u016f,\u201c <\/em>nast\u00ednil c\u00edle pro nadch\u00e1zej\u00edc\u00ed obdob\u00ed pan Emiro\u011flu.<\/p>\n<p>Nen\u00ed to v\u0161ak pouze segment nov\u00fdch voz\u016f, kde se n\u00e1m na tuzemsk\u00e9m trhu v\u00a0uplynul\u00e9m obdob\u00ed da\u0159ilo. Um\u00edst\u011bn\u00ed v\u00a0prvn\u00ed des\u00edtce mezi v\u0161emi zna\u010dkami na trhu ojet\u00fdch automobil\u016f obecn\u011b a je\u0161t\u011b lep\u0161\u00ed v\u00fdsledky v\u00a0r\u00e1mci prodeje ojet\u00fdch voz\u016f mlad\u0161\u00edch 5 let sv\u011bd\u010d\u00ed o rostouc\u00edm z\u00e1jmu o na\u0161e produkty.<\/p>\n<p><strong>V\u00fdhled pro dal\u0161\u00ed obdob\u00ed<\/strong><\/p>\n<p>Prim\u00e1rn\u00edm c\u00edlem je pokra\u010dovat v cest\u011b r\u016fstu. Na tom bude m\u00edt, jak ji\u017e bylo uvedeno, nejv\u011bt\u0161\u00ed pod\u00edl bezpochyby model EX30, o\u010dek\u00e1v\u00e1 se ale v\u00fdrazn\u00e9 zv\u00fd\u0161en\u00ed prodej\u016f pln\u011b elektrick\u00fdch model\u016f obecn\u011b a tak\u00e9 PHEV voz\u016f zna\u010dky Volvo.<\/p>\n<p>Celkov\u00e9 ekonomick\u00e9 v\u00fdsledky podpo\u0159\u00ed i atraktivn\u00ed nab\u00eddky pro prodej st\u00e1vaj\u00edc\u00edch mild hybridn\u00edch voz\u016f, jejich\u017e v\u00fdroba bude v\u00a0souladu s\u00a0glob\u00e1ln\u00edmi c\u00edli automobilky v\u00a0p\u0159\u00ed\u0161t\u00edch letech postupn\u011b kon\u010dit \u2013 posledn\u00ed dieselov\u00e9 motory by m\u011bly b\u00fdt vyrobeny za\u010d\u00e1tkem p\u0159\u00ed\u0161t\u00edho roku, p\u0159i\u010dem\u017e spole\u010dnost Volvo Cars ji\u017e zastavila investice do v\u00fdzkumu a v\u00fdvoje nov\u00fdch spalovac\u00edch motor\u016f a m\u00edsto toho se pln\u011b soust\u0159ed\u00ed na technologie budoucnosti.<\/p>\n<p><strong>Nejmen\u0161\u00ed, ale nejv\u011bt\u0161\u00ed tahoun<\/strong><\/p>\n<p>Nejv\u011bt\u0161\u00ed z\u00e1jem celosv\u011btov\u011b i na dom\u00e1c\u00edm trhu se nyn\u00ed soust\u0159ed\u00ed na leto\u0161n\u00ed novinku \u2013 dosud nejmen\u0161\u00ed v\u016fz zna\u010dky, SUV Volvo EX30. Model, kter\u00fd je charakteristick\u00fd \u0159adou \u201enej\u201c v\u010detn\u011b ceny, kter\u00e1 je na elektromobil p\u0159ekvapiv\u011b srovnateln\u00e1 s\u00a0konkurenty se spalovac\u00edmi motory, ji\u017e p\u0159es svoje kr\u00e1tk\u00e9 p\u016fsoben\u00ed v\u00a0automobilov\u00e9m sv\u011bt\u011b z\u00edskal jak spoustu ohlas\u016f od (nejen) odborn\u00e9 ve\u0159ejnosti, tak tak\u00e9 nejedno presti\u017en\u00ed ocen\u011bn\u00ed. A to je\u0161t\u011b ne\u017e prvn\u00ed vozy dorazily ke sv\u00fdm majitel\u016fm. Pat\u0159\u00ed k\u00a0nim tak presti\u017en\u00ed tituly jako Auto roku magaz\u00ednu The Sun, Mal\u00e9 SUV\/crossver roku od Sunday Times nebo za\u0159azen\u00ed mezi sedmi\u010dku finalist\u016f o titul Evropsk\u00e9 auto roku.<\/p>\n<p>Zkr\u00e1tka nep\u0159ijdou ani tuzem\u0161t\u00ed z\u00e1jemci \u2013 v \u00fanoru budou prob\u00edhat testovac\u00ed j\u00edzdy u jednotliv\u00fdch dealer\u016f v r\u00e1mci cel\u00e9 \u010cR.<\/p>\n<p>Majitel\u00e9 tohoto mimo\u0159\u00e1dn\u00e9ho \u201emal\u00e9ho vozu s\u00a0velk\u00fdm duchem\u201c budou m\u00edt nav\u00edc nyn\u00ed k\u00a0dispozici novou aplikaci, kter\u00e1 soust\u0159ed\u00ed v\u0161echny informace o voze a nab\u00eddne praktick\u00e9 a intuitivn\u00ed funkce, v\u010detn\u011b d\u00e1lkov\u00e9ho ovl\u00e1d\u00e1n\u00ed umo\u017e\u0148uj\u00edc\u00edho zabezpe\u010den\u00ed vozu, nastaven\u00ed teploty \u010di pro\u010di\u0161t\u011bn\u00ed vzduchu v\u00a0kabin\u011b, a zjednodu\u0161\u00ed ovl\u00e1d\u00e1n\u00ed procesu nab\u00edjen\u00ed.<\/p>\n<p><strong>Model EX 90 v l\u00e9t\u011b<\/strong><\/p>\n<p>Koncem l\u00e9ta 2024 pak do \u010ceska doraz\u00ed prvn\u00ed kusy modelu Volvo EX90, sedmim\u00edstn\u00e9ho pln\u011b elektrick\u00e9ho SUV s\u00a0technologiemi funguj\u00edc\u00edmi na z\u00e1klad\u011b porozum\u011bn\u00ed prost\u0159ed\u00ed okol\u00ed vozu a chov\u00e1n\u00ed \u0159idi\u010de a p\u0159ipraven\u00e9ho pro budouc\u00ed autonomn\u00ed \u0159\u00edzen\u00ed, stejn\u011b jako mo\u017enost obousm\u011brn\u00e9ho nab\u00edjen\u00ed.<\/p>\n<figure id=\"attachment_939\" aria-describedby=\"caption-attachment-939\" style=\"width: 900px\" class=\"wp-caption alignnone\"><img loading=\"lazy\" decoding=\"async\" class=\"size-medium wp-image-939\" src=\"http:\/\/www.automakers.cz\/wp-content\/uploads\/2023\/12\/Volvo-Emiroglu-Petra-orez-900x501.jpg\" alt=\"\" width=\"900\" height=\"501\" srcset=\"https:\/\/www.automakers.cz\/wp-content\/uploads\/2023\/12\/Volvo-Emiroglu-Petra-orez-900x501.jpg 900w, https:\/\/www.automakers.cz\/wp-content\/uploads\/2023\/12\/Volvo-Emiroglu-Petra-orez-1024x570.jpg 1024w, https:\/\/www.automakers.cz\/wp-content\/uploads\/2023\/12\/Volvo-Emiroglu-Petra-orez-768x428.jpg 768w, https:\/\/www.automakers.cz\/wp-content\/uploads\/2023\/12\/Volvo-Emiroglu-Petra-orez-1536x856.jpg 1536w, https:\/\/www.automakers.cz\/wp-content\/uploads\/2023\/12\/Volvo-Emiroglu-Petra-orez.jpg 1718w\" sizes=\"auto, (max-width: 900px) 100vw, 900px\" \/><figcaption id=\"caption-attachment-939\" class=\"wp-caption-text\">Alican Emiroglu (vlevo) svolal novin\u00e1\u0159e na v\u00e1no\u010dn\u00ed posezen\u00ed do restaurace L Osteria v Masary\u010dce<\/figcaption><\/figure>\n<p><strong>Glob\u00e1ln\u00ed pl\u00e1ny a jejich napl\u0148ov\u00e1n\u00ed na poli udr\u017eitelnosti<\/strong><\/p>\n<p>&#8222;V sou\u010dasnosti ji\u017e nelze c\u00edle spole\u010dnosti Volvo Cars v produktov\u00e9 expanzi odd\u011blit od na\u0161ich ambic\u00ed v r\u00e1mci udr\u017eitelnosti. Na pozad\u00ed pr\u00e1v\u011b prob\u011bhl\u00e9ho klimatick\u00e9ho summitu COP28 v Dubaji a v souladu s nal\u00e9hav\u00fdmi v\u00fdzvami t\u00e9to 28. konference OSN o zm\u011bn\u011b klimatu proto spole\u010dnost Volvo Cars ozn\u00e1mila sv\u00e9 rozhodnut\u00ed zdvojn\u00e1sobit c\u00edl sv\u00e9ho ak\u010dn\u00edho pl\u00e1nu, kter\u00fd je ji\u017e nyn\u00ed jedn\u00edm z nejambici\u00f3zn\u011bj\u0161\u00edch v r\u00e1mci automobilov\u00e9ho pr\u016fmyslu: a sice ve srovn\u00e1n\u00ed s rokem 2018 sn\u00ed\u017eit do roku 2030 emise CO2 na jeden v\u016fz o 75 % (oproti p\u016fvodn\u00edmu z\u00e1m\u011bru 40procentn\u00edho sn\u00ed\u017een\u00ed do r. 2025),&#8220; p\u0159ipomn\u011bl Emiroglu.<\/p>\n<p>U\u017e v pr\u016fb\u011bhu prvn\u00edch dev\u00edti m\u011bs\u00edc\u016f roku 2023 do\u0161lo ke sn\u00ed\u017een\u00ed celkov\u00fdch emis\u00ed CO2 na jeden v\u016fz oproti roku 2018 o 19 %.<\/p>\n<p>Aby tohoto c\u00edle bylo dosa\u017eeno, je d\u00e1le nezbytn\u00e9 d\u016fsledn\u011b pokra\u010dovat v napl\u0148ov\u00e1n\u00ed na\u0161eho rozhodnut\u00ed za\u010d\u00edt do roku 2030 prod\u00e1vat v\u00fdhradn\u011b pln\u011b elektrick\u00e1 vozidla se st\u00e1le men\u0161\u00ed uhl\u00edkovou stopou. Tu m\u00e1 moment\u00e1ln\u011b z\u00a0na\u0161ich model\u016f zcela nejni\u017e\u0161\u00ed po\u010d\u00e1tkem roku p\u0159edstaven\u00fd model EX30.<\/p>\n<p>Rovn\u011b\u017e bude nutn\u00e9 vypo\u0159\u00e1dat se s emisemi CO2 vyprodukovan\u00fdmi v r\u00e1mci cel\u00e9ho na\u0161eho dodavatelsk\u00e9ho \u0159et\u011bzce a vlastn\u00edch provoz\u016f, kter\u00e9 hodl\u00e1me do roku 2030 sn\u00ed\u017eit v porovn\u00e1n\u00ed s rokem 2018 o 30 %. Ve v\u0161ech na\u0161ich v\u00fdrobn\u00edch z\u00e1vodech po cel\u00e9m sv\u011bt\u011b ji\u017e vyu\u017e\u00edv\u00e1me 100% klimaticky neutr\u00e1ln\u00ed elekt\u0159inu.<\/p>\n<p><strong>Vyr\u00e1b\u011bt tam, kde se prod\u00e1v\u00e1<\/strong><\/p>\n<p>K posun\u016fm v\u00a0r\u00e1mci udr\u017eitelnosti p\u0159isp\u011bje i pl\u00e1n na v\u00fdrobu modelu EX30 v\u00a0EU. V reakci na silnou popt\u00e1vku po tomto voze jsme se rozhodli za\u010d\u00edt od roku 2025 vyr\u00e1b\u011bt jej tak\u00e9 v belgick\u00e9m Gentu, \u010d\u00edm\u017e dojde k nav\u00fd\u0161en\u00ed produk\u010dn\u00ed kapacity tak, aby korespondovala s o\u010dek\u00e1vanou popt\u00e1vkou po tomto voze v Evrop\u011b. Co\u017e je dal\u0161\u00ed z\u00a0na\u0161ich krok\u016f sm\u011brem k\u00a0udr\u017eiteln\u00e9 budoucnosti: vyr\u00e1b\u011bt vozy tam, kde se jich prod\u00e1v\u00e1 nejv\u00edce. Volvo EX30 se tak po modelech XC40 a C40 stane ji\u017e t\u0159et\u00edm pln\u011b elektrick\u00fdm modelem Volvo vyr\u00e1b\u011bn\u00fdm v Evrop\u011b.<\/p>\n<p>V\u00a0roce 2026 pak v\u00fdrobu v\u00a0evropsk\u00fdch tov\u00e1rn\u00e1ch pos\u00edl\u00ed nov\u00fd, samoz\u0159ejm\u011b klimaticky neutr\u00e1ln\u00ed z\u00e1vod na pln\u011b elektrick\u00e9 vozy v Ko\u0161ic\u00edch. Kapacita budovan\u00e9 slovensk\u00e9 tov\u00e1rny je navr\u017eena na v\u00fdrobu a\u017e 250 000 voz\u016f ro\u010dn\u011b.<\/p>\n<p><strong>Ekologi\u010dt\u011bj\u0161\u00ed logistika a dal\u0161\u00ed oblasti<\/strong><\/p>\n<p>Spole\u010dnost Volvo Cars se stala prvn\u00ed glob\u00e1ln\u00ed automobilkou, kter\u00e1 ozn\u00e1mila z 86 % p\u0159echod od fosiln\u00edch paliv na biopaliva v r\u00e1mci interkontinent\u00e1ln\u00ed n\u00e1mo\u0159n\u00ed p\u0159epravy. T\u00edm dojde ke sn\u00ed\u017een\u00ed emis\u00ed CO2 z n\u00e1mo\u0159n\u00ed p\u0159epravy o 84 %, co\u017e v\u00fdrazn\u011b podpo\u0159\u00ed na\u0161i ambici sn\u00ed\u017eit provozn\u00ed emise.<\/p>\n<p>V\u00a0r\u00e1mci spolupr\u00e1ce a podpory dal\u0161\u00edch progresivn\u00edch spole\u010dnost\u00ed a v\u00fdrobc\u016f rovn\u011b\u017e investujeme do nov\u00fdch \u010dist\u00fdch technologi\u00ed, kter\u00e9 podpo\u0159\u00ed p\u0159echod sm\u011brem k vyu\u017e\u00edv\u00e1n\u00ed t\u00e9m\u011b\u0159 bezemisn\u00edho hlin\u00edku. Prost\u0159ednictv\u00edm spolupr\u00e1ce se \u0161v\u00e9dsk\u00fdm v\u00fdrobcem oceli SSAB se tak\u00e9 aktivn\u011b \u00fa\u010dastn\u00edme testov\u00e1n\u00ed mo\u017enost\u00ed v\u00fdroby a vyu\u017e\u00edv\u00e1n\u00ed t\u00e9m\u011b\u0159 bezemisn\u00ed vysoce kvalitn\u00ed oceli pro automobilov\u00fd pr\u016fmysl.<\/p>\n<p><strong>TK Volvo, Erich Handl, L Osteria<\/strong><\/p>\n<p><img loading=\"lazy\" decoding=\"async\" class=\"alignnone size-medium wp-image-940\" src=\"http:\/\/www.automakers.cz\/wp-content\/uploads\/2023\/12\/Volvo-LOsteria-900x675.jpg\" alt=\"\" width=\"900\" height=\"675\" srcset=\"https:\/\/www.automakers.cz\/wp-content\/uploads\/2023\/12\/Volvo-LOsteria-900x675.jpg 900w, https:\/\/www.automakers.cz\/wp-content\/uploads\/2023\/12\/Volvo-LOsteria-1024x768.jpg 1024w, https:\/\/www.automakers.cz\/wp-content\/uploads\/2023\/12\/Volvo-LOsteria-768x576.jpg 768w, https:\/\/www.automakers.cz\/wp-content\/uploads\/2023\/12\/Volvo-LOsteria-1536x1152.jpg 1536w, https:\/\/www.automakers.cz\/wp-content\/uploads\/2023\/12\/Volvo-LOsteria.jpg 2040w\" sizes=\"auto, (max-width: 900px) 100vw, 900px\" \/><\/p>\n","protected":false},"excerpt":{"rendered":"<p>\u0160\u00e9f Volvo Car Czech Alican Emiroglu shrnul leto\u0161n\u00ed v\u00fdsledky zna\u010dky v pra\u017esk\u00e9 restauraci L Osteria&#8230;.<\/p>\n","protected":false},"author":1,"featured_media":950,"comment_status":"open","ping_status":"open","sticky":false,"template":"","format":"standard","meta":{"footnotes":""},"categories":[11,10],"tags":[],"class_list":["post-926","post","type-post","status-publish","format-standard","has-post-thumbnail","hentry","category-importeri","category-statistika"],"_links":{"self":[{"href":"https:\/\/www.automakers.cz\/index.php?rest_route=\/wp\/v2\/posts\/926","targetHints":{"allow":["GET"]}}],"collection":[{"href":"https:\/\/www.automakers.cz\/index.php?rest_route=\/wp\/v2\/posts"}],"about":[{"href":"https:\/\/www.automakers.cz\/index.php?rest_route=\/wp\/v2\/types\/post"}],"author":[{"embeddable":true,"href":"https:\/\/www.automakers.cz\/index.php?rest_route=\/wp\/v2\/users\/1"}],"replies":[{"embeddable":true,"href":"https:\/\/www.automakers.cz\/index.php?rest_route=%2Fwp%2Fv2%2Fcomments&post=926"}],"version-history":[{"count":7,"href":"https:\/\/www.automakers.cz\/index.php?rest_route=\/wp\/v2\/posts\/926\/revisions"}],"predecessor-version":[{"id":955,"href":"https:\/\/www.automakers.cz\/index.php?rest_route=\/wp\/v2\/posts\/926\/revisions\/955"}],"wp:featuredmedia":[{"embeddable":true,"href":"https:\/\/www.automakers.cz\/index.php?rest_route=\/wp\/v2\/media\/950"}],"wp:attachment":[{"href":"https:\/\/www.automakers.cz\/index.php?rest_route=%2Fwp%2Fv2%2Fmedia&parent=926"}],"wp:term":[{"taxonomy":"category","embeddable":true,"href":"https:\/\/www.automakers.cz\/index.php?rest_route=%2Fwp%2Fv2%2Fcategories&post=926"},{"taxonomy":"post_tag","embeddable":true,"href":"https:\/\/www.automakers.cz\/index.php?rest_route=%2Fwp%2Fv2%2Ftags&post=926"}],"curies":[{"name":"wp","href":"https:\/\/api.w.org\/{rel}","templated":true}]}}