{"id":928,"date":"2023-12-14T08:36:04","date_gmt":"2023-12-14T08:36:04","guid":{"rendered":"https:\/\/www.automakers.cz\/?p=928"},"modified":"2023-12-14T10:10:55","modified_gmt":"2023-12-14T10:10:55","slug":"kupka-chce-realistickou-normu-euro-7","status":"publish","type":"post","link":"https:\/\/www.automakers.cz\/?p=928","title":{"rendered":"Kupka chce realistickou normu Euro 7"},"content":{"rendered":"<p class=\"c_dT g_fX speakable\" data-dot=\"ogm-article-perex\"><strong>\u010cesk\u00e1 republika bude na nadch\u00e1zej\u00edc\u00edch fin\u00e1ln\u00edch jedn\u00e1n\u00edch o\u00a0podob\u011b emisn\u00ed normy Euro 7\u00a0prosazovat realistick\u00e9 nastaven\u00ed technick\u00fdch detail\u016f v\u00fdroby automobil\u016f, \u0159ekl na st\u0159ede\u010dn\u00ed tiskov\u00e9 konferenci ministr dopravy Martin Kupka.<\/strong> <!--more--><\/p>\n<p class=\"c_dT g_fX speakable\" data-dot=\"ogm-article-perex\">C\u00edlem tak podle n\u011bj bude schv\u00e1len\u00ed kompromisn\u00ed verze, kterou v\u00a0z\u00e1\u0159\u00ed p\u0159ijali minist\u0159i \u010dlensk\u00fdch st\u00e1t\u016f. Podle z\u00e1stupc\u016f automobilov\u00e9ho pr\u016fmyslu mohou n\u011bkter\u00e9 technick\u00e9 n\u00e1vrhy, nap\u0159\u00edklad na brzdy nebo pneumatiky, kter\u00e9 prosazuj\u00ed Evropsk\u00fd parlament a\u00a0Evropsk\u00e1 komise, ohrozit dal\u0161\u00ed v\u00fdrobu aut se spalovac\u00edmi motory.<\/p>\n<div class=\"g_fY\">\n<div class=\"ogm-main-media__container\" data-dot=\"ogm-main-media\" data-e2e=\"ogm-main-media\">\n<figure class=\"e_bz\" aria-label=\"Galerie Ilustra\u010dn\u00ed foto\" data-dot=\"mol-figure\" data-dot-data=\"{&quot;mediaItemType&quot;:&quot;foto&quot;}\">\n<div class=\"c_aQ e_bA\">\n<div class=\"c_aR\" tabindex=\"0\">\n<div class=\"c_e c_i c_m\"><\/div>\n<\/div>\n<\/div>\n<\/figure>\n<\/div>\n<\/div>\n<div class=\"ogm-container _6231b388c0086990921bf42b\">\n<div class=\"g_f6\" data-e2e=\"ogm-article-layout\">\n<article class=\"g_f8\" role=\"article\" aria-labelledby=\"accessibility-article\">\n<div class=\"g_f7\" data-dot=\"ogm-article-content\">\n<div class=\"e_dN e_dZ\">\n<div class=\"e_dT speakable\" data-dot=\"mol-paragraph\">\n<p class=\"c_dT\"><span class=\"c_eb\">P\u0159\u00ed\u0161t\u00ed dva dny, kdy budou o fin\u00e1ln\u00ed podob\u011b Euro 7 p\u0159i tzv. trialogu jednat z\u00e1stupci EK, \u010dlensk\u00fdch st\u00e1t\u016f a EP, budou podle Kupky rozhoduj\u00edc\u00ed. \u201eChceme, aby fin\u00e1ln\u00ed postaven\u00ed m\u011bla pozice rady, do n\u00ed\u017e nejv\u00edce promlouval n\u00e1vrh spole\u010dn\u011b sm\u00fd\u0161lej\u00edc\u00edch st\u00e1t\u016f v\u010detn\u011b \u010cesk\u00e9 republiky,\u201c \u0159ekl Kupka. \u010cesko je podle n\u011bj kv\u016fli tomu v \u00fazk\u00e9m spojen\u00ed s partnersk\u00fdmi st\u00e1ty a s p\u0159edsednick\u00fdm \u0160pan\u011blskem.<\/span><\/p>\n<\/div>\n<div class=\"e_dT speakable\" data-dot=\"mol-paragraph\">\n<p class=\"c_dT\"><span class=\"c_eb\">N\u00e1vrh schv\u00e1len\u00fd ministry nab\u00edz\u00ed podle Kupky p\u0159ijateln\u011bj\u0161\u00ed a\u00a0realisti\u010dt\u011bj\u0161\u00ed verzi emisn\u00ed normy. \u201eChr\u00e1n\u00ed konkurenceschopnost automobilov\u00e9ho pr\u016fmyslu, dostupnost zejm\u00e9na mal\u00fdch vozidel a\u00a0tak\u00e9 mo\u017enost rychlej\u0161\u00edho obnovov\u00e1n\u00ed vozidlov\u00e9ho parku v\u00a0Evrop\u011b,\u201c podotkl ministr. Upozornil na to, \u017ee diskuse bude o\u00a0velmi detailn\u00edch technick\u00fdch bodech.<\/span><\/p>\n<\/div>\n<div class=\"e_dT speakable\" data-dot=\"mol-paragraph\">\n<p class=\"c_dT\"><span class=\"c_eb\">Podle n\u00e1vrhu, kter\u00fd 25.\u00a0z\u00e1\u0159\u00ed schv\u00e1lili minist\u0159i \u010dlensk\u00fdch zem\u00ed EU zodpov\u011bdn\u00ed za konkurenceschopnost, by automobilky m\u011bly sni\u017eovat emise nov\u00fdch vozidel proti p\u016fvodn\u00edmu pl\u00e1nu m\u00e9n\u011b a\u00a0z\u00e1rove\u0148 by m\u011bly m\u00edt na p\u0159\u00edpravu zm\u011bn del\u0161\u00ed dobu. Konkr\u00e9tn\u011b emisn\u00ed limity pro osobn\u00ed a\u00a0u\u017eitkov\u00e1 vozidla by m\u011bly z\u016fstat na \u00farovni, kterou dnes obsahuje platn\u00e1 emisn\u00ed norma Euro 6.\u00a0Pokud jde o\u00a0n\u00e1kladn\u00ed automobily, tyto limity by m\u011bly b\u00fdt o\u00a0n\u011bco p\u0159\u00edsn\u011bj\u0161\u00ed.<\/span><\/p>\n<\/div>\n<div class=\"e_ew\"><\/div>\n<div class=\"e_dT speakable\" data-dot=\"mol-paragraph\">\n<p class=\"c_dT\"><span class=\"c_eb\">Podle v\u00fdkonn\u00e9ho \u0159editele Sdru\u017een\u00ed automobilov\u00e9ho pr\u016fmyslu Zde\u0148ka Petzla bude norma Euro 7 kl\u00ed\u010dov\u00e1 pro udr\u017een\u00ed dal\u0161\u00ed v\u00fdroby aut se spalovac\u00edmi motory i v p\u0159\u00ed\u0161t\u00edch deseti letech. Podle Petzla se oproti p\u016fvodn\u00edmu n\u00e1vrhu poda\u0159ilo ud\u011blat kus pr\u00e1ce, st\u00e1le v\u0161ak v n\u011bkter\u00fdch verz\u00edch z\u016fst\u00e1vaj\u00ed technick\u00e9 body, kter\u00e9 jsou pro automobilov\u00fd pr\u016fmysl, kter\u00fd v \u010cesku zam\u011bstn\u00e1v\u00e1 p\u0159es p\u016fl milionu lid\u00ed, t\u011b\u017eko splniteln\u00e9.<\/span><\/p>\n<\/div>\n<div class=\"e_fm js-ad e_a7\">\n<div class=\"e_ew\">\n<div class=\"e_eD\">\n<p class=\"c_dT\"><span class=\"c_eb\">Jako \u201ep\u0159est\u0159elen\u00e9\u201c ozna\u010dil zejm\u00e9na n\u00e1vrhy EP ke zp\u0159\u00edsn\u011bn\u00ed emis\u00ed z ot\u011bru brzd a pneumatik. Tyto podm\u00ednky by podle n\u011bj sotva spl\u0148ovala bateriov\u00e1 vozidla, a i u nich by v\u00fdrazn\u011b zkomplikovaly v\u00fdvoj. \u201eJdou proti z\u00e1kazn\u00edk\u016fm, prodra\u017euj\u00ed vozidla, zpomaluj\u00ed nab\u00edjen\u00ed a jdou i proti pr\u00e1ci na \u00farovni OSN,\u201c dodal Petzl.<\/span><\/p>\n<\/div>\n<\/div>\n<\/div>\n<div class=\"e_dT speakable\" data-dot=\"mol-paragraph\">\n<p class=\"c_dT\"><span class=\"c_eb\">V bal\u00edku ozna\u010dovan\u00e9m jako Fit for 55, kter\u00fdm chce EU doc\u00edlit sn\u00ed\u017een\u00ed emis\u00ed sklen\u00edkov\u00fdch plyn\u016f do roku 2030\u00a0nejm\u00e9n\u011b o\u00a055\u00a0procent proti hodnot\u00e1m z\u00a0roku 1990, schv\u00e1lila Evropsk\u00e1 unie letos na ja\u0159e ukon\u010den\u00ed prodeje aut se spalovac\u00edmi motory k\u00a0roku 2035.\u00a0N\u011bmecko se nicm\u00e9n\u011b dohodlo s\u00a0Evropskou komis\u00ed na tom, \u017ee i\u00a0po tomto roce bude mo\u017en\u00e9 d\u00e1le vyu\u017e\u00edvat spalovac\u00ed motory poh\u00e1n\u011bn\u00e9 v\u00fdhradn\u011b syntetick\u00fdmi palivy.<\/span><\/p>\n<p><strong>Zdroj: novinky.cz, archiv<\/strong><\/p>\n<p><a href=\"http:\/\/www.automakers.cz\/wp-content\/uploads\/2023\/12\/EURO-7-Martin-Kupka-tiskovka.tif\"><img decoding=\"async\" class=\"alignnone size-full wp-image-944\" src=\"http:\/\/www.automakers.cz\/wp-content\/uploads\/2023\/12\/EURO-7-Martin-Kupka-tiskovka.tif\" alt=\"\" \/><\/a> <img loading=\"lazy\" decoding=\"async\" class=\"alignnone size-medium wp-image-945\" src=\"http:\/\/www.automakers.cz\/wp-content\/uploads\/2023\/12\/Kupka-ministr-TK-EURO-7-kamery-900x675.jpg\" alt=\"\" width=\"900\" height=\"675\" srcset=\"https:\/\/www.automakers.cz\/wp-content\/uploads\/2023\/12\/Kupka-ministr-TK-EURO-7-kamery-900x675.jpg 900w, https:\/\/www.automakers.cz\/wp-content\/uploads\/2023\/12\/Kupka-ministr-TK-EURO-7-kamery-1024x768.jpg 1024w, https:\/\/www.automakers.cz\/wp-content\/uploads\/2023\/12\/Kupka-ministr-TK-EURO-7-kamery-768x576.jpg 768w, https:\/\/www.automakers.cz\/wp-content\/uploads\/2023\/12\/Kupka-ministr-TK-EURO-7-kamery-1536x1152.jpg 1536w, https:\/\/www.automakers.cz\/wp-content\/uploads\/2023\/12\/Kupka-ministr-TK-EURO-7-kamery.jpg 2040w\" sizes=\"auto, (max-width: 900px) 100vw, 900px\" \/><\/p>\n<p>&nbsp;<\/p>\n<p>&nbsp;<\/p>\n<p>&nbsp;<\/p>\n<\/div>\n<\/div>\n<\/div>\n<\/article>\n<\/div>\n<\/div>\n","protected":false},"excerpt":{"rendered":"<p>\u010cesk\u00e1 republika bude na nadch\u00e1zej\u00edc\u00edch fin\u00e1ln\u00edch jedn\u00e1n\u00edch o\u00a0podob\u011b emisn\u00ed normy Euro 7\u00a0prosazovat realistick\u00e9 nastaven\u00ed technick\u00fdch&#8230;<\/p>\n","protected":false},"author":1,"featured_media":221,"comment_status":"open","ping_status":"open","sticky":false,"template":"","format":"standard","meta":{"footnotes":""},"categories":[25,20],"tags":[],"class_list":["post-928","post","type-post","status-publish","format-standard","has-post-thumbnail","hentry","category-legislativa","category-tiskovky"],"_links":{"self":[{"href":"https:\/\/www.automakers.cz\/index.php?rest_route=\/wp\/v2\/posts\/928","targetHints":{"allow":["GET"]}}],"collection":[{"href":"https:\/\/www.automakers.cz\/index.php?rest_route=\/wp\/v2\/posts"}],"about":[{"href":"https:\/\/www.automakers.cz\/index.php?rest_route=\/wp\/v2\/types\/post"}],"author":[{"embeddable":true,"href":"https:\/\/www.automakers.cz\/index.php?rest_route=\/wp\/v2\/users\/1"}],"replies":[{"embeddable":true,"href":"https:\/\/www.automakers.cz\/index.php?rest_route=%2Fwp%2Fv2%2Fcomments&post=928"}],"version-history":[{"count":3,"href":"https:\/\/www.automakers.cz\/index.php?rest_route=\/wp\/v2\/posts\/928\/revisions"}],"predecessor-version":[{"id":947,"href":"https:\/\/www.automakers.cz\/index.php?rest_route=\/wp\/v2\/posts\/928\/revisions\/947"}],"wp:featuredmedia":[{"embeddable":true,"href":"https:\/\/www.automakers.cz\/index.php?rest_route=\/wp\/v2\/media\/221"}],"wp:attachment":[{"href":"https:\/\/www.automakers.cz\/index.php?rest_route=%2Fwp%2Fv2%2Fmedia&parent=928"}],"wp:term":[{"taxonomy":"category","embeddable":true,"href":"https:\/\/www.automakers.cz\/index.php?rest_route=%2Fwp%2Fv2%2Fcategories&post=928"},{"taxonomy":"post_tag","embeddable":true,"href":"https:\/\/www.automakers.cz\/index.php?rest_route=%2Fwp%2Fv2%2Ftags&post=928"}],"curies":[{"name":"wp","href":"https:\/\/api.w.org\/{rel}","templated":true}]}}