{"id":931,"date":"2023-12-14T08:49:16","date_gmt":"2023-12-14T08:49:16","guid":{"rendered":"https:\/\/www.automakers.cz\/?p=931"},"modified":"2023-12-14T10:12:56","modified_gmt":"2023-12-14T10:12:56","slug":"skoda-che-v-kazachstanu-vyrabet-4-modely","status":"publish","type":"post","link":"https:\/\/www.automakers.cz\/?p=931","title":{"rendered":"\u0160koda chce vyr\u00e1b\u011bt 4 modely v Kazachst\u00e1nu"},"content":{"rendered":"<p><strong>\u0160koda Auto nad\u00e1le rozv\u00edj\u00ed d\u0159\u00edve ozn\u00e1menou spolupr\u00e1ci v Kazachst\u00e1nu se spole\u010dnost\u00ed Allur. Martin Jahn, \u010dlen p\u0159edstavenstva pro oblast Prodeje a marketingu, podepsal spole\u010dn\u011b se z\u00e1stupci partnera v Astan\u011b d\u016fle\u017eit\u00e9 smluvn\u00ed dokumenty, kter\u00e9 r\u00e1muj\u00ed budoucnost spolupr\u00e1ce.<\/strong> <!--more--><\/p>\n<p>Krom\u011b prodeje a v\u00fdroby se ob\u011b spole\u010dnosti v r\u00e1mci memoranda o porozum\u011bn\u00ed zav\u00e1zali k podpo\u0159e technick\u00e9ho vzd\u011bl\u00e1v\u00e1n\u00ed v Kazachst\u00e1nu. Vedle d\u0159\u00edve ozn\u00e1men\u00e9 v\u00fdroby z \u010d\u00e1ste\u010dn\u011b rozlo\u017een\u00fdch sad (SKD) tak\u00e9 prob\u011bhne vyhodnocen\u00ed proveditelnosti lok\u00e1ln\u00ed v\u00fdroby voz\u016f na b\u00e1zi pln\u011b rozlo\u017een\u00fdch sad (CKD) s potenci\u00e1ln\u00edm spu\u0161t\u011bn\u00edm po roce 2025.<\/p>\n<p><strong>Setk\u00e1n\u00ed na vl\u00e1dn\u00ed \u00farovni<\/strong><\/p>\n<p>B\u011bhem n\u00e1v\u0161t\u011bvy Kazachst\u00e1nu se Jahn tak\u00e9 setkal s m\u00edstop\u0159edsedou vl\u00e1dy Republiky Kazachst\u00e1n Romanem Sklyarem, aby projednali strategick\u00e9 pl\u00e1ny a probrali stav autopr\u016fmyslu v obou zem\u00edch.<\/p>\n<p>Klaus Zellmer, p\u0159edseda p\u0159edstavenstva spole\u010dnosti \u0160koda Auto, \u0159\u00edk\u00e1: \u201eInternacionalizace je pro \u0160koda Auto d\u016fle\u017eit\u00e1 a n\u00e1vrat do Kazachst\u00e1nu dob\u0159e zapad\u00e1 do na\u0161eho pl\u00e1nu aktivit v\u010detn\u011b uveden\u00ed na\u0161\u00ed zna\u010dky na trh ve Vietnamu. Jsem r\u00e1d, \u017ee se spolupr\u00e1ce s na\u0161\u00edm nov\u00fdm v\u00fdrobn\u00edm a prodejn\u00edm partnerem v Kazachst\u00e1nu, spole\u010dnost\u00ed Allur, tak rychle posouv\u00e1.<\/p>\n<p>Po \u0159\u00edjnov\u00e9m ozn\u00e1men\u00ed na\u0161\u00ed spolupr\u00e1ce jsme nyn\u00ed podepsali dal\u0161\u00ed kl\u00ed\u010dov\u00e9 smluvn\u00ed dokumenty, kter\u00e9 p\u0159ipravuj\u00ed p\u016fdu pro mont\u00e1\u017e voz\u016f \u0160koda v Kazachst\u00e1nu ji\u017e v p\u0159\u00ed\u0161t\u00edm roce a z\u00e1rove\u0148 d\u00e1vaj\u00ed r\u00e1mec budouc\u00ed spolupr\u00e1ci.\u201c<\/p>\n<p><strong>V\u00fdroba a 4 dealerstv\u00ed<\/strong><\/p>\n<p>Martin Jahn, \u010dlen p\u0159edstavenstva spole\u010dnosti \u0160koda Auto pro oblast Prodeje a marketingu, dod\u00e1v\u00e1: \u201eKazachst\u00e1n je pro n\u00e1s velmi atraktivn\u00ed trh s vysok\u00fdm r\u016fstov\u00fdm potenci\u00e1lem, \u010d\u00edm\u017e perfektn\u011b zapad\u00e1 do na\u0161\u00ed strategie internacionalizace. Bylo mi ct\u00ed se b\u011bhem n\u00e1v\u0161t\u011bvy Kazachst\u00e1nu potkat s m\u00edstop\u0159edsedou vl\u00e1dy Republiky Kazachst\u00e1n Romanem Sklyarem a probrat aktu\u00e1ln\u00ed stav automobilov\u00e9ho pr\u016fmyslu v obou na\u0161ich zem\u00edch. Na\u0161\u00edm pl\u00e1nem je v prvn\u00edm \u010dtvrtlet\u00ed postupn\u011b zah\u00e1jit v\u00fdrobu \u010dty\u0159 model\u016f, co nejd\u0159\u00edve otev\u0159\u00edt dealerstv\u00ed v Almaty, Astan\u011b, Karagand\u011b a \u0160ymkentu, a ofici\u00e1ln\u011b vstoupit na trh a spustit prodej v druh\u00e9 polovin\u011b \u00fanora. Dlouhodob\u00fdm c\u00edlem je se do roku 2028 dostat na 5% tr\u017en\u00ed pod\u00edl.\u201c<\/p>\n<p>Vyhodnocen\u00ed proveditelnosti v\u00fdroby voz\u016f na b\u00e1zi CKD do konce roku 2024Mezi podepsan\u00fdmi dohodami mezi spole\u010dnostmi \u0160koda Auto a Allur figuruje memorandum o porozum\u011bn\u00ed, kter\u00e9 po\u010d\u00edt\u00e1 s vyhodnocen\u00edm proveditelnosti potenci\u00e1ln\u00ed lok\u00e1ln\u00ed v\u00fdroby voz\u016f na b\u00e1zi CKD po roce 2025.<\/p>\n<p>V p\u0159\u00edpad\u011b pozitivn\u00edho v\u00fdsledku by ve v\u00fdrobn\u00edm z\u00e1vod\u011b prob\u00edhala je\u0161t\u011b komplexn\u011bj\u0161\u00ed forma v\u00fdroby v\u010detn\u011b sv\u00e1\u0159en\u00ed, lakov\u00e1n\u00ed i kone\u010dn\u00e9 mont\u00e1\u017ee a umo\u017enila by z\u00e1rove\u0148 je\u0161t\u011b v\u011bt\u0161\u00ed zapojen\u00ed m\u00edstn\u00edch dodavatel\u016f. P\u0159\u00ednosem t\u00e9to spolupr\u00e1ce obou spole\u010dnost\u00ed by tak byla podpora dal\u0161\u00ed zam\u011bstnanosti jak v Kazachst\u00e1nu, tak v z\u00e1vodech v \u010cesk\u00e9 republice. K fin\u00e1ln\u00edmu vyhodnocen\u00ed proveditelnosti dojde do konce roku 2024.<\/p>\n<p><img loading=\"lazy\" decoding=\"async\" class=\"alignnone size-medium wp-image-934\" src=\"http:\/\/www.automakers.cz\/wp-content\/uploads\/2023\/12\/Jahn-Skoda-Auto-expands-strategic-collaboration-in-Kazakhstan-1_965b6d9d-900x600.jpg\" alt=\"\" width=\"900\" height=\"600\" \/><\/p>\n<p>Memorandum o porozum\u011bn\u00ed o podpo\u0159e technick\u00e9ho vzd\u011bl\u00e1v\u00e1n\u00ed v Kazachst\u00e1nu\u0160koda Auto a Allur se rovn\u011b\u017e zav\u00e1zaly ke spolupr\u00e1ci na pos\u00edlen\u00ed a dal\u0161\u00edm zkvalit\u0148ov\u00e1n\u00ed technick\u00e9ho vzd\u011bl\u00e1v\u00e1n\u00ed v Kazachst\u00e1nu. Z\u00e1kladem spolupr\u00e1ce bude v\u00fdm\u011bna znalost\u00ed o vzd\u011bl\u00e1v\u00e1n\u00ed mlad\u00fdch odborn\u00edk\u016f p\u0159ipravuj\u00edc\u00edch se na nov\u00e9 zam\u011bstn\u00e1n\u00ed v automobilov\u00e9m pr\u016fmyslu.<\/p>\n<p><strong>Zdroj: \u0160koda Auto<\/strong><\/p>\n<figure id=\"attachment_527\" aria-describedby=\"caption-attachment-527\" style=\"width: 900px\" class=\"wp-caption alignnone\"><img loading=\"lazy\" decoding=\"async\" class=\"size-medium wp-image-527\" src=\"http:\/\/www.automakers.cz\/wp-content\/uploads\/2023\/11\/Skoda-Auto-almost-780000-vehicles-produced-worldwide-1-900x600.jpg\" alt=\"\" width=\"900\" height=\"600\" \/><figcaption id=\"caption-attachment-527\" class=\"wp-caption-text\">V\u00fdroba vozu \u0160koda Enyaq Coupe iV ve \u0160KODA Auto Mlad\u00e1 Boleslav.<\/figcaption><\/figure>\n<p>&nbsp;<\/p>\n","protected":false},"excerpt":{"rendered":"<p>\u0160koda Auto nad\u00e1le rozv\u00edj\u00ed d\u0159\u00edve ozn\u00e1menou spolupr\u00e1ci v Kazachst\u00e1nu se spole\u010dnost\u00ed Allur. Martin Jahn, \u010dlen&#8230;<\/p>\n","protected":false},"author":1,"featured_media":933,"comment_status":"open","ping_status":"open","sticky":false,"template":"","format":"standard","meta":{"footnotes":""},"categories":[3,31],"tags":[],"class_list":["post-931","post","type-post","status-publish","format-standard","has-post-thumbnail","hentry","category-investice","category-news"],"_links":{"self":[{"href":"https:\/\/www.automakers.cz\/index.php?rest_route=\/wp\/v2\/posts\/931","targetHints":{"allow":["GET"]}}],"collection":[{"href":"https:\/\/www.automakers.cz\/index.php?rest_route=\/wp\/v2\/posts"}],"about":[{"href":"https:\/\/www.automakers.cz\/index.php?rest_route=\/wp\/v2\/types\/post"}],"author":[{"embeddable":true,"href":"https:\/\/www.automakers.cz\/index.php?rest_route=\/wp\/v2\/users\/1"}],"replies":[{"embeddable":true,"href":"https:\/\/www.automakers.cz\/index.php?rest_route=%2Fwp%2Fv2%2Fcomments&post=931"}],"version-history":[{"count":5,"href":"https:\/\/www.automakers.cz\/index.php?rest_route=\/wp\/v2\/posts\/931\/revisions"}],"predecessor-version":[{"id":948,"href":"https:\/\/www.automakers.cz\/index.php?rest_route=\/wp\/v2\/posts\/931\/revisions\/948"}],"wp:featuredmedia":[{"embeddable":true,"href":"https:\/\/www.automakers.cz\/index.php?rest_route=\/wp\/v2\/media\/933"}],"wp:attachment":[{"href":"https:\/\/www.automakers.cz\/index.php?rest_route=%2Fwp%2Fv2%2Fmedia&parent=931"}],"wp:term":[{"taxonomy":"category","embeddable":true,"href":"https:\/\/www.automakers.cz\/index.php?rest_route=%2Fwp%2Fv2%2Fcategories&post=931"},{"taxonomy":"post_tag","embeddable":true,"href":"https:\/\/www.automakers.cz\/index.php?rest_route=%2Fwp%2Fv2%2Ftags&post=931"}],"curies":[{"name":"wp","href":"https:\/\/api.w.org\/{rel}","templated":true}]}}