{"id":9312,"date":"2024-12-01T16:23:58","date_gmt":"2024-12-01T16:23:58","guid":{"rendered":"https:\/\/www.automakers.cz\/?p=9312"},"modified":"2024-12-01T16:24:44","modified_gmt":"2024-12-01T16:24:44","slug":"schaeffler-zavira-dve-evropske-tovarny","status":"publish","type":"post","link":"https:\/\/www.automakers.cz\/?p=9312","title":{"rendered":"Schaeffler zav\u00edr\u00e1 dv\u011b evropsk\u00e9 tov\u00e1rny"},"content":{"rendered":"<p><strong>Dodavatel autod\u00edl\u016f <span class=\"highlight-query\">Schaeffler<\/span> uzav\u0159e tov\u00e1rnu v rakousk\u00e9m <span class=\"highlight-E0id7 highlight-E0M\">Berndorfu<\/span> a z\u00e1vod v britsk\u00e9m <span class=\"highlight-E0id5 highlight-E0M\">Sheffieldu<\/span>. <span class=\"highlight-E0id1 highlight-E0M\">\u010cesk\u00fdch <\/span>z\u00e1vod\u016f v <span class=\"highlight-E0id3 highlight-E0M\">Lan\u0161kroun\u011b<\/span> a ve <span class=\"highlight-E0id6 highlight-E0M\">Svitav\u00e1ch<\/span> se restrukturalizace nedotkne, ale propou\u0161t\u011bt se bude na Slovensku.<\/strong><br \/>\n<!--more--><\/p>\n<p>U\u017e za\u010d\u00e1tkem listopadu <span class=\"highlight-query\">Schaeffler<\/span> ozn\u00e1mil, \u017ee ve sv\u00fdch evropsk\u00fdch z\u00e1vodech pl\u00e1nuje propustit kolem 4700 <span class=\"highlight-E5id1 highlight-E5M\">zam\u011bstnanc\u016f<\/span>. Uzav\u0159en\u00ed tov\u00e1rny v rakousk\u00e9m <span class=\"highlight-E0id7 highlight-E0M\">Berndorfu<\/span> se podle agentury <span class=\"highlight-E1id0 highlight-E4id0 highlight-E1M highlight-E4M\">APA<\/span> dotkne zhruba 450 <span class=\"highlight-E5id1 highlight-E5M\">zam\u011bstnanc\u016f<\/span>. \u010c\u00e1st v\u00fdroby podle Schaeffleru p\u0159evezme jeho z\u00e1vod ve slovensk\u00e9 <span class=\"highlight-E0id4 highlight-E0M\">Kysuci<\/span>, i na ten v\u0161ak bude m\u00edt vliv pl\u00e1novan\u00e9 sni\u017eov\u00e1n\u00ed po\u010dtu <span class=\"highlight-E5id3 highlight-E5M\">pracovn\u00edk\u016f<\/span>.<\/p>\n<p>\u201eFirma tam hodl\u00e1 upravit strukturu <span class=\"highlight-E5id2 highlight-E5M\">person\u00e1lu<\/span>, aby optimalizovala v\u00fdrobn\u00ed n\u00e1klady,\u201c napsala spole\u010dnost <span class=\"highlight-query\">Schaeffler<\/span> v tiskov\u00e9 zpr\u00e1v\u011b. Za\u010d\u00e1tkem listopadu firma uvedla, \u017ee pl\u00e1novan\u00e9 propou\u0161t\u011bn\u00ed se dotkne 15 tov\u00e1ren v <span class=\"highlight-E0id0 highlight-E0M\">Evrop\u011b<\/span>, z toho deseti v <span class=\"highlight-E0id2 highlight-E0M\">N\u011bmecku<\/span>. Dodala, \u017ee v <span class=\"highlight-E0id2 highlight-E0M\">N\u011bmecku<\/span> hodl\u00e1 propustit 2800 <span class=\"highlight-E5id1 highlight-E5M\">zam\u011bstnanc\u016f<\/span> a v jin\u00fdch evropsk\u00fdch zem\u00edch dal\u0161\u00edch 1900 <span class=\"highlight-E5id1 highlight-E5M\">zam\u011bstnanc\u016f<\/span>. <span class=\"highlight-query\">Schaeffler<\/span> zam\u011bstn\u00e1v\u00e1 po cel\u00e9m sv\u011bt\u011b kolem 120 tis\u00edc <span class=\"highlight-E5id4 highlight-E5M\">lid\u00ed<\/span>.<\/p>\n<p><strong>Zdroj: \u010cesk\u00e9 noviny<\/strong><\/p>\n","protected":false},"excerpt":{"rendered":"<p>Dodavatel autod\u00edl\u016f Schaeffler uzav\u0159e tov\u00e1rnu v rakousk\u00e9m Berndorfu a z\u00e1vod v britsk\u00e9m Sheffieldu. \u010cesk\u00fdch z\u00e1vod\u016f&#8230;<\/p>\n","protected":false},"author":1,"featured_media":3000,"comment_status":"closed","ping_status":"closed","sticky":false,"template":"","format":"standard","meta":{"footnotes":""},"categories":[23,5],"tags":[],"class_list":["post-9312","post","type-post","status-publish","format-standard","has-post-thumbnail","hentry","category-dodavatele","category-personalie"],"_links":{"self":[{"href":"https:\/\/www.automakers.cz\/index.php?rest_route=\/wp\/v2\/posts\/9312","targetHints":{"allow":["GET"]}}],"collection":[{"href":"https:\/\/www.automakers.cz\/index.php?rest_route=\/wp\/v2\/posts"}],"about":[{"href":"https:\/\/www.automakers.cz\/index.php?rest_route=\/wp\/v2\/types\/post"}],"author":[{"embeddable":true,"href":"https:\/\/www.automakers.cz\/index.php?rest_route=\/wp\/v2\/users\/1"}],"replies":[{"embeddable":true,"href":"https:\/\/www.automakers.cz\/index.php?rest_route=%2Fwp%2Fv2%2Fcomments&post=9312"}],"version-history":[{"count":1,"href":"https:\/\/www.automakers.cz\/index.php?rest_route=\/wp\/v2\/posts\/9312\/revisions"}],"predecessor-version":[{"id":9313,"href":"https:\/\/www.automakers.cz\/index.php?rest_route=\/wp\/v2\/posts\/9312\/revisions\/9313"}],"wp:featuredmedia":[{"embeddable":true,"href":"https:\/\/www.automakers.cz\/index.php?rest_route=\/wp\/v2\/media\/3000"}],"wp:attachment":[{"href":"https:\/\/www.automakers.cz\/index.php?rest_route=%2Fwp%2Fv2%2Fmedia&parent=9312"}],"wp:term":[{"taxonomy":"category","embeddable":true,"href":"https:\/\/www.automakers.cz\/index.php?rest_route=%2Fwp%2Fv2%2Fcategories&post=9312"},{"taxonomy":"post_tag","embeddable":true,"href":"https:\/\/www.automakers.cz\/index.php?rest_route=%2Fwp%2Fv2%2Ftags&post=9312"}],"curies":[{"name":"wp","href":"https:\/\/api.w.org\/{rel}","templated":true}]}}