{"id":9315,"date":"2024-12-01T17:18:03","date_gmt":"2024-12-01T17:18:03","guid":{"rendered":"https:\/\/www.automakers.cz\/?p=9315"},"modified":"2024-12-01T17:20:52","modified_gmt":"2024-12-01T17:20:52","slug":"porsche-911-oslnilo-prazsky-vnitroblock","status":"publish","type":"post","link":"https:\/\/www.automakers.cz\/?p=9315","title":{"rendered":"Porsche 911 ozdobilo pra\u017esk\u00fd Vnitroblock"},"content":{"rendered":"<p><strong>Porsche Inter Auto CZ, ofici\u00e1ln\u00ed dovozce zna\u010dky Porsche, v listopadu p\u0159edstavilo z\u00e1kazn\u00edk\u016fm a novin\u00e1\u0159\u016fm v r\u00e1mci n\u00e1rodn\u00ed premi\u00e9ry v pra\u017esk\u00e9m Vnitroblocku novou verzi modelu 911, a to jak v klasick\u00e9 verzi 911 Carrera s pohonem zadn\u00edch kol, tak i ve verzi 911 Targa 4 GTS s hybridn\u00edm pohonem T-Hybrid.<\/strong><!--more--><br \/>\n\u201ePorsche 911 znovu p\u0159itahuje zaslou\u017eenou pozornost v\u0161ech fanou\u0161k\u016f rychl\u00fdch kol a pokrokov\u00e9 automobilov\u00e9 techniky,\u201c \u0159ekla Joanna Og\u00f3rek, v\u00fdkonn\u00e1 \u0159editelka v\u00fdhradn\u00edho dovozce automobil\u016f Porsche do \u010cesk\u00e9 republiky, a dodala:<\/p>\n<p>\u201eModernizovan\u00e1 sportovn\u00ed ikona je ve verzi GTS prvn\u00ed \u201adev\u011btsetjeden\u00e1ctkou\u2018 pro silni\u010dn\u00ed provoz s mimo\u0159\u00e1dn\u011b lehk\u00fdm a v\u00fdkonn\u00fdm hybridn\u00edm pohonem. T-Hybrid znamen\u00e1 dal\u0161\u00ed vystup\u0148ov\u00e1n\u00ed sportovn\u00edch v\u00fdkon\u016f typick\u00fdch pro zna\u010dku Porsche za sou\u010dasn\u00e9ho zv\u00fd\u0161en\u00ed hospod\u00e1rnosti a udr\u017eitelnosti.\u201c<\/p>\n<figure id=\"attachment_9318\" aria-describedby=\"caption-attachment-9318\" style=\"width: 900px\" class=\"wp-caption alignnone\"><img loading=\"lazy\" decoding=\"async\" class=\"size-medium wp-image-9318\" src=\"http:\/\/www.automakers.cz\/wp-content\/uploads\/2024\/12\/Joanna-Ogorek-900x506.jpg\" alt=\"\" width=\"900\" height=\"506\" srcset=\"https:\/\/www.automakers.cz\/wp-content\/uploads\/2024\/12\/Joanna-Ogorek-900x506.jpg 900w, https:\/\/www.automakers.cz\/wp-content\/uploads\/2024\/12\/Joanna-Ogorek-1024x576.jpg 1024w, https:\/\/www.automakers.cz\/wp-content\/uploads\/2024\/12\/Joanna-Ogorek-768x432.jpg 768w, https:\/\/www.automakers.cz\/wp-content\/uploads\/2024\/12\/Joanna-Ogorek.jpg 1035w\" sizes=\"auto, (max-width: 900px) 100vw, 900px\" \/><figcaption id=\"caption-attachment-9318\" class=\"wp-caption-text\">Joanna Og\u00f3rek<\/figcaption><\/figure>\n<p>P\u0159\u00edchod nov\u00e9ho Porsche 911 je v\u017edy v\u00fdjime\u010dnou ud\u00e1lost\u00ed a tomu odpov\u00eddal i exkluzivn\u00ed charakter n\u00e1rodn\u00ed premi\u00e9ry. V prostor\u00e1ch pra\u017esk\u00e9ho Vnitroblocku p\u0159iv\u00edtal hosty z \u0159ad z\u00e1kazn\u00edk\u016f a z\u00e1stupc\u016f m\u00e9di\u00ed moder\u00e1tor Libor Bou\u010dek. Zpest\u0159en\u00edm programu bylo vystoupen\u00ed dvojice Emma Smetana x Jordan Haj v \u017eiv\u00e9m minikoncertu.<\/p>\n<p>Do d\u011bn\u00ed byli zapojeni i samotn\u00ed host\u00e9, kte\u0159\u00ed si mohli nechat vyrobit individualizovan\u00e9 p\u0159edm\u011bty z k\u016f\u017ee p\u0159esn\u011b podle sv\u00fdch p\u0159edstav, nap\u0159\u00edklad pouzdro na vizitky s pepitov\u00fdm vzorem jako na \u010daloun\u011bn\u00ed ve vozech Porsche, visa\u010dku na kufr nebo origin\u00e1ln\u011b nam\u00edchan\u00e9 parf\u00e9my.<\/p>\n<p><img loading=\"lazy\" decoding=\"async\" class=\"alignnone size-medium wp-image-9319\" src=\"http:\/\/www.automakers.cz\/wp-content\/uploads\/2024\/12\/Porsche-911pres_-23-900x600.jpg\" alt=\"\" width=\"900\" height=\"600\" srcset=\"https:\/\/www.automakers.cz\/wp-content\/uploads\/2024\/12\/Porsche-911pres_-23-900x600.jpg 900w, https:\/\/www.automakers.cz\/wp-content\/uploads\/2024\/12\/Porsche-911pres_-23-1024x683.jpg 1024w, https:\/\/www.automakers.cz\/wp-content\/uploads\/2024\/12\/Porsche-911pres_-23-768x512.jpg 768w, https:\/\/www.automakers.cz\/wp-content\/uploads\/2024\/12\/Porsche-911pres_-23.jpg 1218w\" sizes=\"auto, (max-width: 900px) 100vw, 900px\" \/><strong>Ceny od 3,3 milionu<\/strong><\/p>\n<p>Nov\u00e9 Porsche 911, kter\u00e9 se vyzna\u010duje p\u0159epracovan\u00fdm designem, lep\u0161\u00ed aerodynamikou, modernizovanou standardn\u00ed v\u00fdbavou a roz\u0161\u00ed\u0159enou konektivitou, lze objedn\u00e1vat za ceny od 3 306 563 K\u010d v p\u0159\u00edpad\u011b varianty 911 Carrera s modernizovan\u00fdm motorem 3,0 litru o v\u00fdkonu 290 kW (394 k).<\/p>\n<p>U verz\u00ed GTS s cenami od 4 392 737 K\u010d jsou zadn\u00ed nebo v\u0161echna kola poh\u00e1n\u011bna inovativn\u00edm syst\u00e9mem T-Hybrid, kter\u00fd kombinuje nov\u011b vyvinut\u00fd z\u00e1\u017eehov\u00fd ploch\u00fd \u0161estiv\u00e1lec 3,6 litru s elektrick\u00fdm turbodmychadlem a synchronn\u00edm elektromotorem s permanentn\u00edmi magnety integrovan\u00fdm do nov\u00e9 osmistup\u0148ov\u00e9 dvouspojkov\u00e9 p\u0159evodovky (PDK). \u0158idi\u010d m\u00e1 tak k dispozici celkov\u00fd nejvy\u0161\u0161\u00ed v\u00fdkon 398 kW (541 k) a maxim\u00e1ln\u00ed to\u010div\u00fd moment 610 N.m, co\u017e posta\u010duje ke zrychlen\u00ed z klidu na 100 km\/h za pouh\u00e9 3,0 sekundy a k dosa\u017een\u00ed nejvy\u0161\u0161\u00ed rychlosti 312 km\/h.<\/p>\n<p><strong>Zdroj: Porsche IA a Erich Handl, Vnitroblock<\/strong><\/p>\n<p>&nbsp;<\/p>\n","protected":false},"excerpt":{"rendered":"<p>Porsche Inter Auto CZ, ofici\u00e1ln\u00ed dovozce zna\u010dky Porsche, v listopadu p\u0159edstavilo z\u00e1kazn\u00edk\u016fm a novin\u00e1\u0159\u016fm v&#8230;<\/p>\n","protected":false},"author":1,"featured_media":9317,"comment_status":"closed","ping_status":"closed","sticky":false,"template":"","format":"standard","meta":{"footnotes":""},"categories":[37,26,12],"tags":[],"class_list":["post-9315","post","type-post","status-publish","format-standard","has-post-thumbnail","hentry","category-ceny-novinek","category-eventy","category-premiery"],"_links":{"self":[{"href":"https:\/\/www.automakers.cz\/index.php?rest_route=\/wp\/v2\/posts\/9315","targetHints":{"allow":["GET"]}}],"collection":[{"href":"https:\/\/www.automakers.cz\/index.php?rest_route=\/wp\/v2\/posts"}],"about":[{"href":"https:\/\/www.automakers.cz\/index.php?rest_route=\/wp\/v2\/types\/post"}],"author":[{"embeddable":true,"href":"https:\/\/www.automakers.cz\/index.php?rest_route=\/wp\/v2\/users\/1"}],"replies":[{"embeddable":true,"href":"https:\/\/www.automakers.cz\/index.php?rest_route=%2Fwp%2Fv2%2Fcomments&post=9315"}],"version-history":[{"count":7,"href":"https:\/\/www.automakers.cz\/index.php?rest_route=\/wp\/v2\/posts\/9315\/revisions"}],"predecessor-version":[{"id":9325,"href":"https:\/\/www.automakers.cz\/index.php?rest_route=\/wp\/v2\/posts\/9315\/revisions\/9325"}],"wp:featuredmedia":[{"embeddable":true,"href":"https:\/\/www.automakers.cz\/index.php?rest_route=\/wp\/v2\/media\/9317"}],"wp:attachment":[{"href":"https:\/\/www.automakers.cz\/index.php?rest_route=%2Fwp%2Fv2%2Fmedia&parent=9315"}],"wp:term":[{"taxonomy":"category","embeddable":true,"href":"https:\/\/www.automakers.cz\/index.php?rest_route=%2Fwp%2Fv2%2Fcategories&post=9315"},{"taxonomy":"post_tag","embeddable":true,"href":"https:\/\/www.automakers.cz\/index.php?rest_route=%2Fwp%2Fv2%2Ftags&post=9315"}],"curies":[{"name":"wp","href":"https:\/\/api.w.org\/{rel}","templated":true}]}}