{"id":9341,"date":"2024-12-02T18:16:37","date_gmt":"2024-12-02T18:16:37","guid":{"rendered":"https:\/\/www.automakers.cz\/?p=9341"},"modified":"2024-12-02T18:16:37","modified_gmt":"2024-12-02T18:16:37","slug":"hydrogen-days-2025-predstavi-vodikove-technologie","status":"publish","type":"post","link":"https:\/\/www.automakers.cz\/?p=9341","title":{"rendered":"Hydrogen Days 2025 p\u0159edstav\u00ed vod\u00edkov\u00e9 technologie"},"content":{"rendered":"<p><strong>Na ja\u0159e roku 2025 se v Praze uskute\u010dn\u00ed 15. ro\u010dn\u00edk mezin\u00e1rodn\u00ed odborn\u00e9 konference s n\u00e1zvem Hydrogen Days 2025. T\u011b\u0161it se lze na byznysov\u00e9 f\u00f3rum, vzd\u011bl\u00e1vac\u00ed p\u0159edn\u00e1\u0161ky, v\u011bdeckou \u010d\u00e1st, v\u00fdstavu a tak\u00e9 matchmaking a networking. Registrace pro \u00fa\u010dastn\u00edky, partnery i vystavovatele byla pr\u00e1v\u011b spu\u0161t\u011bna.<\/strong><!--more--><\/p>\n<p>Experti z cel\u00e9ho sv\u011bta, kte\u0159\u00ed se zab\u00fdvaj\u00ed vod\u00edkov\u00fdmi technologiemi, a to od z\u00e1kladn\u00edho v\u00fdzkumu a tvorbu praktick\u00fdch vod\u00edkov\u00fdch aplikac\u00ed, p\u0159es v\u00fdrobu, dopravu a skladov\u00e1n\u00ed vod\u00edku a\u017e po souvisej\u00edc\u00ed evropsk\u00e9 a n\u00e1rodn\u00ed strategie a legislativu, se ve dnech 19. \u2013 21. b\u0159ezna 2025 setkaj\u00ed v Praze.<\/p>\n<p>\u201eHydrogen Days 2025 budou skute\u010dnou p\u0159ehl\u00eddkou toho nejlep\u0161\u00edho, co sv\u011bt vod\u00edkov\u00fdch technologi\u00ed nab\u00edz\u00ed! Na t\u00e9to jedine\u010dn\u00e9 akci se setkaj\u00ed a vystoup\u00ed p\u0159edn\u00ed odborn\u00edci, vizion\u00e1\u0159i a nad\u0161enci, kte\u0159\u00ed spole\u010dn\u011b ur\u010duj\u00ed trendy v oblasti udr\u017eiteln\u00e9 energie. Konference je m\u00edstem, kde se teorie m\u011bn\u00ed v praxi, kde politika a technologie spolupracuj\u00ed a kde se potk\u00e1vaj\u00ed a vznikaj\u00ed n\u00e1pady, kter\u00e9 mohou zm\u011bnit sv\u011bt. Velk\u00fdm l\u00e1kadlem bude pochopiteln\u011b i mo\u017enost vid\u011bt na\u017eivo vod\u00edkov\u00e9 technologie, a to od vod\u00edkov\u00fdch automobil\u016f, mobiln\u00edch gener\u00e1tor\u016f a\u017e po aplikace, kter\u00e9 posouvaj\u00ed hranice toho, co jsme si dok\u00e1zali p\u0159edstavit. Konference z\u00e1rove\u0148 p\u0159inese odpov\u011bdi i na ot\u00e1zky, kter\u00e9 si mo\u017en\u00e1 ani nepokl\u00e1d\u00e1te \u2013 tu\u0161\u00edte nap\u0159\u00edklad, jak bude vypadat doprava v roce 2050? Kde a jak budete b\u011b\u017en\u011b vyu\u017e\u00edvat vod\u00edk ve va\u0161em \u017eivot\u011b? Nebo zda je vod\u00edk opravdu bezpe\u010dn\u00fd a zda je mo\u017en\u00e9 jej vyr\u00e1b\u011bt dlouhodob\u011b udr\u017eiteln\u011b? V\u0161e v\u00fd\u0161e zm\u00edn\u011bn\u00e9 je p\u0159itom jen mal\u00e1 ochutn\u00e1vka z mimo\u0159\u00e1dn\u011b nabit\u00e9ho t\u0159\u00eddenn\u00edho programu. V\u011b\u0159\u00edm, \u017ee nikdo, kdo se vod\u00edkem alespo\u0148 trochu v\u00e1\u017en\u011b zab\u00fdv\u00e1, si nenech\u00e1 tuto jedine\u010dnou akci uj\u00edt, a\u0165 u\u017e jako \u0159e\u010dn\u00edk, partner, vystavovatel nebo n\u00e1v\u0161t\u011bvn\u00edk!\u201c l\u00e1k\u00e1 za po\u0159adatele Veronika Vohl\u00eddkov\u00e1, v\u00fdkonn\u00e1 \u0159editelka a \u010dlenka p\u0159edstavenstva \u010cesk\u00e9 vod\u00edkov\u00e9 technologick\u00e9 platformy (HYTEP).<\/p>\n<p>Role vod\u00edku v jednotliv\u00fdch odv\u011btv\u00edch vysp\u011bl\u00fdch ekonomik po cel\u00e9m sv\u011bt\u011b je st\u00e1le v\u00fdznamn\u011bj\u0161\u00ed a vod\u00edk se postupn\u011b za\u010d\u00edn\u00e1 uplat\u0148ovat v \u0159ad\u011b odv\u011btv\u00ed. To odr\u00e1\u017e\u00ed i podtitul konference, kter\u00fd zn\u00ed \u201eHydrogen \u2013 From Politics to Business\u201c. I to je d\u016fvodem, pro\u010d konference c\u00edl\u00ed nejen na odborn\u00edky z komer\u010dn\u00edch, v\u00fdzkumn\u00fdch a vzd\u011bl\u00e1vac\u00edch instituc\u00ed, ale stejn\u011b tak na investory, z\u00e1stupce firem, st\u00e1tn\u00edch instituc\u00ed \u010di samospr\u00e1v, zaj\u00edmaj\u00edc\u00ed se o nejaktu\u00e1ln\u011bj\u0161\u00ed informace t\u00fdkaj\u00edc\u00ed se vod\u00edku.<\/p>\n<p><img loading=\"lazy\" decoding=\"async\" class=\"alignnone size-medium wp-image-9345\" src=\"http:\/\/www.automakers.cz\/wp-content\/uploads\/2024\/12\/Hydrogen_days_zdroj_HYTEP_06-3-900x600.jpg\" alt=\"\" width=\"900\" height=\"600\" srcset=\"https:\/\/www.automakers.cz\/wp-content\/uploads\/2024\/12\/Hydrogen_days_zdroj_HYTEP_06-3-900x600.jpg 900w, https:\/\/www.automakers.cz\/wp-content\/uploads\/2024\/12\/Hydrogen_days_zdroj_HYTEP_06-3-1024x683.jpg 1024w, https:\/\/www.automakers.cz\/wp-content\/uploads\/2024\/12\/Hydrogen_days_zdroj_HYTEP_06-3-768x512.jpg 768w, https:\/\/www.automakers.cz\/wp-content\/uploads\/2024\/12\/Hydrogen_days_zdroj_HYTEP_06-3-1536x1024.jpg 1536w, https:\/\/www.automakers.cz\/wp-content\/uploads\/2024\/12\/Hydrogen_days_zdroj_HYTEP_06-3-2048x1365.jpg 2048w\" sizes=\"auto, (max-width: 900px) 100vw, 900px\" \/><strong>Vod\u00edk od v\u00fdvoje technologi\u00ed p\u0159es v\u00fdrobu, dopravu a\u017e po legislativu<\/strong><\/p>\n<p>Program t\u0159\u00eddenn\u00ed konference bude rozd\u011blen na \u0159adu tematick\u00fdch p\u0159edn\u00e1\u0161kov\u00fdch okruh\u016f a panelov\u00fdch diskus\u00ed.<\/p>\n<p>Ji\u017e prvn\u00ed den nab\u00eddne konference \u010dty\u0159i nabit\u00e9 a rozmanit\u00e9 diskusn\u00ed bloky. Prvn\u00ed z nich se zam\u011b\u0159\u00ed na vod\u00edkov\u00e9 hospod\u00e1\u0159stv\u00ed a jeho p\u0159\u00ednos z hlediska sni\u017eov\u00e1n\u00ed emis\u00ed sklen\u00edkov\u00fdch plyn\u016f. Odborn\u00edci kriticky zhodnot\u00ed dosavadn\u00ed v\u00fdvoj nasazov\u00e1n\u00ed vod\u00edkov\u00fdch technologi\u00ed v sektoru pr\u016fmyslu, dopravy a energetiky, a to v\u010detn\u011b probl\u00e9m\u016f na kter\u00e9 vod\u00edk nar\u00e1\u017e\u00ed.<\/p>\n<p>Druh\u00fd blok p\u0159edstav\u00ed sou\u010dasn\u00fd stav a v\u00fdzvy budov\u00e1n\u00ed udr\u017eiteln\u00e9ho vod\u00edkov\u00e9ho hodnotov\u00e9ho \u0159et\u011bzce, tedy budouc\u00ed mo\u017enou dominanci \u010c\u00edny v celosv\u011btov\u00fdch dod\u00e1vk\u00e1ch vod\u00edkov\u00fdch technologi\u00ed. Experti se budou v\u011bnovat aktu\u00e1ln\u00edmu stavu v\u00fdroby vod\u00edku v \u010cR, ale i v\u00fdzv\u00e1m a strategi\u00edm vedouc\u00edm ke zv\u00fd\u0161en\u00ed popt\u00e1vky po vod\u00edku nap\u0159\u00ed\u010d pr\u016fmyslov\u00fdmi odv\u011btv\u00edmi.<\/p>\n<p>T\u0159et\u00ed tematick\u00fd okruh bude v\u011bnov\u00e1n praktick\u00fdm pr\u016fmyslov\u00fdm vod\u00edkov\u00fdm aplikac\u00edm a poznatk\u016fm. Panelist\u00e9 se pod\u011bl\u00ed o zku\u0161enosti z\u00edskan\u00e9 p\u0159i integraci vod\u00edku do pr\u016fmyslov\u00fdch proces\u016f a zd\u016frazn\u00ed \u00fasp\u011bchy a technologick\u00e9 v\u00fdzvy p\u0159i vyu\u017e\u00edv\u00e1n\u00ed vod\u00edku. Posledn\u00ed blok bude zam\u011b\u0159en na mo\u017enosti spolupr\u00e1ce mezi ve\u0159ejn\u00fdm a podnikatelsk\u00fdm sektorem. Z\u00e1stupci obou sektor\u016f budou diskutovat o tom, jak mohou oba sektory spolupracovat na podpo\u0159e rozvoje vod\u00edkov\u00fdch technologi\u00ed, v\u010detn\u011b politick\u00fdch pob\u00eddek \u010di investi\u010dn\u00edch strategi\u00ed.<\/p>\n<p>Stejn\u011b zaj\u00edmav\u00fd program nab\u00eddne akce i v dal\u0161\u00edch dnech. Tak jako v p\u0159ede\u0161l\u00fdch ro\u010dn\u00edc\u00edch se i tento ro\u010dn\u00edk mohou n\u00e1v\u0161t\u011bvn\u00edci konference, v pr\u016fb\u011bhu druh\u00e9ho dne, t\u011b\u0161it na blok populariza\u010dn\u00edch p\u0159edn\u00e1\u0161ek, kter\u00e9 budou kompletn\u011b v \u010desk\u00e9m jazyce. Tyto p\u0159edn\u00e1\u0161ky s nov\u00fdm n\u00e1zvem \u201eHydrogen Master Class\u201c se zam\u011b\u0159\u00ed nap\u0159\u00edklad na p\u0159epravu, dovoz a skladov\u00e1n\u00ed vod\u00edku v \u010desk\u00e9 perspektiv\u011b; na bezpe\u010dnost coby kl\u00ed\u010dov\u00fd aspekt vyu\u017eit\u00ed vod\u00edku; na zku\u0161enosti z vod\u00edkov\u00fdch projekt\u016f v \u010cR nebo na nejlep\u0161\u00ed p\u0159\u00edklady vod\u00edkov\u00e9 osv\u011bty.<\/p>\n<p>V z\u00e1v\u011bru konference bude rovn\u011b\u017e prob\u00edhat i jedine\u010dn\u00fd \u201eMatchmaking\u201c, v r\u00e1mci kter\u00e9ho budou \u00fa\u010dastn\u00edci moci p\u0159edstavit sv\u00e9 spole\u010dnosti, v\u011bdeck\u00e9 \u00fastavy, projekty \u010di produkty a z\u00edskat tak kontakty na potenci\u00e1ln\u00ed profesn\u00ed \u010di obchodn\u00ed partnery. Program konference bude uveden a pr\u016fb\u011b\u017en\u011b aktualizov\u00e1n na webov\u00fdch str\u00e1nk\u00e1ch Hydrogen Days.<\/p>\n<p><img loading=\"lazy\" decoding=\"async\" class=\"alignnone size-medium wp-image-9346\" src=\"http:\/\/www.automakers.cz\/wp-content\/uploads\/2024\/12\/Hydrogen_days_zdroj_HYTEP_09-1-900x600.jpg\" alt=\"\" width=\"900\" height=\"600\" srcset=\"https:\/\/www.automakers.cz\/wp-content\/uploads\/2024\/12\/Hydrogen_days_zdroj_HYTEP_09-1-900x600.jpg 900w, https:\/\/www.automakers.cz\/wp-content\/uploads\/2024\/12\/Hydrogen_days_zdroj_HYTEP_09-1-1024x683.jpg 1024w, https:\/\/www.automakers.cz\/wp-content\/uploads\/2024\/12\/Hydrogen_days_zdroj_HYTEP_09-1-768x512.jpg 768w, https:\/\/www.automakers.cz\/wp-content\/uploads\/2024\/12\/Hydrogen_days_zdroj_HYTEP_09-1-1536x1024.jpg 1536w, https:\/\/www.automakers.cz\/wp-content\/uploads\/2024\/12\/Hydrogen_days_zdroj_HYTEP_09-1-2048x1365.jpg 2048w\" sizes=\"auto, (max-width: 900px) 100vw, 900px\" \/><\/p>\n<p><strong>Od ventil\u016f po vod\u00edkov\u00e9 automobily<\/strong><\/p>\n<p>Ka\u017edoro\u010dn\u00edm l\u00e1kadlem pro \u00fa\u010dastn\u00edky je i doprovodn\u00e1 v\u00fdstava vod\u00edkov\u00fdch technologi\u00ed a produkt\u016f. Na n\u00e1v\u0161t\u011bvn\u00edky konference \u010dekaj\u00ed praktick\u00e9 uk\u00e1zky nejmodern\u011bj\u0161\u00edch vod\u00edkov\u00fdch technologi\u00ed z r\u016fzn\u00fdch pr\u016fmyslov\u00fdch odv\u011btv\u00ed. V minul\u00fdch letech m\u011bli nap\u0159\u00edklad mo\u017enost zhl\u00e9dnout pestrou \u0161k\u00e1lu vod\u00edkov\u00fdch produkt\u016f a aplikac\u00ed od vod\u00edkov\u00fdch ventil\u016f p\u0159es mobiln\u00ed gener\u00e1tory vod\u00edku a\u017e po vod\u00edkov\u00e9 automobily, kter\u00e9 si mohli b\u011bhem testovac\u00edch j\u00edzd vyzkou\u0161et v ostr\u00e9m provozu v pra\u017esk\u00fdch ulic\u00edch. Organiz\u00e1to\u0159i v\u011b\u0159\u00ed, \u017ee do jubilejn\u00edho 15. ro\u010dn\u00edku se op\u011bt zapoj\u00ed \u0161irok\u00e1 \u0161k\u00e1la partner\u016f a vystavovatel\u016f, kte\u0159\u00ed dodaj\u00ed akci ten spr\u00e1vn\u00fd drive.<\/p>\n<p>\u201eKonference Hydrogen Days 2025 nab\u00edz\u00ed jedine\u010dnou p\u0159\u00edle\u017eitost prezentace pro firmy, kter\u00e9 cht\u011bj\u00ed expandovat a nav\u00e1zat cenn\u00e9 obchodn\u00ed vztahy. Jednotliv\u00ed partne\u0159i a vystavovatel\u00e9 zde maj\u00ed mo\u017enost zviditelnit svou zna\u010dku p\u0159ed kl\u00ed\u010dov\u00fdmi hr\u00e1\u010di v oboru. Stejn\u011b tak mohou p\u0159edstavit sv\u00e9 inovativn\u00ed produkty a slu\u017eby, a z\u00edskat nov\u00e9 mo\u017enosti spolupr\u00e1ce. Konference tak p\u0159edstavuje ide\u00e1ln\u00ed m\u00edsto pro budov\u00e1n\u00ed kontakt\u016f a z\u00edsk\u00e1v\u00e1n\u00ed nov\u00fdch klient\u016f. Ka\u017ed\u00fd, kdo v oblasti vod\u00edkov\u00fdch technologi\u00ed n\u011bco znamen\u00e1, nesm\u00ed na akci chyb\u011bt!\u201c dopl\u0148uje Veronika Vohl\u00eddkov\u00e1 s t\u00edm, \u017ee potenci\u00e1ln\u00ed vystavovatel\u00e9 a partne\u0159i se mohou na akci p\u0159ihl\u00e1sit pr\u00e1v\u011b nyn\u00ed.<\/p>\n<p><img loading=\"lazy\" decoding=\"async\" class=\"alignnone size-medium wp-image-9344\" src=\"http:\/\/www.automakers.cz\/wp-content\/uploads\/2024\/12\/Hydrogen_days_zdroj_HYTEP_01-5-900x600.jpg\" alt=\"\" width=\"900\" height=\"600\" srcset=\"https:\/\/www.automakers.cz\/wp-content\/uploads\/2024\/12\/Hydrogen_days_zdroj_HYTEP_01-5-900x600.jpg 900w, https:\/\/www.automakers.cz\/wp-content\/uploads\/2024\/12\/Hydrogen_days_zdroj_HYTEP_01-5-1024x683.jpg 1024w, https:\/\/www.automakers.cz\/wp-content\/uploads\/2024\/12\/Hydrogen_days_zdroj_HYTEP_01-5-768x512.jpg 768w, https:\/\/www.automakers.cz\/wp-content\/uploads\/2024\/12\/Hydrogen_days_zdroj_HYTEP_01-5-1536x1024.jpg 1536w, https:\/\/www.automakers.cz\/wp-content\/uploads\/2024\/12\/Hydrogen_days_zdroj_HYTEP_01-5-2048x1365.jpg 2048w\" sizes=\"auto, (max-width: 900px) 100vw, 900px\" \/><\/p>\n<p><strong>Zv\u00fdhodn\u011bn\u00e1 registrace jen do 3. \u00fanora 2025<\/strong><\/p>\n<p>Patn\u00e1ct\u00fd ro\u010dn\u00edk konference Hydrogen Days 2025 se uskute\u010dn\u00ed ve dnech 19. \u2013 21. b\u0159ezna 2025 v prostor\u00e1ch OREA Hotel Pyramida Praha. Detailn\u00ed program a jm\u00e9na \u0159e\u010dn\u00edk\u016f budou organiz\u00e1to\u0159i postupn\u011b p\u0159edstavovat na webu konference http:\/\/www.hydrogendays.cz a na LinkedIn profilu \u010cesk\u00e9 vod\u00edkov\u00e9 technologick\u00e9 platformy HYTEP.<\/p>\n<p>Registrace na konferenci Hydrogen Days 2025 je ji\u017e spu\u0161t\u011bna a do 3. \u00fanora 2025 je nav\u00edc mo\u017en\u00e9 p\u0159ihl\u00e1sit se za zv\u00fdhodn\u011bnou cenu. \u00da\u010dastn\u00edci se mohou registrovat pomoc\u00ed formul\u00e1\u0159e. Partne\u0159i a vystavovatel\u00e9 mohou zjistit v\u00edce informac\u00ed, jak b\u00fdt sou\u010d\u00e1st\u00ed konference zde.<\/p>\n<p>Konference Hydrogen Days 2025 se kon\u00e1 pod z\u00e1\u0161titou Ministerstva \u017eivotn\u00edho prost\u0159ed\u00ed \u010cR, Ministerstva zahrani\u010dn\u00edch v\u011bc\u00ed \u010cR, Ministerstva pro m\u00edstn\u00ed rozvoj \u010cR a Hlavn\u00edho m\u011bsta Prahy.<\/p>\n<p><img loading=\"lazy\" decoding=\"async\" class=\"alignnone size-medium wp-image-9343\" src=\"http:\/\/www.automakers.cz\/wp-content\/uploads\/2024\/12\/Hydrogen_days_zdroj_HYTEP_08-2-900x600.jpg\" alt=\"\" width=\"900\" height=\"600\" srcset=\"https:\/\/www.automakers.cz\/wp-content\/uploads\/2024\/12\/Hydrogen_days_zdroj_HYTEP_08-2-900x600.jpg 900w, https:\/\/www.automakers.cz\/wp-content\/uploads\/2024\/12\/Hydrogen_days_zdroj_HYTEP_08-2-1024x683.jpg 1024w, https:\/\/www.automakers.cz\/wp-content\/uploads\/2024\/12\/Hydrogen_days_zdroj_HYTEP_08-2-768x512.jpg 768w, https:\/\/www.automakers.cz\/wp-content\/uploads\/2024\/12\/Hydrogen_days_zdroj_HYTEP_08-2-1536x1024.jpg 1536w, https:\/\/www.automakers.cz\/wp-content\/uploads\/2024\/12\/Hydrogen_days_zdroj_HYTEP_08-2-2048x1365.jpg 2048w\" sizes=\"auto, (max-width: 900px) 100vw, 900px\" \/><\/p>\n","protected":false},"excerpt":{"rendered":"<p>Na ja\u0159e roku 2025 se v Praze uskute\u010dn\u00ed 15. ro\u010dn\u00edk mezin\u00e1rodn\u00ed odborn\u00e9 konference s n\u00e1zvem&#8230;<\/p>\n","protected":false},"author":2,"featured_media":9342,"comment_status":"closed","ping_status":"closed","sticky":false,"template":"","format":"standard","meta":{"footnotes":""},"categories":[22,40,39],"tags":[],"class_list":["post-9341","post","type-post","status-publish","format-standard","has-post-thumbnail","hentry","category-konference","category-technologie","category-vodik"],"_links":{"self":[{"href":"https:\/\/www.automakers.cz\/index.php?rest_route=\/wp\/v2\/posts\/9341","targetHints":{"allow":["GET"]}}],"collection":[{"href":"https:\/\/www.automakers.cz\/index.php?rest_route=\/wp\/v2\/posts"}],"about":[{"href":"https:\/\/www.automakers.cz\/index.php?rest_route=\/wp\/v2\/types\/post"}],"author":[{"embeddable":true,"href":"https:\/\/www.automakers.cz\/index.php?rest_route=\/wp\/v2\/users\/2"}],"replies":[{"embeddable":true,"href":"https:\/\/www.automakers.cz\/index.php?rest_route=%2Fwp%2Fv2%2Fcomments&post=9341"}],"version-history":[{"count":4,"href":"https:\/\/www.automakers.cz\/index.php?rest_route=\/wp\/v2\/posts\/9341\/revisions"}],"predecessor-version":[{"id":9360,"href":"https:\/\/www.automakers.cz\/index.php?rest_route=\/wp\/v2\/posts\/9341\/revisions\/9360"}],"wp:featuredmedia":[{"embeddable":true,"href":"https:\/\/www.automakers.cz\/index.php?rest_route=\/wp\/v2\/media\/9342"}],"wp:attachment":[{"href":"https:\/\/www.automakers.cz\/index.php?rest_route=%2Fwp%2Fv2%2Fmedia&parent=9341"}],"wp:term":[{"taxonomy":"category","embeddable":true,"href":"https:\/\/www.automakers.cz\/index.php?rest_route=%2Fwp%2Fv2%2Fcategories&post=9341"},{"taxonomy":"post_tag","embeddable":true,"href":"https:\/\/www.automakers.cz\/index.php?rest_route=%2Fwp%2Fv2%2Ftags&post=9341"}],"curies":[{"name":"wp","href":"https:\/\/api.w.org\/{rel}","templated":true}]}}