{"id":9356,"date":"2024-12-02T18:25:09","date_gmt":"2024-12-02T18:25:09","guid":{"rendered":"https:\/\/www.automakers.cz\/?p=9356"},"modified":"2024-12-02T19:14:18","modified_gmt":"2024-12-02T19:14:18","slug":"volkswagen-celi-vystrazne-stavce","status":"publish","type":"post","link":"https:\/\/www.automakers.cz\/?p=9356","title":{"rendered":"Volkswagen \u010delil v\u00fdstra\u017en\u00e9 st\u00e1vce"},"content":{"rendered":"<p class=\"c_a4 g_gP speakable\" data-dot=\"ogm-article-perex\"><strong>Dev\u011bt provoz\u016f Volkswagenu (VW) v N\u011bmecku v pond\u011bl\u00ed ochromila v\u00fdstra\u017en\u00e1 st\u00e1vka. Za\u010dala v p\u016fl des\u00e1t\u00e9 dopoledne ve Cvikov\u011b a pot\u00e9 se p\u0159idaly dal\u0161\u00ed tov\u00e1rny, mimo jin\u00e9 v \u00fast\u0159ed\u00ed ve Wolfsburgu. Ud\u00e1lost komentoval \u010cesk\u00fd rozhlas Plus.<br \/>\n<\/strong><!--more--><\/p>\n<p class=\"c_a4 g_gP speakable\" data-dot=\"ogm-article-perex\">Ve 12:30 za\u010dal protest ve zn\u00e1m\u00e9 sklen\u011bn\u00e9 tov\u00e1rn\u011b v Dr\u00e1\u017e\u010fanech. Ozn\u00e1mil to r\u00e1no odborov\u00fd svaz IG Metall. Pr\u00e1ci by zam\u011bstnanci zastavili na dv\u011b hodiny.<\/p>\n<p class=\"c_a4 g_gP speakable\" data-dot=\"ogm-article-perex\"><span class=\"c_eG\">Dal\u0161\u00ed sm\u011bny m\u011bly v pl\u00e1nu st\u00e1vkovat tak\u00e9 dv\u011b hodiny. Odbor\u00e1\u0159i protestuj\u00ed proti ohl\u00e1\u0161en\u00e9mu rozs\u00e1hl\u00e9mu propou\u0161t\u011bn\u00ed, sni\u017eov\u00e1n\u00ed mezd a p\u0159edpokl\u00e1dan\u00e9mu zav\u00edr\u00e1n\u00ed tov\u00e1ren automobilky v N\u011bmecku.<\/span><\/p>\n<div class=\"_6231b388c0086990921bf42b ogm-container\">\n<div class=\"g_gY\" data-e2e=\"ogm-article-layout\">\n<article class=\"g_g-\" role=\"article\" aria-labelledby=\"accessibility-article\">\n<div class=\"g_gZ\" data-dot=\"ogm-article-content\">\n<div class=\"e_ei e_et\">\n<div class=\"e_a4 speakable\" data-dot=\"mol-paragraph\">\n<p class=\"c_a4\"><span class=\"c_eG\">Vedle Cvikova, Dr\u00e1\u017e\u010fan a Wolfsburgu st\u00e1vky zas\u00e1hly tak\u00e9 v\u00fdrobn\u00ed provozy v Hannoveru, Emdenu, Kasselu-Baunatalu, Braunschweigu, Salzgitteru a Sask\u00e9 Kamenici (Chemnitz). Jako posledn\u00ed za\u010dal protest v 12:30 v Kasselu-Baunatalu.<\/span><\/p>\n<\/div>\n<div class=\"e_a4 speakable\" data-dot=\"mol-paragraph\">\n<p class=\"c_a4\"><span class=\"c_eG\">Ve v\u0161ech posti\u017een\u00fdch tov\u00e1rn\u00e1ch se pr\u00e1ce zastavila do\u010dasn\u011b, uvedl oblastn\u00ed mana\u017eer IG Metall pro Doln\u00ed Sasko Thorsten Gr\u00f6ger. Ke st\u00e1vk\u00e1m napl\u00e1novali odbor\u00e1\u0159i protestn\u00ed shrom\u00e1\u017ed\u011bn\u00ed a pochody.<\/span><\/p>\n<p><strong>Koment\u00e1\u0159: V N\u011bmecku u\u017e byly v\u011bt\u0161\u00ed st\u00e1vky<\/strong><\/p>\n<p>Jak\u00fd byl v\u00fdznam st\u00e1vky pro n\u011bmeck\u00fd pr\u016fmysl. &#8222;V N\u011bmeck\u00fdch pom\u011brech ne\u0161lo o velkou st\u00e1vku. Ta rekordn\u00ed, st\u00e1vka kovod\u011bln\u00edk\u016f v pades\u00e1t\u00fdch letech, trvala p\u011bt m\u011bs\u00edc\u016f. Tak\u00e9 letos za\u017eilo N\u011bmecko v\u011bt\u0161\u00ed st\u00e1vky. V lednu zaplnili zem\u011bd\u011blci Berl\u00edn traktory, pot\u00e9 st\u00e1vkovali \u017eelezni\u010d\u00e1\u0159i a tak\u00e9 zam\u011bstnanci Lufthansy. Tyto st\u00e1vky na rozd\u00edl od t\u00e9 dne\u0161n\u00ed varovn\u00e9 ochromily \u010d\u00edst hospod\u00e1\u0159stv\u00ed. Ale odbory ve Volkswagenu jasn\u011b nazna\u010dily, \u017ee jsou tak\u00e9 schopny zastavit \u010d\u00e1st pr\u016fmyslu, minim\u00e1ln\u011b v severn\u00ed \u010d\u00e1sti N\u011bmecka,&#8220; \u0159ekl v rozhovoru pro \u010cesk\u00fd rozhlas Plus \u0161\u00e9fredaktor Automakers Erich Handl.<\/p>\n<p><strong>Zdroj: novinky.cz, \u010cRo Plus<br \/>\n<\/strong><\/p>\n<\/div>\n<\/div>\n<\/div>\n<\/article>\n<\/div>\n<\/div>\n","protected":false},"excerpt":{"rendered":"<p>Dev\u011bt provoz\u016f Volkswagenu (VW) v N\u011bmecku v pond\u011bl\u00ed ochromila v\u00fdstra\u017en\u00e1 st\u00e1vka. Za\u010dala v p\u016fl des\u00e1t\u00e9&#8230;<\/p>\n","protected":false},"author":1,"featured_media":8398,"comment_status":"closed","ping_status":"closed","sticky":false,"template":"","format":"standard","meta":{"footnotes":""},"categories":[14,31,18],"tags":[],"class_list":["post-9356","post","type-post","status-publish","format-standard","has-post-thumbnail","hentry","category-komentar","category-news","category-vyroba"],"_links":{"self":[{"href":"https:\/\/www.automakers.cz\/index.php?rest_route=\/wp\/v2\/posts\/9356","targetHints":{"allow":["GET"]}}],"collection":[{"href":"https:\/\/www.automakers.cz\/index.php?rest_route=\/wp\/v2\/posts"}],"about":[{"href":"https:\/\/www.automakers.cz\/index.php?rest_route=\/wp\/v2\/types\/post"}],"author":[{"embeddable":true,"href":"https:\/\/www.automakers.cz\/index.php?rest_route=\/wp\/v2\/users\/1"}],"replies":[{"embeddable":true,"href":"https:\/\/www.automakers.cz\/index.php?rest_route=%2Fwp%2Fv2%2Fcomments&post=9356"}],"version-history":[{"count":7,"href":"https:\/\/www.automakers.cz\/index.php?rest_route=\/wp\/v2\/posts\/9356\/revisions"}],"predecessor-version":[{"id":9375,"href":"https:\/\/www.automakers.cz\/index.php?rest_route=\/wp\/v2\/posts\/9356\/revisions\/9375"}],"wp:featuredmedia":[{"embeddable":true,"href":"https:\/\/www.automakers.cz\/index.php?rest_route=\/wp\/v2\/media\/8398"}],"wp:attachment":[{"href":"https:\/\/www.automakers.cz\/index.php?rest_route=%2Fwp%2Fv2%2Fmedia&parent=9356"}],"wp:term":[{"taxonomy":"category","embeddable":true,"href":"https:\/\/www.automakers.cz\/index.php?rest_route=%2Fwp%2Fv2%2Fcategories&post=9356"},{"taxonomy":"post_tag","embeddable":true,"href":"https:\/\/www.automakers.cz\/index.php?rest_route=%2Fwp%2Fv2%2Ftags&post=9356"}],"curies":[{"name":"wp","href":"https:\/\/api.w.org\/{rel}","templated":true}]}}