{"id":9368,"date":"2024-12-02T18:41:42","date_gmt":"2024-12-02T18:41:42","guid":{"rendered":"https:\/\/www.automakers.cz\/?p=9368"},"modified":"2024-12-02T18:43:16","modified_gmt":"2024-12-02T18:43:16","slug":"tavares-skoncil-v-cele-automobilky-stellantis","status":"publish","type":"post","link":"https:\/\/www.automakers.cz\/?p=9368","title":{"rendered":"Carlos Tavares skon\u010dil v \u010dele Stellantisu"},"content":{"rendered":"<p><strong><span class=\"highlight-E2id1 highlight-E2M\">Carlos<\/span> <span class=\"highlight-query highlight-E2id1 highlight-E2M\">Tavares<\/span> m\u011bl pov\u011bst nel\u00edtostn\u00e9ho n\u00e1kladov\u00e9ho <span class=\"highlight-E5id5 highlight-E5M\">kata<\/span>. Za svou kari\u00e9ru dok\u00e1zal nap\u0159\u00edklad odvr\u00e1tit bankrot automobilky <span class=\"highlight-E4id1 highlight-E1id7 highlight-E4M highlight-E1M\">Renault<\/span>. Nyn\u00ed se ale jeho mana\u017eersk\u00fd styl \u0159\u00edzen\u00ed znel\u00edbil vy\u0161\u0161\u00edmu veden\u00ed a <span class=\"highlight-E5id0 highlight-E5M\">v\u00fdkonn\u00fd<\/span> <span class=\"highlight-E5id0 highlight-E5M\">\u0159editel<\/span> Stellantis <span class=\"highlight-query highlight-E2id1 highlight-E2M\">Tavares<\/span> pon\u011bkud n\u00e1hle ve sv\u00e9 funkci kon\u010d\u00ed.<\/strong><!--more--><\/p>\n<p>Rychl\u00fd proces Rezignaci <span class=\"highlight-E2id1 highlight-E2M\">Tavarese<\/span> \u201es okam\u017eitou platnost\u00ed\u201c v ned\u011bli p\u0159ijalo p\u0159edstavenstvo firmy, sd\u011blil <span class=\"highlight-E4id1 highlight-E1id10 highlight-E4M highlight-E1M\">Stellantis<\/span> v prohl\u00e1\u0161en\u00ed, ani\u017e by uvedl d\u016fvod person\u00e1ln\u00ed zm\u011bny.<\/p>\n<p>&#8222;Stellantis NV oznamuje, \u017ee p\u0159edstavenstvo spole\u010dnosti, kter\u00e9 se dnes se\u0161lo pod veden\u00edm Johna Elkanna, p\u0159ijala s okam\u017eitou platnost\u00ed rezignaci Carlose Tavarese na funkci gener\u00e1ln\u00edho \u0159editele skupiny Stellantis,&#8220; uvedla firma.<\/p>\n<p>Proces jmenov\u00e1n\u00ed nov\u00e9ho st\u00e1l\u00e9ho gener\u00e1ln\u00edho \u0159editele prob\u011bhne pod veden\u00edm zvl\u00e1\u0161tn\u00edho v\u00fdboru p\u0159edstavenstva. Tento proces byl ji\u017e zah\u00e1jen a bude dokon\u010den v prvn\u00ed polovin\u011b roku 2025. Do t\u00e9 doby bude ustaven nov\u00fd do\u010dasn\u00fd v\u00fdkonn\u00fd v\u00fdbor, jemu\u017e bude p\u0159edsedat John Elkann.<\/p>\n<p><strong>Co o ud\u00e1losti p\u00ed\u0161\u00ed m\u00e9dia?<\/strong><\/p>\n<p>Pozici <span class=\"highlight-E2id1 highlight-E2M\">Tavarese<\/span> ve veden\u00ed <span class=\"highlight-E4id1 highlight-E1id10 highlight-E4M highlight-E1M\">Stellantis<\/span> v posledn\u00ed dob\u011b podkopal dramatick\u00fd pokles tr\u017eeb a zisk\u016f koncernu, kter\u00fd vlastn\u00ed zna\u010dky <span class=\"highlight-E1id8 highlight-E1M\">Peugeot<\/span>, <span class=\"highlight-E1id1 highlight-E4id1 highlight-E1M highlight-E4M\">Citro\u00ebn<\/span>, <span class=\"highlight-E4id1 highlight-E1id4 highlight-E4M highlight-E1M\">Fiat<\/span>, <span class=\"highlight-E1id3 highlight-E4id1 highlight-E1M highlight-E4M\">Chrysler<\/span> nebo <span class=\"highlight-E4id1 highlight-E1id5 highlight-E4M highlight-E1M\">Jeep<\/span>. Neuspokojiv\u00e9 v\u00fdsledky p\u0159i\u0161ly pot\u00e9, co firma nav\u00edc zv\u00fd\u0161ila ceny v\u00edce ne\u017e jej\u00ed konkurenti. Jej\u00ed \u010dist\u00e9 tr\u017eby letos ve t\u0159et\u00edm \u010dtvrtlet\u00ed meziro\u010dn\u011b klesly o 27 procent.<\/p>\n<p>Minul\u00fd t\u00fdden nav\u00edc koncern ozn\u00e1mil pl\u00e1ny na uzav\u0159en\u00ed sv\u00e9 tov\u00e1rny na v\u00fdrobu dod\u00e1vek <span class=\"highlight-E1id6 highlight-E4id1 highlight-E1M highlight-E4M\">Vauxhall<\/span> v britsk\u00e9m <span class=\"highlight-E0id2 highlight-E0M\">Lutonu<\/span>, co\u017e ohro\u017euje asi 1100 pracovn\u00edch m\u00edst, p\u00ed\u0161e server <span class=\"highlight-E4id0 highlight-E1id9 highlight-E4id2 highlight-E4M highlight-E1M\">BBC<\/span>. \u201e<span class=\"highlight-E5id3 highlight-E5M\">Kritici<\/span> Tavareseho veden\u00ed by \u0159ekli, \u017ee jen p\u0159\u00edli\u0161 sni\u017eoval n\u00e1klady a zdr\u017eoval v\u00fdrobky a tak\u00e9 po\u0161kozoval kvalitu,\u201c komentoval pro <span class=\"highlight-E4id0 highlight-E4id2 highlight-E1id9 highlight-E4M highlight-E1M\">BBC<\/span> jeho odchod Hans Greimel, <span class=\"highlight-E5id1 highlight-E5M\">redaktor<\/span> <span class=\"highlight-E3id1 highlight-E3M\">Automotive<\/span> <span class=\"highlight-E3id1 highlight-E3M\">News<\/span>.<\/p>\n<p><strong>Zdroj: Stellantis, Radka Matthey a Newstream.cz<\/strong><\/p>\n<p>&nbsp;<\/p>\n","protected":false},"excerpt":{"rendered":"<p>Carlos Tavares m\u011bl pov\u011bst nel\u00edtostn\u00e9ho n\u00e1kladov\u00e9ho kata. Za svou kari\u00e9ru dok\u00e1zal nap\u0159\u00edklad odvr\u00e1tit bankrot automobilky&#8230;<\/p>\n","protected":false},"author":1,"featured_media":9370,"comment_status":"closed","ping_status":"closed","sticky":false,"template":"","format":"standard","meta":{"footnotes":""},"categories":[56,14,6,5],"tags":[],"class_list":["post-9368","post","type-post","status-publish","format-standard","has-post-thumbnail","hentry","category-celebrity","category-komentar","category-management","category-personalie"],"_links":{"self":[{"href":"https:\/\/www.automakers.cz\/index.php?rest_route=\/wp\/v2\/posts\/9368","targetHints":{"allow":["GET"]}}],"collection":[{"href":"https:\/\/www.automakers.cz\/index.php?rest_route=\/wp\/v2\/posts"}],"about":[{"href":"https:\/\/www.automakers.cz\/index.php?rest_route=\/wp\/v2\/types\/post"}],"author":[{"embeddable":true,"href":"https:\/\/www.automakers.cz\/index.php?rest_route=\/wp\/v2\/users\/1"}],"replies":[{"embeddable":true,"href":"https:\/\/www.automakers.cz\/index.php?rest_route=%2Fwp%2Fv2%2Fcomments&post=9368"}],"version-history":[{"count":4,"href":"https:\/\/www.automakers.cz\/index.php?rest_route=\/wp\/v2\/posts\/9368\/revisions"}],"predecessor-version":[{"id":9371,"href":"https:\/\/www.automakers.cz\/index.php?rest_route=\/wp\/v2\/posts\/9368\/revisions\/9371"}],"wp:featuredmedia":[{"embeddable":true,"href":"https:\/\/www.automakers.cz\/index.php?rest_route=\/wp\/v2\/media\/9370"}],"wp:attachment":[{"href":"https:\/\/www.automakers.cz\/index.php?rest_route=%2Fwp%2Fv2%2Fmedia&parent=9368"}],"wp:term":[{"taxonomy":"category","embeddable":true,"href":"https:\/\/www.automakers.cz\/index.php?rest_route=%2Fwp%2Fv2%2Fcategories&post=9368"},{"taxonomy":"post_tag","embeddable":true,"href":"https:\/\/www.automakers.cz\/index.php?rest_route=%2Fwp%2Fv2%2Ftags&post=9368"}],"curies":[{"name":"wp","href":"https:\/\/api.w.org\/{rel}","templated":true}]}}