{"id":9394,"date":"2024-12-04T08:56:10","date_gmt":"2024-12-04T08:56:10","guid":{"rendered":"https:\/\/www.automakers.cz\/?p=9394"},"modified":"2024-12-04T08:56:10","modified_gmt":"2024-12-04T08:56:10","slug":"janik-mistrem-republiky-v-jizde-do-vrchu","status":"publish","type":"post","link":"https:\/\/www.automakers.cz\/?p=9394","title":{"rendered":"Jan\u00edk mistrem republiky v j\u00edzd\u011b do vrchu"},"content":{"rendered":"<p><strong>Jezdci t\u00fdmu Jan\u00edk Motorsport byli pozv\u00e1ni\u00a0 k p\u0159evzet\u00ed cen za dosa\u017een\u00e9 \u00fasp\u011bchy v Mistrovstv\u00ed \u010cesk\u00e9 republiky v z\u00e1vodech do vrchu. Slavnostn\u00ed p\u0159ed\u00e1v\u00e1n\u00ed se konalo v Praze a mezi ocen\u011bn\u00fdmi, kte\u0159\u00ed dorazili p\u0159evz\u00edt cenu, byli i t\u0159i z\u00e1stupci t\u00fdmu &#8211; V\u00e1clav Jan\u00edk, David D\u011bdek a Jakub \u0160r\u00e1mek.<\/strong><!--more--><\/p>\n<p>V\u00e1clav Jan\u00edk poprv\u00e9 v kari\u00e9\u0159e dos\u00e1hl na vytou\u017een\u00fd titul Mistra \u010cesk\u00e9 republiky v z\u00e1vodech do vrchu.Jan\u00edk dos\u00e1hl za svoji kari\u00e9ru na titul vicemistra \u010cesk\u00e9 republiky hned t\u0159ikr\u00e1t v letech 2012, 2013 a 2019, ale titul pro absolutn\u00edho v\u00edt\u011bze se mu a\u017e do leto\u0161n\u00ed sezony vyh\u00fdbal. I proto bylo v\u00edt\u011bzstv\u00ed nedaleko Pezinoku, po kter\u00e9m si Jan\u00edk zajistil titul mistra, velmi emotivn\u00ed. K titulu mu pomohlo celkem \u0161est absolutn\u00edch v\u00fdher na Slovakiaringu, v N\u00e1m\u011b\u0161ti nad Oslavou a p\u0159i z\u00e1v\u011bre\u010dn\u00e9m podniku na Bab\u011b.<\/p>\n<p>Sez\u00f3na 2024 se skl\u00e1dala ze zna\u010dn\u00e9ho mno\u017estv\u00ed podnik\u016f, kde se konalo jak \u010desk\u00e9 mistrovstv\u00ed, tak slovensk\u00e9. Jan\u00edk se rozhodl z\u00fa\u010dastnit tak\u00e9 Mezin\u00e1rodn\u00edho mistrovstv\u00ed Slovensk\u00e9 republiky v z\u00e1vodechdo vrchu a dosa\u017een\u00e9 body mu sta\u010dily na to, aby se stal tak\u00e9 mistrem tohoto mezin\u00e1rodn\u00edho mistrovstv\u00ed a zavr\u0161il tak perfektn\u00ed sez\u00f3nu 2024 hned dv\u011bma n\u00e1rodn\u00edmi tituly. Slavnostn\u00ed ceremoni\u00e1l p\u0159ed\u00e1v\u00e1n\u00ed cen se uskute\u010dnil dne 30. listopadu v Nit\u0159e, kam byl Jan\u00edk pozv\u00e1n, a s hrdost\u00ed si p\u0159evzal poh\u00e1r pro absolutn\u00edho v\u00edt\u011bze.<\/p>\n<p>David D\u011bdek nepro\u017eil jednoduchou sezonu, kdy\u017e mu \u00fa\u010dast v dom\u00e1c\u00edm i evropsk\u00e9m mistrovstv\u00edsou\u010dasn\u011b do zna\u010dn\u00e9 m\u00edry komplikovala cestu za v\u00edt\u011bzstv\u00edm ve t\u0159\u00edd\u011b E2-SC-2000 v dom\u00e1c\u00edm mistrovstv\u00ed. Nav\u00edc D\u011bdek nebojoval jen se soupe\u0159i na dr\u00e1ze, ale i se zdrav\u00edm, kter\u00e9 se za\u010dalo hl\u00e1sit o pozornost na za\u010d\u00e1tku l\u00e9ta. I p\u0159es tyto komplikace se D\u011bdkovi poda\u0159ilo obh\u00e1jit druh\u00e9 m\u00edsto ve velmi nabit\u00e9 t\u0159\u00edd\u011b E2-SC-2000 a dokonce dvakr\u00e1t zv\u00edt\u011bzil v hodnocen\u00ed t\u0159\u00eddy, a to na Slovakiaringu a ve druh\u00e9m z\u00e1vod\u011b v \u00dast\u00ed nad Orlic\u00ed.<\/p>\n<p>Jakub \u0160r\u00e1mek byl pro rok 2024 nov\u00fdm \u010dlenem Jan\u00edk Motorsport a vyzbrojen t\u00fdmov\u00fdm Renaultem Clio se vrhl do boj\u016f ve skupin\u011b 5. Ve skupin\u011b, kter\u00e1 pat\u0159\u00ed k nejvyrovnan\u011bj\u0161\u00edm v cel\u00e9m mistrovstv\u00ed, pravideln\u011b sb\u00edral um\u00edst\u011bn\u00ed na stupn\u00edch v\u00edt\u011bz\u016f a od z\u00e1vodu v \u00dast\u00ed nad Orlic\u00ed si dokonce udr\u017eel \u00factyhodnou s\u00e9rii v\u00edt\u011bzstv\u00ed a\u017e do konce sezony. Celkem tak zaznamenal \u0161est v\u00edt\u011bzstv\u00ed v \u0159ad\u011b. Perfektn\u00ed v\u00fdkony zajistily \u0160r\u00e1mkovi titul Mistra \u010cesk\u00e9 republiky ve skupin\u011b 5.<\/p>\n<p>Ocen\u011bn\u00ed se dostalo tak\u00e9 Ji\u0159\u00edmu Svobodovi, kter\u00fd m\u00e1 za sebou premi\u00e9rovou sezonu ve voze Norma M20FC a odm\u011bnou je mu 3. m\u00edsto ve t\u0159\u00edd\u011b E2-SC-2000 hned za t\u00fdmov\u00fdm kolegou Davidem D\u011bdkem.<\/p>\n<p><strong>Zdroj: T\u00fdm Jan\u00edk Motorsport<\/strong><\/p>\n<p><img loading=\"lazy\" decoding=\"async\" class=\"alignnone size-medium wp-image-9397\" src=\"http:\/\/www.automakers.cz\/wp-content\/uploads\/2024\/12\/Janik-Autoklub-pohar-675x900.jpg\" alt=\"\" width=\"675\" height=\"900\" \/><\/p>\n","protected":false},"excerpt":{"rendered":"<p>Jezdci t\u00fdmu Jan\u00edk Motorsport byli pozv\u00e1ni\u00a0 k p\u0159evzet\u00ed cen za dosa\u017een\u00e9 \u00fasp\u011bchy v Mistrovstv\u00ed \u010cesk\u00e9&#8230;<\/p>\n","protected":false},"author":2,"featured_media":9396,"comment_status":"closed","ping_status":"closed","sticky":false,"template":"","format":"standard","meta":{"footnotes":""},"categories":[26,19],"tags":[],"class_list":["post-9394","post","type-post","status-publish","format-standard","has-post-thumbnail","hentry","category-eventy","category-motorsport"],"_links":{"self":[{"href":"https:\/\/www.automakers.cz\/index.php?rest_route=\/wp\/v2\/posts\/9394","targetHints":{"allow":["GET"]}}],"collection":[{"href":"https:\/\/www.automakers.cz\/index.php?rest_route=\/wp\/v2\/posts"}],"about":[{"href":"https:\/\/www.automakers.cz\/index.php?rest_route=\/wp\/v2\/types\/post"}],"author":[{"embeddable":true,"href":"https:\/\/www.automakers.cz\/index.php?rest_route=\/wp\/v2\/users\/2"}],"replies":[{"embeddable":true,"href":"https:\/\/www.automakers.cz\/index.php?rest_route=%2Fwp%2Fv2%2Fcomments&post=9394"}],"version-history":[{"count":2,"href":"https:\/\/www.automakers.cz\/index.php?rest_route=\/wp\/v2\/posts\/9394\/revisions"}],"predecessor-version":[{"id":9398,"href":"https:\/\/www.automakers.cz\/index.php?rest_route=\/wp\/v2\/posts\/9394\/revisions\/9398"}],"wp:featuredmedia":[{"embeddable":true,"href":"https:\/\/www.automakers.cz\/index.php?rest_route=\/wp\/v2\/media\/9396"}],"wp:attachment":[{"href":"https:\/\/www.automakers.cz\/index.php?rest_route=%2Fwp%2Fv2%2Fmedia&parent=9394"}],"wp:term":[{"taxonomy":"category","embeddable":true,"href":"https:\/\/www.automakers.cz\/index.php?rest_route=%2Fwp%2Fv2%2Fcategories&post=9394"},{"taxonomy":"post_tag","embeddable":true,"href":"https:\/\/www.automakers.cz\/index.php?rest_route=%2Fwp%2Fv2%2Ftags&post=9394"}],"curies":[{"name":"wp","href":"https:\/\/api.w.org\/{rel}","templated":true}]}}