{"id":9409,"date":"2024-12-04T09:45:00","date_gmt":"2024-12-04T09:45:00","guid":{"rendered":"https:\/\/www.automakers.cz\/?p=9409"},"modified":"2024-12-04T11:00:50","modified_gmt":"2024-12-04T11:00:50","slug":"toyota-vyhrala-statni-tendr-na-elektromobily","status":"publish","type":"post","link":"https:\/\/www.automakers.cz\/?p=9409","title":{"rendered":"Toyota vyhr\u00e1la st\u00e1tn\u00ed tendr na elektroauta"},"content":{"rendered":"<p><strong>\u010cesk\u00fd import Toyoty dod\u00e1 st\u00e1tn\u00edm \u00fa\u0159ad\u016fm v p\u0159\u00ed\u0161t\u00edch dvou letech celkem a\u017e 515 elektromobil\u016f Toyota bZ4X. Zna\u010dka usp\u011bla ve t\u0159ech tendrech na elektrick\u00e9 vozy pod z\u00e1\u0161titou ministerstva financ\u00ed. V sou\u010dtu jde o jednu z nejv\u011bt\u0161\u00edch zak\u00e1zek, kter\u00e1 byla dosud v \u010cesku na elektrick\u00e9 vozy pro st\u00e1tn\u00ed spr\u00e1vu vyps\u00e1na.<\/strong><!--more--><\/p>\n<p>Tendry vypsalo ministerstvo financ\u00ed v r\u00e1mci optimalizace n\u00e1kupu nov\u00fdch voz\u016f letos v l\u00e9t\u011b. Auta budou slou\u017eit pro pot\u0159eby organizac\u00ed a instituc\u00ed spravovan\u00fdch st\u00e1tem. Dodavatelem voz\u016f bude spole\u010dnost Auto Eder, v\u011bt\u0161ina voz\u016f bude p\u0159ed\u00e1na b\u011bhem roku 2025.<\/p>\n<p>\u201eToyota znovu potvrdila, \u017ee je schopna efektivn\u011b pokr\u00fdt pot\u0159eby r\u016fzn\u00fdch z\u00e1kazn\u00edk\u016f na r\u016fzn\u00e9 druhy pohon\u016f. A to od hybrid\u016f p\u0159es plug-in hybridy a\u017e po pln\u011b elektrick\u00e1 auta. Jsme r\u00e1di za d\u016fv\u011bru, kterou st\u00e1t vlo\u017eil v na\u0161e vozy,&#8220; \u0159\u00edk\u00e1 gener\u00e1ln\u00ed \u0159editel Toyota a Lexus \u010cR Martin Pele\u0161ka.<\/p>\n<p>Po\u010det st\u00e1tn\u00edch tendr\u016f, kter\u00fdch se \u00fasp\u011b\u0161n\u011b z\u00fa\u010dastnila zna\u010dka Toyota, se st\u00e1le zvy\u0161uje. Toyoty dnes slou\u017e\u00ed v \u0159ad\u00e1ch integrovan\u00e9ho z\u00e1chrann\u00e9ho syst\u00e9mu, policie a arm\u00e1dy, ale i pro pot\u0159eby kraj\u016f nebo m\u00edstn\u00edch samospr\u00e1v. I to p\u0159isp\u011blo k tomu, \u017ee je Toyota letos druhou nejprod\u00e1van\u011bj\u0161\u00ed zna\u010dkou na \u010desk\u00e9m trhu.<\/p>\n<p><strong>Toyota bZ4X<\/strong><\/p>\n<p>Model, kter\u00fd se v mnohem v\u00edce elektrifikovan\u00fdch skandin\u00e1vsk\u00fdch zem\u00edch \u0159ad\u00ed na prvn\u00ed p\u0159\u00ed\u010dky prodejn\u00edch tabulek. Elektrick\u00e9 kompaktn\u00ed SUV od Toyoty nab\u00edz\u00ed dojezd podle proveden\u00ed od 411 do 512 km.<\/p>\n<p><img loading=\"lazy\" decoding=\"async\" class=\"size-medium wp-image-9415\" src=\"http:\/\/www.automakers.cz\/wp-content\/uploads\/2024\/12\/TOYOTA_BZ4X_PRAGUE_CZ_HR_0005-900x675.jpg\" alt=\"\" width=\"900\" height=\"675\" \/><\/p>\n<p>Pomoc\u00ed DC nab\u00edjen\u00ed o v\u00fdkonu 150 kW je pak mo\u017en\u00e9 vozidlo nab\u00edt z 10 na 80 procent ji\u017e za 30 minut. O bezpe\u010dnost pos\u00e1dky se star\u00e1 syst\u00e9m T-Mate, kter\u00fd zahrnuje nap\u0159\u00edklad p\u0159edkolizn\u00ed syst\u00e9m, inteligentn\u00ed adaptivn\u00ed tempomat, proaktivn\u00ed asistent \u0159\u00edzen\u00ed nebo syst\u00e9m hl\u00eddaj\u00edc\u00ed pozornost \u0159idi\u010de.<\/p>\n<p><strong>Zdroj Toyota<\/strong><\/p>\n","protected":false},"excerpt":{"rendered":"<p>\u010cesk\u00fd import Toyoty dod\u00e1 st\u00e1tn\u00edm \u00fa\u0159ad\u016fm v p\u0159\u00ed\u0161t\u00edch dvou letech celkem a\u017e 515 elektromobil\u016f Toyota&#8230;<\/p>\n","protected":false},"author":1,"featured_media":9410,"comment_status":"closed","ping_status":"closed","sticky":false,"template":"","format":"standard","meta":{"footnotes":""},"categories":[15,31,50],"tags":[],"class_list":["post-9409","post","type-post","status-publish","format-standard","has-post-thumbnail","hentry","category-fleety","category-news","category-zakazky"],"_links":{"self":[{"href":"https:\/\/www.automakers.cz\/index.php?rest_route=\/wp\/v2\/posts\/9409","targetHints":{"allow":["GET"]}}],"collection":[{"href":"https:\/\/www.automakers.cz\/index.php?rest_route=\/wp\/v2\/posts"}],"about":[{"href":"https:\/\/www.automakers.cz\/index.php?rest_route=\/wp\/v2\/types\/post"}],"author":[{"embeddable":true,"href":"https:\/\/www.automakers.cz\/index.php?rest_route=\/wp\/v2\/users\/1"}],"replies":[{"embeddable":true,"href":"https:\/\/www.automakers.cz\/index.php?rest_route=%2Fwp%2Fv2%2Fcomments&post=9409"}],"version-history":[{"count":4,"href":"https:\/\/www.automakers.cz\/index.php?rest_route=\/wp\/v2\/posts\/9409\/revisions"}],"predecessor-version":[{"id":9418,"href":"https:\/\/www.automakers.cz\/index.php?rest_route=\/wp\/v2\/posts\/9409\/revisions\/9418"}],"wp:featuredmedia":[{"embeddable":true,"href":"https:\/\/www.automakers.cz\/index.php?rest_route=\/wp\/v2\/media\/9410"}],"wp:attachment":[{"href":"https:\/\/www.automakers.cz\/index.php?rest_route=%2Fwp%2Fv2%2Fmedia&parent=9409"}],"wp:term":[{"taxonomy":"category","embeddable":true,"href":"https:\/\/www.automakers.cz\/index.php?rest_route=%2Fwp%2Fv2%2Fcategories&post=9409"},{"taxonomy":"post_tag","embeddable":true,"href":"https:\/\/www.automakers.cz\/index.php?rest_route=%2Fwp%2Fv2%2Ftags&post=9409"}],"curies":[{"name":"wp","href":"https:\/\/api.w.org\/{rel}","templated":true}]}}