{"id":9424,"date":"2024-12-05T09:18:25","date_gmt":"2024-12-05T09:18:25","guid":{"rendered":"https:\/\/www.automakers.cz\/?p=9424"},"modified":"2024-12-05T09:19:43","modified_gmt":"2024-12-05T09:19:43","slug":"ds-automobiles-odhaluje-nove-jmeno","status":"publish","type":"post","link":"https:\/\/www.automakers.cz\/?p=9424","title":{"rendered":"DS Automobiles p\u0159ech\u00e1z\u00ed na \u010d\u00edsla"},"content":{"rendered":"<p><strong>N\u011bkolik t\u00fddn\u016f p\u0159ed p\u0159edstaven\u00edm nov\u00e9ho modelu odhaluje DS Automobiles novou filozofii pojmenov\u00e1n\u00ed. Tento p\u0159\u00edstup propojuje n\u00e1zvy st\u00e1vaj\u00edc\u00ed \u0159ady a n\u00e1zvy budouc\u00edch model\u016f zna\u010dky, p\u0159i\u010dem\u017e zachov\u00e1v\u00e1 \u010d\u00edsla a p\u0159id\u00e1v\u00e1 odv\u00e1\u017en\u011bj\u0161\u00ed prvek ve form\u011b \u201eN\u00b0\u201c (N jako num\u00e9ro = \u010d\u00edslo). <\/strong><!--more--><\/p>\n<p>Tato strategie pojmenov\u00e1n\u00ed je spojena s v\u011bt\u0161\u00edm zviditeln\u011bn\u00edm zna\u010dky, kdy vep\u0159edu z\u016fst\u00e1v\u00e1 viditeln\u00fd znak a na z\u00e1di vozidla je \u010diteln\u011b um\u00edst\u011bn podpis DS Automobiles.<\/p>\n<p>Pojmenov\u00e1n\u00ed \u201eN\u00b0\u201c slou\u017e\u00ed k ozna\u010den\u00ed nov\u00e9 generace model\u016f DS Automobiles, kter\u00e9 podtrhuje jej\u00ed v\u00fdznamn\u00fd posun.<\/p>\n<p>\u201eN\u00b0\u201c odkazuje na francouz\u0161tinu, proto\u017ee p\u0159edstavuje obvykl\u00fd zp\u016fsob zaps\u00e1n\u00ed slova \u010d\u00edslo v tomto jazyce a zt\u011bles\u0148uje eleganci a nad\u010dasovost, kter\u00e1 hranice jazyk\u016f p\u0159esahuje a znamen\u00e1 po\u010d\u00e1tek nov\u00e9 \u00e9ry. Znak \u201e\u00b0\u201c je zobrazen jako diamantov\u00fd hrot, symbol elegance a know-how.<\/p>\n<p>Budouc\u00ed \u0159ada voz\u016f DS Automobiles bude pou\u017e\u00edvat tuto novou logiku pojmenov\u00e1n\u00ed. \u010c\u00edslo bude odpov\u00eddat velikosti a segmentu modelu.<\/p>\n<p><strong>DS N\u00b08: budouc\u00ed vlajkov\u00e1 lo\u010f \u0159ady DS Automobiles<\/strong><\/p>\n<p>\u010c\u00edslo \u201e8\u201c je pro DS Automobiles zcela nov\u00e9. Jeho tvar, bl\u00edzk\u00fd znaku nekone\u010dna, je spojen s rovnov\u00e1hou a klidem, kter\u00e9 dohromady vytv\u00e1\u0159ej\u00ed harmonick\u00fd celek.<\/p>\n<p>Pro zachov\u00e1n\u00ed identity zna\u010dky bude na zadn\u00ed \u010d\u00e1sti vozu ozna\u010den\u00ed N\u00b08\u201c dopln\u011bn\u00e9 o n\u00e1pis \u201eDS AUTOMOBILES\u201c. Toto v\u00fdrazn\u00e9 ozna\u010den\u00ed zaji\u0161\u0165uje jasn\u00e9 rozd\u011blen\u00ed mezi zna\u010dkou a modelem a z\u00e1rove\u0148 ukazuje na v\u00fdvoj sm\u011brem k elektrick\u00e9 budoucnosti.<\/p>\n<p><strong>Interi\u00e9r vozu DS N\u00b08 zt\u011bles\u0148uje nov\u00fd francouzsk\u00fd styl cestov\u00e1n\u00ed<\/strong><\/p>\n<p>P\u0159edt\u00edm, ne\u017e si budeme moci podrobn\u011b prohl\u00e9dnout interi\u00e9r vozu DS N\u00b08, odhaluje spole\u010dnost DS Automobiles podobu jeho palubn\u00ed desky. Jej\u00ed \u010dist\u00fd design inspirovan\u00fd sv\u011btem lod\u00ed dokonale kombinuje vysokou \u00farove\u0148 technologi\u00ed a know-how.<\/p>\n<p>Tato alchymie sv\u011bd\u010d\u00ed o odborn\u00fdch zku\u0161enostech design\u00e9r\u016f spole\u010dnosti DS Automobiles s pou\u017e\u00edv\u00e1n\u00edm materi\u00e1l\u016f. Oblo\u017een\u00ed dve\u0159\u00ed obklopuje cestuj\u00edc\u00ed a neb\u00fdval\u00fdm zp\u016fsobem je do n\u011bj zabudov\u00e1no ozvu\u010den\u00ed a osv\u011btlen\u00ed. Pr\u00e1ce se sv\u011btlem umoc\u0148uje vzdu\u0161n\u00fd design \u201evzn\u00e1\u0161ej\u00edc\u00ed se\u201c palubn\u00ed desky, kter\u00e1 p\u0159isp\u00edv\u00e1 k pocitu klidu.<\/p>\n<p>Zdroj: DS, Martina Bedrnov\u00e1<\/p>\n","protected":false},"excerpt":{"rendered":"<p>N\u011bkolik t\u00fddn\u016f p\u0159ed p\u0159edstaven\u00edm nov\u00e9ho modelu odhaluje DS Automobiles novou filozofii pojmenov\u00e1n\u00ed. Tento p\u0159\u00edstup propojuje&#8230;<\/p>\n","protected":false},"author":2,"featured_media":9425,"comment_status":"closed","ping_status":"closed","sticky":false,"template":"","format":"standard","meta":{"footnotes":""},"categories":[13,31],"tags":[],"class_list":["post-9424","post","type-post","status-publish","format-standard","has-post-thumbnail","hentry","category-design","category-news"],"_links":{"self":[{"href":"https:\/\/www.automakers.cz\/index.php?rest_route=\/wp\/v2\/posts\/9424","targetHints":{"allow":["GET"]}}],"collection":[{"href":"https:\/\/www.automakers.cz\/index.php?rest_route=\/wp\/v2\/posts"}],"about":[{"href":"https:\/\/www.automakers.cz\/index.php?rest_route=\/wp\/v2\/types\/post"}],"author":[{"embeddable":true,"href":"https:\/\/www.automakers.cz\/index.php?rest_route=\/wp\/v2\/users\/2"}],"replies":[{"embeddable":true,"href":"https:\/\/www.automakers.cz\/index.php?rest_route=%2Fwp%2Fv2%2Fcomments&post=9424"}],"version-history":[{"count":6,"href":"https:\/\/www.automakers.cz\/index.php?rest_route=\/wp\/v2\/posts\/9424\/revisions"}],"predecessor-version":[{"id":9438,"href":"https:\/\/www.automakers.cz\/index.php?rest_route=\/wp\/v2\/posts\/9424\/revisions\/9438"}],"wp:featuredmedia":[{"embeddable":true,"href":"https:\/\/www.automakers.cz\/index.php?rest_route=\/wp\/v2\/media\/9425"}],"wp:attachment":[{"href":"https:\/\/www.automakers.cz\/index.php?rest_route=%2Fwp%2Fv2%2Fmedia&parent=9424"}],"wp:term":[{"taxonomy":"category","embeddable":true,"href":"https:\/\/www.automakers.cz\/index.php?rest_route=%2Fwp%2Fv2%2Fcategories&post=9424"},{"taxonomy":"post_tag","embeddable":true,"href":"https:\/\/www.automakers.cz\/index.php?rest_route=%2Fwp%2Fv2%2Ftags&post=9424"}],"curies":[{"name":"wp","href":"https:\/\/api.w.org\/{rel}","templated":true}]}}