{"id":9454,"date":"2024-12-05T14:13:01","date_gmt":"2024-12-05T14:13:01","guid":{"rendered":"https:\/\/www.automakers.cz\/?p=9454"},"modified":"2024-12-05T14:13:01","modified_gmt":"2024-12-05T14:13:01","slug":"vlcek-prednasel-o-byznysu-ve-velke-britanii","status":"publish","type":"post","link":"https:\/\/www.automakers.cz\/?p=9454","title":{"rendered":"Vl\u010dek p\u0159edn\u00e1\u0161el o byznysu ve Velk\u00e9 Brit\u00e1nii"},"content":{"rendered":"<p><strong>Jsou to u\u017e \u010dty\u0159i roky, co mana\u017eer \u0160kodovky Lubo\u0161 Vl\u010dek p\u0159e\u0161el z dom\u00e1c\u00ed import\u00e9rsk\u00e9 sc\u00e9ny na mezin\u00e1rodn\u00ed pozici. Navzdory neust\u00e1l\u00e9mu cestov\u00e1n\u00ed nap\u0159\u00ed\u010d Evropou si na konci listopadu na\u0161el \u010das a p\u0159ijal pozv\u00e1n\u00ed na p\u0159edn\u00e1\u0161ku v mladoboleslavsk\u00e9m \u0160koda muzeu.<\/strong><!--more--><\/p>\n<p>V r\u00e1mci cyklu Neoby\u010dejn\u00e9 p\u0159\u00edb\u011bhy v\u011bnovan\u00e9ho historii automobilky a automobilismu v \u010cesk\u00e9 republice a v \u010ceskoslovensku, vypr\u00e1v\u011bl o prodej\u00edch voz\u016f \u0160koda ve Velk\u00e9 Brit\u00e1nii a Z\u00e1padn\u00ed Evrop\u011b po roce 1991. P\u0159edn\u00e1\u0161ku doplnil o \u0159adu dobov\u00fdch sn\u00edmk\u016f, graf\u016f a dal\u0161\u00edch \u00fadaj\u016f.<\/p>\n<p><strong>Lubo\u0161 Vl\u010dek <\/strong>p\u016fsobil v letech 2014 a\u017e 2020 jako vedouc\u00ed (\u0159editel) tuzemsk\u00e9ho prodeje voz\u016f \u0160koda a mimo jin\u00e9 byl tak\u00e9 \u010dlenem a v\u00edcen\u00e1sobn\u00fdm p\u0159edsedou V\u00fdkonn\u00e9ho v\u00fdboru Svazu dovozc\u016f automobil\u016f.<\/p>\n<p>Za jeho \u0159editelov\u00e1n\u00ed \u010desk\u00e9mu trhu ve spole\u010dnosti \u0160koda Auto do\u0161lo k mnoha prom\u011bn\u00e1m v oblasti prodejn\u00ed s\u00edt\u011b a pos\u00edlen\u00edm v\u00fdkonnosti na v\u0161ech \u00fasec\u00edch prodeje. Osobn\u011b se pod\u00edlel na \u00fasp\u011b\u0161n\u00e9 prezentaci automobil\u016f i automobilky \u0160koda, stejn\u011b jako na jedn\u00e1n\u00ed v r\u00e1mci Svazu dovozc\u016f automobil\u016f.<\/p>\n<p><strong><b>Evropsk\u00fd mana\u017eer<\/b><\/strong><\/p>\n<p>Od z\u00e1\u0159\u00ed 2020 p\u016fsob\u00ed Lubo\u0161 Vl\u010dek v n\u00e1ro\u010dn\u011bj\u0161\u00ed pozici, jako \u0161\u00e9f prodeje \u0160koda Auto zodpov\u011bdn\u00fd za aktivity v regionu Z\u00e1padn\u00ed Evropa, tedy od Finska po Portugalsko a od Islandu po Izrael. V tomto r\u016fznorod\u00e9m teritoriu se \u00fasp\u011b\u0161n\u011b star\u00e1 o trh s prodejem v\u00edce ne\u017e p\u016fl milionu automobil\u016f ro\u010dn\u011b, jeho rozvoj, posilov\u00e1n\u00ed dealersk\u00e9 s\u00edt\u011b a spokojenost z\u00e1kazn\u00edk\u016f.<\/p>\n<p><strong>Karel Ber\u00e1nek, Mlad\u00e1 Boleslav<\/strong><\/p>\n<p><img loading=\"lazy\" decoding=\"async\" class=\"alignnone size-medium wp-image-9458\" src=\"http:\/\/www.automakers.cz\/wp-content\/uploads\/2024\/12\/2411_Vlcek_1-809x900.jpg\" alt=\"\" width=\"809\" height=\"900\" \/><\/p>\n<p>&nbsp;<\/p>\n","protected":false},"excerpt":{"rendered":"<p>Jsou to u\u017e \u010dty\u0159i roky, co mana\u017eer \u0160kodovky Lubo\u0161 Vl\u010dek p\u0159e\u0161el z dom\u00e1c\u00ed import\u00e9rsk\u00e9 sc\u00e9ny&#8230;<\/p>\n","protected":false},"author":1,"featured_media":9457,"comment_status":"closed","ping_status":"closed","sticky":false,"template":"","format":"standard","meta":{"footnotes":""},"categories":[26,30,5],"tags":[],"class_list":["post-9454","post","type-post","status-publish","format-standard","has-post-thumbnail","hentry","category-eventy","category-historie","category-personalie"],"_links":{"self":[{"href":"https:\/\/www.automakers.cz\/index.php?rest_route=\/wp\/v2\/posts\/9454","targetHints":{"allow":["GET"]}}],"collection":[{"href":"https:\/\/www.automakers.cz\/index.php?rest_route=\/wp\/v2\/posts"}],"about":[{"href":"https:\/\/www.automakers.cz\/index.php?rest_route=\/wp\/v2\/types\/post"}],"author":[{"embeddable":true,"href":"https:\/\/www.automakers.cz\/index.php?rest_route=\/wp\/v2\/users\/1"}],"replies":[{"embeddable":true,"href":"https:\/\/www.automakers.cz\/index.php?rest_route=%2Fwp%2Fv2%2Fcomments&post=9454"}],"version-history":[{"count":4,"href":"https:\/\/www.automakers.cz\/index.php?rest_route=\/wp\/v2\/posts\/9454\/revisions"}],"predecessor-version":[{"id":9460,"href":"https:\/\/www.automakers.cz\/index.php?rest_route=\/wp\/v2\/posts\/9454\/revisions\/9460"}],"wp:featuredmedia":[{"embeddable":true,"href":"https:\/\/www.automakers.cz\/index.php?rest_route=\/wp\/v2\/media\/9457"}],"wp:attachment":[{"href":"https:\/\/www.automakers.cz\/index.php?rest_route=%2Fwp%2Fv2%2Fmedia&parent=9454"}],"wp:term":[{"taxonomy":"category","embeddable":true,"href":"https:\/\/www.automakers.cz\/index.php?rest_route=%2Fwp%2Fv2%2Fcategories&post=9454"},{"taxonomy":"post_tag","embeddable":true,"href":"https:\/\/www.automakers.cz\/index.php?rest_route=%2Fwp%2Fv2%2Ftags&post=9454"}],"curies":[{"name":"wp","href":"https:\/\/api.w.org\/{rel}","templated":true}]}}