{"id":9474,"date":"2024-12-06T08:59:58","date_gmt":"2024-12-06T08:59:58","guid":{"rendered":"https:\/\/www.automakers.cz\/?p=9474"},"modified":"2024-12-06T09:04:10","modified_gmt":"2024-12-06T09:04:10","slug":"praha-bezplatne-parkovani-elektroaut-konci","status":"publish","type":"post","link":"https:\/\/www.automakers.cz\/?p=9474","title":{"rendered":"Praha: bezplatn\u00e9 parkov\u00e1n\u00ed elektroaut kon\u010d\u00ed 31. prosince"},"content":{"rendered":"<p class=\"c_a4 g_gP speakable\" data-dot=\"ogm-article-perex\"><strong>Dev\u011bt let byly elektromobily v Praze osvobozeny od placen\u00e9ho parkov\u00e1n\u00ed. S Nov\u00fdm rokem to skon\u010d\u00ed a poplatky se zvednou i pro sd\u00edlen\u00e1 auta. Hlavn\u00ed m\u011bsto hodl\u00e1 elektromobilitu podporovat jinak.<br \/>\n<\/strong><!--more--><\/p>\n<p class=\"c_a4 g_gP speakable\" data-dot=\"ogm-article-perex\">A\u010dkoliv je\u0161t\u011b st\u00e1le zb\u00fdv\u00e1 schv\u00e1lit detaily, jednotliv\u00e9 m\u011bstsk\u00e9 \u010d\u00e1sti u\u017e \u0159idi\u010d\u016fm prod\u00e1vaj\u00ed parkovac\u00ed opr\u00e1vn\u011bn\u00ed. Podobnou cestou se vydalo Brno. Jinde v\u00fdhody p\u0159i parkov\u00e1n\u00ed pro elektromobily zat\u00edm z\u016fst\u00e1vaj\u00ed.<\/p>\n<p class=\"c_a4 g_gP speakable\" data-dot=\"ogm-article-perex\"><span class=\"c_eE\">O zru\u0161en\u00ed parkov\u00e1n\u00ed zdarma pro e-auta rozhodla Rada hlavn\u00edho m\u011bsta Prahy u\u017e za\u010d\u00e1tkem roku. Majitel\u00e9 budou platit od 1. ledna.<\/span><\/p>\n<div class=\"_6234798badaf42f04c71b82e ogm-container\">\n<div class=\"g_gJ\">\n<div class=\"ogm-main-media__container\" data-dot=\"ogm-main-media\" data-e2e=\"ogm-main-media\">\n<p class=\"c_a4\"><span class=\"c_eE\">\u201eElektromobil zab\u00edr\u00e1 na ulici prostorov\u011b stejn\u00e9 m\u00edsto jako auto se spalovac\u00edm motorem a s ohledem na jejich o\u010dek\u00e1van\u00fd n\u00e1r\u016fst tedy nen\u00ed dlouhodob\u011b udr\u017eiteln\u00e9 jejich jednostrann\u00e9 zv\u00fdhodn\u011bn\u00ed s parkov\u00e1n\u00edm zdarma na m\u00edstech rezident\u016f,\u201c \u0159ekl Novink\u00e1m n\u00e1m\u011bstek pra\u017esk\u00e9ho prim\u00e1tora pro dopravu Zden\u011bk H\u0159ib (Pir\u00e1ti).<\/span><\/p>\n<\/div>\n<\/div>\n<\/div>\n<div class=\"_6231b388c0086990921bf42b ogm-container\">\n<div class=\"g_gT\" data-e2e=\"ogm-article-layout\">\n<article class=\"g_gV\" role=\"article\" aria-labelledby=\"accessibility-article\">\n<div class=\"g_gU\" data-dot=\"ogm-article-content\">\n<div class=\"e_eg e_er\">\n<div class=\"e_a4 speakable\" data-dot=\"mol-paragraph\">\n<p class=\"c_a4\"><span class=\"c_eE\">Zm\u011bna se t\u00fdk\u00e1 v\u0161ech aut s\u00a0registra\u010dn\u00ed zna\u010dkou za\u010d\u00ednaj\u00edc\u00ed p\u00edsmeny EL, tedy i\u00a0ze s\u00edt\u011b nab\u00edjen\u00fdch plug-in hybrid\u016f.<\/span><\/p>\n<\/div>\n<div class=\"e_e0\"><strong>Dal\u0161\u00ed podpora jen pro n\u00e1v\u0161t\u011bvn\u00edky<\/strong><\/div>\n<div class=\"e_a4 speakable\" data-dot=\"mol-paragraph\">\n<p class=\"c_a4\"><span class=\"c_eE\">M\u011bsto bude podle H\u0159iba elektromobilitu podporovat i nad\u00e1le, ale jin\u00fdmi cestami. \u201eV nov\u011b p\u0159ipravovan\u00e9 reform\u011b z\u00f3n placen\u00e9ho st\u00e1n\u00ed by m\u011bly m\u00edt zv\u00fdhodn\u011bnou cenu n\u00e1v\u0161t\u011bvnick\u00fdch parkovac\u00edch opr\u00e1vn\u011bn\u00ed a vyhrazen\u00e1 m\u00edsta se zvl\u00e1\u0161tn\u00edm re\u017eimem u elektronab\u00edje\u010dek,\u201c dodal.<\/span><\/p>\n<\/div>\n<div class=\"e_a4 speakable\" data-dot=\"mol-paragraph\">\n<p class=\"c_a4\"><span class=\"c_eE\">N\u00e1vrhy zm\u011bn jsou p\u0159ipraven\u00e9, ale kone\u010dn\u00e1 podoba z\u00e1vis\u00ed na v\u00fdsledku jedn\u00e1n\u00ed v r\u00e1mci magistr\u00e1tn\u00ed koalice, je\u017e st\u00e1le prob\u00edh\u00e1. Kdy by m\u011blo fin\u00e1ln\u00ed schvalov\u00e1n\u00ed prob\u011bhnout, H\u0159ib neup\u0159esnil, a tak v tuto chv\u00edli nen\u00ed ani jasn\u00e9, zda budou majitel\u00e9 e-aut platit stejn\u00e9 \u010d\u00e1stky jako \u0159idi\u010di ostatn\u00edch aut, anebo budou m\u00edt t\u0159eba jen v n\u011bkter\u00fdch z\u00f3n\u00e1ch slevu.<\/span><\/p>\n<\/div>\n<div class=\"e_a4 speakable\" data-dot=\"mol-paragraph\">\n<p class=\"c_a4\"><span class=\"c_eE\">P\u0159edev\u0161\u00edm za druh\u00e9 vlastn\u011bn\u00e9 vozidlo jsou poplatky vysok\u00e9. Rezident za jeho parkov\u00e1n\u00ed ro\u010dn\u011b zaplat\u00ed 7000 korun, podnikatel v nejdra\u017e\u0161\u00edm p\u00e1smu dokonce 36 tis\u00edc K\u010d.<\/span><\/p>\n<\/div>\n<div class=\"e_a4 speakable\" data-dot=\"mol-paragraph\">\n<p class=\"c_a4\"><span class=\"c_eE\">\u201eJe pravda, \u017ee dosud nen\u00ed \u00fapln\u011b rozhodnuto, jak to s elektromobily vlastn\u011b bude, zda budou, \u010di nebudou m\u00edt n\u011bjak\u00e9 slevy. Jedn\u00e1 se o politick\u00e9 rozhodnut\u00ed, ale politik\u016fm unik\u00e1, \u017ee \u00fa\u0159edn\u00edci ji\u017e parkovac\u00ed opr\u00e1vn\u011bn\u00ed vyd\u00e1vaj\u00ed, za standardn\u00ed ceny,\u201c sd\u011blila Novink\u00e1m Karol\u00edna \u0160nejdarov\u00e1 z kancel\u00e1\u0159e starostky Prahy 1.\u00a0<\/span><\/p>\n<p><img loading=\"lazy\" decoding=\"async\" class=\"alignnone size-medium wp-image-736\" src=\"http:\/\/www.automakers.cz\/wp-content\/uploads\/2023\/12\/Praha-znacka-parking-zona-ERich-Handl-900x675.jpg\" alt=\"\" width=\"900\" height=\"675\" \/><span class=\"c_eE\">Pokud by padlo rozhodnut\u00ed o slev\u011b, nejsp\u00ed\u0161 by se to \u0159e\u0161ilo pom\u011brn\u00fdm prodlou\u017een\u00edm ji\u017e zakoupen\u00e9ho parkovac\u00edho opr\u00e1vn\u011bn\u00ed.<\/span><\/p>\n<\/div>\n<div class=\"e_a4 speakable\" data-dot=\"mol-paragraph\">\n<p><strong>Zdroj: novinky.cz<\/strong><\/p>\n<p>&nbsp;<\/p>\n<\/div>\n<\/div>\n<\/div>\n<\/article>\n<\/div>\n<\/div>\n","protected":false},"excerpt":{"rendered":"<p>Dev\u011bt let byly elektromobily v Praze osvobozeny od placen\u00e9ho parkov\u00e1n\u00ed. S Nov\u00fdm rokem to skon\u010d\u00ed&#8230;<\/p>\n","protected":false},"author":1,"featured_media":732,"comment_status":"closed","ping_status":"closed","sticky":false,"template":"","format":"standard","meta":{"footnotes":""},"categories":[47,9,91],"tags":[],"class_list":["post-9474","post","type-post","status-publish","format-standard","has-post-thumbnail","hentry","category-doprava","category-elektromobily","category-nekrolog"],"_links":{"self":[{"href":"https:\/\/www.automakers.cz\/index.php?rest_route=\/wp\/v2\/posts\/9474","targetHints":{"allow":["GET"]}}],"collection":[{"href":"https:\/\/www.automakers.cz\/index.php?rest_route=\/wp\/v2\/posts"}],"about":[{"href":"https:\/\/www.automakers.cz\/index.php?rest_route=\/wp\/v2\/types\/post"}],"author":[{"embeddable":true,"href":"https:\/\/www.automakers.cz\/index.php?rest_route=\/wp\/v2\/users\/1"}],"replies":[{"embeddable":true,"href":"https:\/\/www.automakers.cz\/index.php?rest_route=%2Fwp%2Fv2%2Fcomments&post=9474"}],"version-history":[{"count":5,"href":"https:\/\/www.automakers.cz\/index.php?rest_route=\/wp\/v2\/posts\/9474\/revisions"}],"predecessor-version":[{"id":9480,"href":"https:\/\/www.automakers.cz\/index.php?rest_route=\/wp\/v2\/posts\/9474\/revisions\/9480"}],"wp:featuredmedia":[{"embeddable":true,"href":"https:\/\/www.automakers.cz\/index.php?rest_route=\/wp\/v2\/media\/732"}],"wp:attachment":[{"href":"https:\/\/www.automakers.cz\/index.php?rest_route=%2Fwp%2Fv2%2Fmedia&parent=9474"}],"wp:term":[{"taxonomy":"category","embeddable":true,"href":"https:\/\/www.automakers.cz\/index.php?rest_route=%2Fwp%2Fv2%2Fcategories&post=9474"},{"taxonomy":"post_tag","embeddable":true,"href":"https:\/\/www.automakers.cz\/index.php?rest_route=%2Fwp%2Fv2%2Ftags&post=9474"}],"curies":[{"name":"wp","href":"https:\/\/api.w.org\/{rel}","templated":true}]}}