{"id":9481,"date":"2024-12-06T09:12:27","date_gmt":"2024-12-06T09:12:27","guid":{"rendered":"https:\/\/www.automakers.cz\/?p=9481"},"modified":"2024-12-06T09:13:03","modified_gmt":"2024-12-06T09:13:03","slug":"juchelka-sefem-kb-i-pro-dalsi-obdobi","status":"publish","type":"post","link":"https:\/\/www.automakers.cz\/?p=9481","title":{"rendered":"Juchelka \u0161\u00e9fem KB i pro dal\u0161\u00ed obdob\u00ed"},"content":{"rendered":"<p><strong>Dozor\u010d\u00ed rada Komer\u010dn\u00ed banky, kter\u00e1 zasedala ve st\u0159edu 4. 12. 2024, zvolila na dal\u0161\u00ed obdob\u00ed Jana Juchelku \u010dlenem p\u0159edstavenstva KB. V souvislosti s uplynut\u00edm funk\u010dn\u00edho obdob\u00ed ho dozor\u010d\u00ed rada znovu zvolila s \u00fa\u010dinnost\u00ed od 5. srpna 2025.<\/strong><span id=\"more-2028\"><\/span><!--more--><\/p>\n<p>\u201eV\u00e1\u017e\u00edm si podpory dozor\u010d\u00ed rady KB a p\u0159ij\u00edm\u00e1m to s odpov\u011bdnost\u00ed a pokorou. T\u011b\u0161\u00ed m\u011b, \u017ee spole\u010dn\u011b s kolegy a kolegyn\u011bmi budeme moct plynule pokra\u010dovat v transformaci jedn\u00e9 z nejv\u011bt\u0161\u00edch \u010desk\u00fdch bank. Na ja\u0159e 2023 jsme odstartovali novou \u00e9ru bankovnictv\u00ed a dnes, po roce a p\u016fl, brzy p\u0159iv\u00edt\u00e1me miliont\u00e9ho klienta v aplikaci KB+. P\u0159evod retailov\u00fdch klient\u016f chceme dokon\u010dit v prvn\u00ed polovin\u011b p\u0159\u00ed\u0161t\u00edho roku. Z\u00e1rove\u0148 v korpor\u00e1tn\u00ed \u010d\u00e1sti banky ji\u017e intenzivn\u011b pracujeme na v\u00fdvoji aplikace KB+ Business, kter\u00e1 p\u0159inese novou \u00e9ru bankovnictv\u00ed i firemn\u00edm klient\u016fm. Tyto miln\u00edky a mnoho dal\u0161\u00edho jen dokazuj\u00ed, \u017ee Komer\u010dn\u00ed banka je univerz\u00e1ln\u00ed, modern\u00ed a udr\u017eitelnou bankou, kter\u00e1 p\u0159isp\u00edv\u00e1 k rozvoji \u010ceska,\u201c \u0159\u00edk\u00e1 gener\u00e1ln\u00ed \u0159editel a p\u0159edseda p\u0159edstavenstva Komer\u010dn\u00ed banky Jan Juchelka.<\/p>\n<p><strong>Jan Juchelka<\/strong><\/p>\n<p>Absolvent Slezsk\u00e9 Univerzity v Opav\u011b. Od roku 1995 p\u016fsobil ve Fondu n\u00e1rodn\u00edho majetku \u010cesk\u00e9 republiky, v letech 2002 a\u017e 2005 byl p\u0159edsedou v\u00fdkonn\u00e9ho v\u00fdboru. V letech 1999 a\u017e 2006 byl \u010dlenem dozor\u010d\u00ed rady Komer\u010dn\u00ed banky (KB). Do KB nastoupil v roce 2006 jako \u0159editel pra\u017esk\u00e9 Obchodn\u00ed divize korpor\u00e1tn\u00edho bankovnictv\u00ed a n\u00e1sledn\u011b v tomt\u00e9\u017e roce na pozici \u010dlena p\u0159edstavenstva zodpov\u011bdn\u00e9ho za \u0159\u00edzen\u00ed \u00fasek\u016f Top Corporations a Investi\u010dn\u00edho bankovnictv\u00ed.<\/p>\n<p>Od roku 2012 pracoval v centr\u00e1le Soci\u00e9t\u00e9 G\u00e9n\u00e9rale v oblasti Korpor\u00e1tn\u00edho a Investi\u010dn\u00edho bankovnictv\u00ed, kde p\u016fsobil na pozici Managing Director, Head of Coverage se zodpov\u011bdnost\u00ed za korpor\u00e1tn\u00ed klientelu v regionu st\u0159edn\u00ed a v\u00fdchodn\u00ed Evropy, St\u0159edn\u00edho v\u00fdchodu a Afriky. Sou\u010dasn\u011b p\u016fsobil jako Senior Banker pro oblast st\u0159edn\u00ed a v\u00fdchodn\u00ed Evropy.<br \/>\nP\u0159edstavenstvo KB zvolilo s \u00fa\u010dinnost\u00ed od 3. srpna 2017 Jana Juchelku p\u0159edsedou p\u0159edstavenstva a gener\u00e1ln\u00edm \u0159editelem Komer\u010dn\u00ed banky.<\/p>\n<p>Jan Juchelka je tak\u00e9 p\u0159edsedou Spr\u00e1vn\u00ed rady Nadace KB, p\u0159edsedou Dozor\u010d\u00ed rady stavebn\u00ed spo\u0159itelny Modr\u00e1 pyramida, prezidentem Aliance pro bezemisn\u00ed budoucnost (ApBB) a \u010dlenem Conseiller du Commerce \u00c9xterieur de la France (CCEF). V \u010dervnu 2023 byl z\u00e1stupci bank zvolen prezidentem \u010cesk\u00e9 bankovn\u00ed asociace (\u010cBA), kde p\u0159edchoz\u00ed t\u0159i roky zast\u00e1val pozici 1. viceprezidenta.<\/p>\n<p>Je dr\u017eitelem presti\u017en\u00edch ocen\u011bn\u00ed jako TOP mana\u017eer roku, TOP Odpov\u011bdn\u00fd l\u00eddr roku nebo Bank\u00e9\u0159 roku. V roce 2023 z\u00edskal \u0159\u00e1d Chevalier de l\u2019orde national du M\u00e9rit neboli ryt\u00ed\u0159 N\u00e1rodn\u00edho \u0159\u00e1du za mimo\u0159\u00e1dn\u00e9 z\u00e1sluhy ve prosp\u011bch francouzsk\u00e9ho n\u00e1roda.<\/p>\n<p><strong>Zdroj: Czechbanking.cz<\/strong><\/p>\n","protected":false},"excerpt":{"rendered":"<p>Dozor\u010d\u00ed rada Komer\u010dn\u00ed banky, kter\u00e1 zasedala ve st\u0159edu 4. 12. 2024, zvolila na dal\u0161\u00ed obdob\u00ed&#8230;<\/p>\n","protected":false},"author":1,"featured_media":9482,"comment_status":"closed","ping_status":"closed","sticky":false,"template":"","format":"standard","meta":{"footnotes":""},"categories":[62,6,5],"tags":[],"class_list":["post-9481","post","type-post","status-publish","format-standard","has-post-thumbnail","hentry","category-banky","category-management","category-personalie"],"_links":{"self":[{"href":"https:\/\/www.automakers.cz\/index.php?rest_route=\/wp\/v2\/posts\/9481","targetHints":{"allow":["GET"]}}],"collection":[{"href":"https:\/\/www.automakers.cz\/index.php?rest_route=\/wp\/v2\/posts"}],"about":[{"href":"https:\/\/www.automakers.cz\/index.php?rest_route=\/wp\/v2\/types\/post"}],"author":[{"embeddable":true,"href":"https:\/\/www.automakers.cz\/index.php?rest_route=\/wp\/v2\/users\/1"}],"replies":[{"embeddable":true,"href":"https:\/\/www.automakers.cz\/index.php?rest_route=%2Fwp%2Fv2%2Fcomments&post=9481"}],"version-history":[{"count":2,"href":"https:\/\/www.automakers.cz\/index.php?rest_route=\/wp\/v2\/posts\/9481\/revisions"}],"predecessor-version":[{"id":9484,"href":"https:\/\/www.automakers.cz\/index.php?rest_route=\/wp\/v2\/posts\/9481\/revisions\/9484"}],"wp:featuredmedia":[{"embeddable":true,"href":"https:\/\/www.automakers.cz\/index.php?rest_route=\/wp\/v2\/media\/9482"}],"wp:attachment":[{"href":"https:\/\/www.automakers.cz\/index.php?rest_route=%2Fwp%2Fv2%2Fmedia&parent=9481"}],"wp:term":[{"taxonomy":"category","embeddable":true,"href":"https:\/\/www.automakers.cz\/index.php?rest_route=%2Fwp%2Fv2%2Fcategories&post=9481"},{"taxonomy":"post_tag","embeddable":true,"href":"https:\/\/www.automakers.cz\/index.php?rest_route=%2Fwp%2Fv2%2Ftags&post=9481"}],"curies":[{"name":"wp","href":"https:\/\/api.w.org\/{rel}","templated":true}]}}