{"id":9485,"date":"2024-12-06T09:20:55","date_gmt":"2024-12-06T09:20:55","guid":{"rendered":"https:\/\/www.automakers.cz\/?p=9485"},"modified":"2024-12-06T09:21:26","modified_gmt":"2024-12-06T09:21:26","slug":"vwfs-predala-allianz-elektrickou-flotilu","status":"publish","type":"post","link":"https:\/\/www.automakers.cz\/?p=9485","title":{"rendered":"VWFS p\u0159edala Allianz elektrickou flotilu"},"content":{"rendered":"<p><strong>Volkswagen Financial Services (VWFS) p\u0159edala ve spolupr\u00e1ci s autorizovan\u00fdm prodejcem Autocentrum \u0160mucler v Plzni flotilu elektromobil\u016f poji\u0161\u0165ovn\u011b Allianz, kter\u00e1 t\u00edmto krokem p\u0159ech\u00e1z\u00ed na elektromobilitu.<\/strong><!--more--><\/p>\n<p>Poji\u0161\u0165ovna Allianz vyu\u017eila p\u0159ed uzav\u0159en\u00edm obchodu mimo jin\u00e9 slu\u017eby p\u016fj\u010dovny elektromobil\u016f VWFS, ale i poradenstv\u00ed ohledn\u011b nab\u00edjen\u00ed. P\u0159edn\u00ed poji\u0161\u0165ovna na \u010desk\u00e9m trhu nakonec vsadila na bezm\u00e1la p\u011bt des\u00edtek elektromobil\u016f \u0160koda a Volkswagen financovan\u00fdch formou operativn\u00edho leasingu.<\/p>\n<p>\u201eElektromobilita nab\u00edz\u00ed \u0159adu v\u00fdhod nejen pro na\u0161e \u017eivotn\u00ed prost\u0159ed\u00ed, ale tak\u00e9 pro samotn\u00e9 provozovatele elektromobil\u016f od ni\u017e\u0161\u00edch n\u00e1klad\u016f p\u0159es v\u011bt\u0161\u00ed komfort a\u017e po \u0159adu dal\u0161\u00edch zv\u00fdhodn\u011bn\u00ed,\u201c \u0159\u00edk\u00e1 Vratislav Stra\u0161il, jednatel spole\u010dnosti Volkswagen Financial Services, a dod\u00e1v\u00e1: \u201eT\u011b\u0161\u00ed m\u011b, \u017ee se nyn\u00ed o t\u00e9to skute\u010dnosti p\u0159esv\u011bd\u010dila tak\u00e9 poji\u0161\u0165ovna Allianz, kter\u00e9 jsme krok k\u00a0bezemisn\u00ed mobilit\u011b v\u00fdznamn\u011b usnadnili na\u0161imi komplexn\u00edmi slu\u017ebami spojen\u00fdmi s\u00a0operativn\u00edm leasingem i dlouhodobou podporou elektromobility.\u201c<\/p>\n<p>Poji\u0161\u0165ovna Allianz p\u0159evzala v\u00a0showroomu spole\u010dnosti Autocentrum \u0160mucler v Plzni novou bezemisn\u00ed flotilu 48 elektromobil\u016f, jejich\u017e financov\u00e1n\u00ed zaji\u0161\u0165uje VWFS. Nejv\u011bt\u0161\u00ed zastoupen\u00ed v\u00a0nov\u00e9m\u00a0elektrick\u00e9m vozov\u00e9m parku Allianz maj\u00ed modely \u0160koda Enyaq, Volkswagen ID.7 a Volkswagen ID.3, kter\u00e9 se nejl\u00e9pe osv\u011bd\u010dily ve zku\u0161ebn\u00edm provozu. Spole\u010dnost Allianz toti\u017e p\u0159ed samotn\u00fdm uzav\u0159en\u00edm obchodu nejprve vyu\u017eila mo\u017enost vyzkou\u0161et si nov\u00e9 elektromobily ve speci\u00e1ln\u00ed p\u016fj\u010dovn\u011b, kterou VWFS provozuje v\u00a0r\u00e1mci sv\u00e9ho dlouhodob\u00e9ho programu podpory elektromobility. Jako v\u00fdhodn\u00e9 financov\u00e1n\u00ed si nov\u00fd obchodn\u00ed partner zvolil z\u00a0\u0161irok\u00e9ho portfolia VWFS operativn\u00ed leasing.<\/p>\n<p>\u201eP\u0159echod na elektromobilitu je pro n\u00e1s\u00a0 dal\u0161\u00edm krokem v podpo\u0159e udr\u017eiteln\u00e9ho rozvoje. M\u00e1me proto velkou radost, \u017ee jsme pro\u00a0realizaci na\u0161eho ambici\u00f3zn\u00edho c\u00edle v\u00a0oblasti udr\u017eitelnosti nalezli ve spole\u010dnostech VWFS a Autocentrum \u0160mucler siln\u00e9 partnery pro n\u00e1\u0161 bezemisn\u00ed vozov\u00fd park,\u201c \u0159\u00edk\u00e1 Du\u0161an Quis, gener\u00e1ln\u00ed \u0159editel spole\u010dnosti Allianz. \u201eJejich komplexn\u00ed slu\u017eby n\u00e1m rozhodov\u00e1n\u00ed i samotn\u00fd p\u0159echod na elektromobilitu v\u00fdznamn\u011b uleh\u010dily. D\u00edky elektromobil\u016fm z\u00a0p\u016fj\u010dovny VWFS jsme si mohli elektromobilitu nejprve nez\u00e1vazn\u011b osahat v\u00a0praktick\u00e9m provozu a takto z\u00edskan\u00e9 zku\u0161enosti jsme zohlednili p\u0159i\u00a0v\u00fdb\u011bru konkr\u00e9tn\u00edch model\u016f. Pro Allianz se tak bezemisn\u00ed mobilita st\u00e1v\u00e1 ka\u017edodenn\u00ed realitou, ani\u017e bychom museli podstupovat n\u011bjak\u00e9 kompromisy.\u201c<\/p>\n<p><strong>Servis zajist\u00ed Autocentrum \u0160mucler<\/strong><\/p>\n<p>Flotilu elektromobil\u016f \u0160koda a Volkswagen p\u0159ipravil pro poji\u0161\u0165ovnu Allianz autorizovan\u00fd prodejce Autocentrum \u0160mucler v\u00a0Plzni. \u201eJsme pot\u011b\u0161eni, \u017ee jsme se mohli se spole\u010dnost\u00ed Volkswagen Financial Services aktivn\u011b pod\u00edlet na dekarbonizaci vozov\u00e9ho parku poji\u0161\u0165ovny Allianz,\u201c \u0159\u00edk\u00e1 Miroslav Bl\u00e1ha, obchodn\u00ed \u0159editel spole\u010dnosti Autocentrum \u0160mucler, a dod\u00e1v\u00e1. \u201eNa\u0161e z\u00e1kaznick\u00e9 slu\u017eby p\u0159ed\u00e1n\u00edm flotily elektromobil\u016f zdaleka nekon\u010d\u00ed. Allianz se m\u016f\u017ee v\u00a0budoucnosti op\u00edrat tak\u00e9 o na\u0161e skv\u011ble vybaven\u00e9 servisn\u00ed z\u00e1zem\u00ed a rozmanit\u00e9 slu\u017eby v\u00a0oblasti nab\u00edjen\u00ed.\u201c<\/p>\n<p><img loading=\"lazy\" decoding=\"async\" class=\"alignnone size-medium wp-image-9487\" src=\"http:\/\/www.automakers.cz\/wp-content\/uploads\/2024\/12\/Allianz-Smucler-900x602.jpg\" alt=\"\" width=\"900\" height=\"602\" \/>Volkswagen Financial Services dlouhodob\u011b a systematicky podporuje rozvoj elektromobility v\u00a0\u010cesk\u00e9 republice a podnikatel\u016fm, \u017eivnostn\u00edk\u016fm a firm\u00e1m nab\u00edz\u00ed komplexn\u00ed portfolio produkt\u016f a slu\u017eeb pro snadn\u00fd p\u0159echod na bezemisn\u00ed vozov\u00e9 parky. O v\u00fdhod\u00e1ch elektromobility sahaj\u00edc\u00edch od ni\u017e\u0161\u00edch provozn\u00edch n\u00e1klad\u016f a pohodln\u00e9 nab\u00edjen\u00ed p\u0159es nulovou silni\u010dn\u00ed da\u0148 a bezplatn\u00e9 nebo zv\u00fdhodn\u011bn\u00e9 parkov\u00e1n\u00ed a\u017e po tich\u00fd provoz a \u0161etrnost k\u00a0p\u0159\u00edrod\u011b se mohou z\u00e1jemci na vlastn\u00ed k\u016f\u017ei p\u0159esv\u011bd\u010dit v\u00a0p\u016fj\u010dovn\u011b elektromobil\u016f VWFS.<\/p>\n<p>Samotn\u00e9 po\u0159\u00edzen\u00ed elektromobil\u016f do firemn\u00edch flotil a jejich provozov\u00e1n\u00ed usnad\u0148uje v\u00fdhodn\u00e9 financov\u00e1n\u00ed VWFS v\u010detn\u011b kompletn\u00edho poji\u0161t\u011bn\u00ed, pravideln\u00e9ho servisu a optim\u00e1ln\u00edho \u0159e\u0161en\u00ed pro nab\u00edjen\u00ed na cest\u00e1ch i ve firemn\u00edm are\u00e1lu \u010di dom\u00e1cnosti zam\u011bstnanc\u016f. K\u00a0dispozici je tak\u00e9 \u0159ada dopl\u0148kov\u00fdch slu\u017eeb, kter\u00e9 elektromobilist\u016fm usnad\u0148uj\u00ed ka\u017edodenn\u00ed \u017eivot. Nap\u0159\u00edklad aplikace Eurowag zajist\u00ed snadnou a p\u0159ehlednou spr\u00e1vu vozov\u00e9ho parku, MOON dod\u00e1v\u00e1 nab\u00edjec\u00ed syst\u00e9my a Chargee usnadn\u00ed nab\u00edjen\u00ed elektromobil\u016f na cest\u00e1ch.<\/p>\n<p><strong>Zdroj: VWFS<\/strong><\/p>\n","protected":false},"excerpt":{"rendered":"<p>Volkswagen Financial Services (VWFS) p\u0159edala ve spolupr\u00e1ci s autorizovan\u00fdm prodejcem Autocentrum \u0160mucler v Plzni flotilu&#8230;<\/p>\n","protected":false},"author":1,"featured_media":9488,"comment_status":"closed","ping_status":"closed","sticky":false,"template":"","format":"standard","meta":{"footnotes":""},"categories":[9,15,33],"tags":[],"class_list":["post-9485","post","type-post","status-publish","format-standard","has-post-thumbnail","hentry","category-elektromobily","category-fleety","category-leasing"],"_links":{"self":[{"href":"https:\/\/www.automakers.cz\/index.php?rest_route=\/wp\/v2\/posts\/9485","targetHints":{"allow":["GET"]}}],"collection":[{"href":"https:\/\/www.automakers.cz\/index.php?rest_route=\/wp\/v2\/posts"}],"about":[{"href":"https:\/\/www.automakers.cz\/index.php?rest_route=\/wp\/v2\/types\/post"}],"author":[{"embeddable":true,"href":"https:\/\/www.automakers.cz\/index.php?rest_route=\/wp\/v2\/users\/1"}],"replies":[{"embeddable":true,"href":"https:\/\/www.automakers.cz\/index.php?rest_route=%2Fwp%2Fv2%2Fcomments&post=9485"}],"version-history":[{"count":3,"href":"https:\/\/www.automakers.cz\/index.php?rest_route=\/wp\/v2\/posts\/9485\/revisions"}],"predecessor-version":[{"id":9490,"href":"https:\/\/www.automakers.cz\/index.php?rest_route=\/wp\/v2\/posts\/9485\/revisions\/9490"}],"wp:featuredmedia":[{"embeddable":true,"href":"https:\/\/www.automakers.cz\/index.php?rest_route=\/wp\/v2\/media\/9488"}],"wp:attachment":[{"href":"https:\/\/www.automakers.cz\/index.php?rest_route=%2Fwp%2Fv2%2Fmedia&parent=9485"}],"wp:term":[{"taxonomy":"category","embeddable":true,"href":"https:\/\/www.automakers.cz\/index.php?rest_route=%2Fwp%2Fv2%2Fcategories&post=9485"},{"taxonomy":"post_tag","embeddable":true,"href":"https:\/\/www.automakers.cz\/index.php?rest_route=%2Fwp%2Fv2%2Ftags&post=9485"}],"curies":[{"name":"wp","href":"https:\/\/api.w.org\/{rel}","templated":true}]}}