{"id":9511,"date":"2024-12-08T17:57:02","date_gmt":"2024-12-08T17:57:02","guid":{"rendered":"https:\/\/www.automakers.cz\/?p=9511"},"modified":"2024-12-08T17:57:21","modified_gmt":"2024-12-08T17:57:21","slug":"vyrobce-sedacek-recaro-nasel-investora","status":"publish","type":"post","link":"https:\/\/www.automakers.cz\/?p=9511","title":{"rendered":"V\u00fdrobce seda\u010dek Recaro na\u0161el investora"},"content":{"rendered":"<p class=\"c_a4 g_gP speakable\" data-dot=\"ogm-article-perex\"><strong>Bankrotuj\u00edc\u00ed n\u011bmeck\u00fd v\u00fdrobce seda\u010dek pro automobilov\u00fd pr\u016fmysl Recaro z\u00edskal nov\u00e9ho italsk\u00e9ho investora. V\u00fdroba by tak mohla b\u00fdt obnovena ji\u017e za\u010d\u00e1tkem p\u0159\u00ed\u0161t\u00edho roku.<\/strong><!--more--><\/p>\n<div class=\"_6231b388c0086990921bf42b ogm-container\">\n<div class=\"g_gY\" data-e2e=\"ogm-article-layout\">\n<article class=\"g_g-\" role=\"article\" aria-labelledby=\"accessibility-article\">\n<div class=\"g_gZ\" data-dot=\"ogm-article-content\">\n<div class=\"e_ei e_et\">\n<div class=\"e_a4 speakable\" data-dot=\"mol-paragraph\">\n<p class=\"c_a4\"><span class=\"c_eG\">P\u0159ed p\u00e1r t\u00fddny se v\u0161ak objevily informace, \u017ee se v\u00fdroba v\u00a0Ineosu za\u010d\u00e1tkem p\u0159\u00ed\u0161t\u00edho roku op\u011bt rozb\u011bhne. Vysv\u011btlen\u00ed pak m\u016f\u017eeme naj\u00edt v\u00a0tiskov\u00e9 zpr\u00e1v\u011b italsk\u00e9 spole\u010dnosti Proma Group, na kterou upozornil web\u00a0<a class=\"c_at\" href=\"https:\/\/www.pistonheads.com\/news\/general-pistonheads\/recaro-automotive-gets-new-investment\/49280\" target=\"_blank\" rel=\"noopener\" data-dot=\"atm-link\">Piston Heads<\/a>.<\/span><\/p>\n<\/div>\n<div class=\"e_a4 speakable\" data-dot=\"mol-paragraph\">\n<p class=\"c_a4\"><span class=\"c_eG\">Spole\u010dnost Proma Group, kter\u00e1 se ozna\u010duje za p\u0159edn\u00edho dodavatele komponent v\u00a0automobilov\u00e9m pr\u016fmyslu, toti\u017e ozn\u00e1mila podeps\u00e1n\u00ed investi\u010dn\u00ed dohody se spole\u010dnost\u00ed Recaro Automotive, kter\u00e1 by m\u011bla znamenat p\u0159evzet\u00ed podniku a\u00a0zah\u00e1jen\u00ed transforma\u010dn\u00edho obdob\u00ed.<\/span><\/p>\n<\/div>\n<div class=\"e_e2\">\n<p class=\"c_a4\"><span class=\"c_eG\">Podle Proma Group by v\u00fdroba v Recaro Automotive mohla b\u00fdt zah\u00e1jena ji\u017e v lednu p\u0159\u00ed\u0161t\u00edho roku. Skupina tak\u00e9 po\u010d\u00edt\u00e1 se zachov\u00e1n\u00edm pracovn\u00edch pozic v oblasti prodeje a techniky v kancel\u00e1\u0159\u00edch Recaro ve Stuttgartu v N\u011bmecku.<\/span><\/p>\n<\/div>\n<div class=\"e_a4 speakable\" data-dot=\"mol-paragraph\">\n<p class=\"c_a4\"><span class=\"c_eG\">V budoucnu pak m\u016f\u017eeme o\u010dek\u00e1vat p\u0159esunut\u00ed \u010d\u00e1sti produkce Recaro Automotive do It\u00e1lie, nebo\u0165 i skupina Proma vyr\u00e1b\u00ed sedadla a jejich komponenty pro automobilov\u00fd pr\u016fmysl. Skupina provozuje celkem 26 z\u00e1vod\u016f na t\u0159ech kontinentech a zam\u011bstn\u00e1v\u00e1 kolem 3300 lid\u00ed.<\/span><\/p>\n<\/div>\n<div class=\"e_a4 speakable\" data-dot=\"mol-paragraph\">\n<p class=\"c_a4\"><span class=\"c_eG\">Akvizice n\u011bmeck\u00e9 spole\u010dnosti Recaro Automotive se p\u0159itom nijak nedotkne spole\u010dnost\u00ed Recaro North America ani Recaro Japan. Vliv by pak nem\u011bla m\u00edt ani na ostatn\u00ed divize odpov\u011bdn\u00e9 za v\u00fdrobu sedadel do letadel, kancel\u00e1\u0159\u00ed a\u00a0d\u011btsk\u00fdch autoseda\u010dek.<\/span><\/p>\n<p><strong>Zdroj: novinky.cz<\/strong><\/p>\n<\/div>\n<\/div>\n<\/div>\n<\/article>\n<\/div>\n<\/div>\n","protected":false},"excerpt":{"rendered":"<p>Bankrotuj\u00edc\u00ed n\u011bmeck\u00fd v\u00fdrobce seda\u010dek pro automobilov\u00fd pr\u016fmysl Recaro z\u00edskal nov\u00e9ho italsk\u00e9ho investora. V\u00fdroba by tak&#8230;<\/p>\n","protected":false},"author":1,"featured_media":6476,"comment_status":"closed","ping_status":"closed","sticky":false,"template":"","format":"standard","meta":{"footnotes":""},"categories":[23,31],"tags":[],"class_list":["post-9511","post","type-post","status-publish","format-standard","has-post-thumbnail","hentry","category-dodavatele","category-news"],"_links":{"self":[{"href":"https:\/\/www.automakers.cz\/index.php?rest_route=\/wp\/v2\/posts\/9511","targetHints":{"allow":["GET"]}}],"collection":[{"href":"https:\/\/www.automakers.cz\/index.php?rest_route=\/wp\/v2\/posts"}],"about":[{"href":"https:\/\/www.automakers.cz\/index.php?rest_route=\/wp\/v2\/types\/post"}],"author":[{"embeddable":true,"href":"https:\/\/www.automakers.cz\/index.php?rest_route=\/wp\/v2\/users\/1"}],"replies":[{"embeddable":true,"href":"https:\/\/www.automakers.cz\/index.php?rest_route=%2Fwp%2Fv2%2Fcomments&post=9511"}],"version-history":[{"count":3,"href":"https:\/\/www.automakers.cz\/index.php?rest_route=\/wp\/v2\/posts\/9511\/revisions"}],"predecessor-version":[{"id":9514,"href":"https:\/\/www.automakers.cz\/index.php?rest_route=\/wp\/v2\/posts\/9511\/revisions\/9514"}],"wp:featuredmedia":[{"embeddable":true,"href":"https:\/\/www.automakers.cz\/index.php?rest_route=\/wp\/v2\/media\/6476"}],"wp:attachment":[{"href":"https:\/\/www.automakers.cz\/index.php?rest_route=%2Fwp%2Fv2%2Fmedia&parent=9511"}],"wp:term":[{"taxonomy":"category","embeddable":true,"href":"https:\/\/www.automakers.cz\/index.php?rest_route=%2Fwp%2Fv2%2Fcategories&post=9511"},{"taxonomy":"post_tag","embeddable":true,"href":"https:\/\/www.automakers.cz\/index.php?rest_route=%2Fwp%2Fv2%2Ftags&post=9511"}],"curies":[{"name":"wp","href":"https:\/\/api.w.org\/{rel}","templated":true}]}}