{"id":9515,"date":"2024-12-08T18:12:54","date_gmt":"2024-12-08T18:12:54","guid":{"rendered":"https:\/\/www.automakers.cz\/?p=9515"},"modified":"2024-12-08T18:38:27","modified_gmt":"2024-12-08T18:38:27","slug":"hertz-se-zbavuje-tisicovek-elektromobilu","status":"publish","type":"post","link":"https:\/\/www.automakers.cz\/?p=9515","title":{"rendered":"Hertz se zbavuje tis\u00edcovek elektromobil\u016f"},"content":{"rendered":"<p class=\"c_a4 g_gP speakable\" data-dot=\"ogm-article-perex\"><strong>P\u016fj\u010dovna automobil\u016f Hertz vyk\u00e1zala ve t\u0159et\u00edm \u010dtvrtlet\u00ed dal\u0161\u00ed obrovskou ztr\u00e1tu. \u010c\u00e1st odpov\u011bdnosti nesou i elektromobily, kter\u00e9 rychle ztr\u00e1cej\u00edc\u00ed na hodnot\u011b. Nyn\u00ed se jich autop\u016fj\u010dovna op\u011bt ve velk\u00e9m zbavuje.<\/strong><!--more--><\/p>\n<div class=\"_6231b388c0086990921bf42b ogm-container\">\n<div class=\"g_gY\" data-e2e=\"ogm-article-layout\">\n<article class=\"g_g-\" role=\"article\" aria-labelledby=\"accessibility-article\">\n<div class=\"g_gZ\" data-dot=\"ogm-article-content\">\n<div class=\"e_ei e_et\">\n<div class=\"e_a4 speakable\" data-dot=\"mol-paragraph\">\n<p class=\"c_a4\"><span class=\"c_eG\">Spole\u010dnost se p\u0159ed lety rozhodla ve velk\u00e9m vsadit pr\u00e1v\u011b na elektromobily a po\u0159\u00eddila kolem 100 000 kus\u016f elektromobilu Tesla Model 3, p\u0159i\u010dem\u017e v n\u00e1sleduj\u00edc\u00edch letech nab\u00eddku roz\u0161\u00ed\u0159ila je\u0161t\u011b o vozy Tesla Model Y. Neuv\u011bdomovala si v\u0161ak, \u017ee ceny elektromobil\u016f klesaj\u00ed dramaticky rychleji ne\u017e u voz\u016f se spalovac\u00edmi motory.<\/span><\/p>\n<\/div>\n<div class=\"e_a4 speakable\" data-dot=\"mol-paragraph\">\n<p class=\"c_a4\"><span class=\"c_eG\">Cel\u00e9 situaci nav\u00edc p\u0159\u00edli\u0161 nepomohla ani automobilka v\u00a0\u010dele s\u00a0Elonem Muskem, kter\u00e1 v\u00a0minul\u00fdch letech n\u011bkolikr\u00e1t v\u00fdrazn\u011b sn\u00ed\u017eila cenu nov\u00fdch voz\u016f. Hodnota elektromobil\u016f ve vlastnictv\u00ed spole\u010dnosti Hertz se tak propadala je\u0161t\u011b rychleji. Krom\u011b toho v\u0161ak spole\u010dnosti klesly i\u00a0zisky ze samotn\u00e9ho pron\u00e1jmu automobil\u016f.<\/span><\/p>\n<\/div>\n<div class=\"e_a4 speakable\" data-dot=\"mol-paragraph\">\n<p class=\"c_a4\"><span class=\"c_eG\">Bez viny nejsou ani automobily se spalovac\u00edmi motory, kter\u00e9 firma nakupovala i v dob\u011b krize na trhu s procesory. Nab\u00eddka automobil\u016f tak byla omezen\u00e1 a jejich ceny vy\u0161\u0161\u00ed. Jen sn\u00ed\u017een\u00ed hodnoty vozov\u00e9ho parku za t\u0159et\u00ed \u010dtvrtlet\u00ed tak m\u011blo dos\u00e1hnout v\u00fd\u0161e jedn\u00e9 miliardy dolar\u016f, jak informoval\u00a0<a class=\"c_at\" href=\"https:\/\/www.bloomberg.com\/news\/articles\/2024-11-12\/hertz-misses-estimates-as-losses-mount-from-failed-tesla-bet?srnd=phx-green\" target=\"_blank\" rel=\"noopener\" data-dot=\"atm-link\">Bloomberg<\/a>.<\/span><\/p>\n<\/div>\n<div class=\"e_a4 speakable\" data-dot=\"mol-paragraph\">\n<p class=\"c_a4\"><span class=\"c_eG\">Ve snaze sn\u00ed\u017eit ztr\u00e1ty se spole\u010dnost ji\u017e za\u010d\u00e1tkem roku rozhodla prodat 20 000 elektromobil\u016f, nyn\u00ed se zbav\u00ed dal\u0161\u00edch 10 000 elektrick\u00fdch voz\u016f. Do konce roku tak pl\u00e1nuje odprodat 30 000 elektromobil\u016f, p\u0159ev\u00e1\u017en\u011b zna\u010dky Tesla. Stroje zam\u00ed\u0159\u00ed na trhy s ojet\u00fdmi vozy.<\/span><\/p>\n<\/div>\n<div class=\"e_a4 speakable\" data-dot=\"mol-paragraph\">\n<p class=\"c_a4\"><span class=\"c_eG\">Spole\u010dnost nav\u00edc pl\u00e1nuje d\u00e1l pokra\u010dovat v\u00a0\u00faprav\u011b sv\u00e9ho vozov\u00e9ho parku, ve kter\u00e9m m\u00e1 z\u016fstat jen tolik elektromobil\u016f, kolik si z\u00e1kazn\u00edci budou cht\u00edt pronajmout. Tuto prom\u011bnu m\u00e1 v\u00a0pl\u00e1nu dokon\u010dit do konce p\u0159\u00ed\u0161t\u00edho roku, co\u017e by m\u011blo pomoci sn\u00ed\u017eit pr\u016fm\u011brnou m\u011bs\u00ed\u010dn\u00ed ztr\u00e1tu na hodnot\u011b vozidla z\u00a0cca 537\u00a0dolar\u016f (cca 12\u00a0800\u00a0K\u010d) na 300\u00a0dolar\u016f (cca 7200\u00a0K\u010d).<\/span><\/p>\n<\/div>\n<div class=\"e_a4 speakable\" data-dot=\"mol-paragraph\">\n<p class=\"c_a4\"><span class=\"c_eG\">P\u0159ed rokem, tedy ve t\u0159et\u00edm \u010dtvrtlet\u00ed roku 2023, se p\u0159itom m\u011bs\u00ed\u010dn\u00ed ztr\u00e1ta na jednom aut\u011b pohybovala okolo 284\u00a0dolar\u016f (cca 6800\u00a0K\u010d).<\/span><\/p>\n<p><strong>Zdroj: novinky.cz<\/strong><\/p>\n<p><img loading=\"lazy\" decoding=\"async\" class=\"alignnone size-full wp-image-9516\" src=\"http:\/\/www.automakers.cz\/wp-content\/uploads\/2024\/12\/Hertz_Car_Rental_logo.svg_.png\" alt=\"\" width=\"800\" height=\"295\" srcset=\"https:\/\/www.automakers.cz\/wp-content\/uploads\/2024\/12\/Hertz_Car_Rental_logo.svg_.png 800w, https:\/\/www.automakers.cz\/wp-content\/uploads\/2024\/12\/Hertz_Car_Rental_logo.svg_-768x283.png 768w\" sizes=\"auto, (max-width: 800px) 100vw, 800px\" \/><\/p>\n<\/div>\n<\/div>\n<\/div>\n<\/article>\n<\/div>\n<\/div>\n","protected":false},"excerpt":{"rendered":"<p>P\u016fj\u010dovna automobil\u016f Hertz vyk\u00e1zala ve t\u0159et\u00edm \u010dtvrtlet\u00ed dal\u0161\u00ed obrovskou ztr\u00e1tu. \u010c\u00e1st odpov\u011bdnosti nesou i elektromobily,&#8230;<\/p>\n","protected":false},"author":1,"featured_media":9520,"comment_status":"closed","ping_status":"closed","sticky":false,"template":"","format":"standard","meta":{"footnotes":""},"categories":[9,15,31],"tags":[],"class_list":["post-9515","post","type-post","status-publish","format-standard","has-post-thumbnail","hentry","category-elektromobily","category-fleety","category-news"],"_links":{"self":[{"href":"https:\/\/www.automakers.cz\/index.php?rest_route=\/wp\/v2\/posts\/9515","targetHints":{"allow":["GET"]}}],"collection":[{"href":"https:\/\/www.automakers.cz\/index.php?rest_route=\/wp\/v2\/posts"}],"about":[{"href":"https:\/\/www.automakers.cz\/index.php?rest_route=\/wp\/v2\/types\/post"}],"author":[{"embeddable":true,"href":"https:\/\/www.automakers.cz\/index.php?rest_route=\/wp\/v2\/users\/1"}],"replies":[{"embeddable":true,"href":"https:\/\/www.automakers.cz\/index.php?rest_route=%2Fwp%2Fv2%2Fcomments&post=9515"}],"version-history":[{"count":3,"href":"https:\/\/www.automakers.cz\/index.php?rest_route=\/wp\/v2\/posts\/9515\/revisions"}],"predecessor-version":[{"id":9521,"href":"https:\/\/www.automakers.cz\/index.php?rest_route=\/wp\/v2\/posts\/9515\/revisions\/9521"}],"wp:featuredmedia":[{"embeddable":true,"href":"https:\/\/www.automakers.cz\/index.php?rest_route=\/wp\/v2\/media\/9520"}],"wp:attachment":[{"href":"https:\/\/www.automakers.cz\/index.php?rest_route=%2Fwp%2Fv2%2Fmedia&parent=9515"}],"wp:term":[{"taxonomy":"category","embeddable":true,"href":"https:\/\/www.automakers.cz\/index.php?rest_route=%2Fwp%2Fv2%2Fcategories&post=9515"},{"taxonomy":"post_tag","embeddable":true,"href":"https:\/\/www.automakers.cz\/index.php?rest_route=%2Fwp%2Fv2%2Ftags&post=9515"}],"curies":[{"name":"wp","href":"https:\/\/api.w.org\/{rel}","templated":true}]}}