{"id":9523,"date":"2024-12-08T23:39:21","date_gmt":"2024-12-08T23:39:21","guid":{"rendered":"https:\/\/www.automakers.cz\/?p=9523"},"modified":"2024-12-10T09:55:46","modified_gmt":"2024-12-10T09:55:46","slug":"skoda-elroq-mela-dynamickou-premieru-na-mallorce","status":"publish","type":"post","link":"https:\/\/www.automakers.cz\/?p=9523","title":{"rendered":"\u0160koda Elroq m\u011bla dynamickou premi\u00e9ru na Mallorce"},"content":{"rendered":"<p><strong> Po \u0159\u00edjnov\u00e9 sv\u011btov\u00e9 statick\u00e9 premi\u00e9\u0159e vystavila \u0160kodovka nov\u00fd elektrick\u00fd Elroq v tov\u00e1rn\u00edm muzeu, v prvn\u00edm listopadov\u00e9m t\u00fddnu svolala novin\u00e1\u0159e na mezin\u00e1rodn\u00ed dynamick\u00e9 j\u00edzdy. Konaly se na \u0161pan\u011blsk\u00e9 Mallorce, b\u011bhem prvn\u00edho prosincov\u00e9ho t\u00fddne si postupn\u011b v\u016fz vyzkou\u0161ely redakce z r\u016fzn\u00fdch zem\u00ed.<\/strong><!--more--><\/p>\n<p>V prvn\u00ed skupin\u011b bylo 48 \u010desk\u00fdch novin\u00e1\u0159\u016f, doplnili je Slov\u00e1ci a Finov\u00e9. Po welcome drinku a technick\u00e9 prezentaci se mohli vydat na n\u011bkolik testovac\u00edch okruh\u016f po ostrov\u011b. Museli ale po\u010d\u00edtat s t\u00edm, \u017ee na publikaci j\u00edzdn\u00edch dojm\u016f uvalila \u0160koda embargo do 9. prosince.<\/p>\n<p><iframe loading=\"lazy\"  id=\"_ytid_68727\"  width=\"640\" height=\"360\"  data-origwidth=\"640\" data-origheight=\"360\" src=\"https:\/\/www.youtube.com\/embed\/DZYvzx_5oJY?enablejsapi=1&#038;autoplay=0&#038;cc_load_policy=0&#038;cc_lang_pref=&#038;iv_load_policy=1&#038;loop=0&#038;modestbranding=0&#038;rel=1&#038;fs=1&#038;playsinline=0&#038;autohide=2&#038;theme=dark&#038;color=red&#038;controls=1&#038;\" class=\"__youtube_prefs__  epyt-is-override  no-lazyload\" title=\"YouTube player\"  allow=\"accelerometer; autoplay; clipboard-write; encrypted-media; gyroscope; picture-in-picture\" allowfullscreen data-no-lazy=\"1\" data-skipgform_ajax_framebjll=\"\"><\/iframe><\/p>\n<p><strong>Technickou prezentaci zah\u00e1jil produktov\u00fd PR mana\u017eer zna\u010dky V\u00edt\u011bzslav Kodym, detaily prezentovali z\u00e1stupc\u016fm m\u00e9di\u00ed v\u00fdvojov\u00ed mana\u017ee\u0159i automobilky.<\/strong><\/p>\n<p><img loading=\"lazy\" decoding=\"async\" class=\"alignnone size-medium wp-image-9530\" src=\"http:\/\/www.automakers.cz\/wp-content\/uploads\/2024\/12\/Skoda-Elroq-TK-900x506.jpg\" alt=\"\" width=\"900\" height=\"506\" srcset=\"https:\/\/www.automakers.cz\/wp-content\/uploads\/2024\/12\/Skoda-Elroq-TK-900x506.jpg 900w, https:\/\/www.automakers.cz\/wp-content\/uploads\/2024\/12\/Skoda-Elroq-TK-1024x576.jpg 1024w, https:\/\/www.automakers.cz\/wp-content\/uploads\/2024\/12\/Skoda-Elroq-TK-768x432.jpg 768w, https:\/\/www.automakers.cz\/wp-content\/uploads\/2024\/12\/Skoda-Elroq-TK-1536x864.jpg 1536w, https:\/\/www.automakers.cz\/wp-content\/uploads\/2024\/12\/Skoda-Elroq-TK-1280x720.jpg 1280w, https:\/\/www.automakers.cz\/wp-content\/uploads\/2024\/12\/Skoda-Elroq-TK.jpg 2040w\" sizes=\"auto, (max-width: 900px) 100vw, 900px\" \/><span style=\"color: #000000;\"><span style=\"font-family: Times New Roman, serif;\"><span style=\"font-size: medium;\"><strong>Elroq vych\u00e1z\u00ed ze spalovac\u00edho modelu Karoq, konstrukt\u00e9\u0159i dali vozu masku Tech-Deck Face a Matrix-LED p\u0159edn\u00ed sv\u011btlomety integrovan\u00e9 do p\u0159edn\u00edho n\u00e1razn\u00edku.<\/strong> <\/span><\/span><\/span><\/p>\n<p><img loading=\"lazy\" decoding=\"async\" class=\"size-medium wp-image-9531\" src=\"http:\/\/www.automakers.cz\/wp-content\/uploads\/2024\/12\/Skoda-Elroq-Malorca-noc-900x506.jpg\" alt=\"\" width=\"900\" height=\"506\" \/><span style=\"color: #000000;\"><span style=\"font-family: Times New Roman, serif;\"><span style=\"font-size: medium;\">Co Elroq poh\u00e1n\u00ed? Jde o \u010dist\u00e9 elektroauto, kter\u00e9 nab\u00eddne hned t\u0159i verze <\/span><\/span><\/span><span style=\"color: #000000;\"><span style=\"font-family: Times New Roman, serif;\"><span style=\"font-size: medium;\">trak\u010dn\u00edch bateri\u00ed s kapacitou od 55 kWh do 82 kWh. Jejich <\/span><\/span><\/span><span style=\"color: #000000;\"><span style=\"font-family: Times New Roman, serif;\"><span style=\"font-size: medium;\">s<\/span><\/span><\/span><span style=\"color: #000000;\"><span style=\"font-family: Times New Roman, serif;\"><span style=\"font-size: medium;\">yst\u00e9mov\u00fd v\u00fdkon<\/span><\/span><\/span><span style=\"color: #000000;\"><span style=\"font-family: Times New Roman, serif;\"><span style=\"font-size: medium;\"> se pohybuje<\/span><\/span><\/span><span style=\"color: #000000;\"><span style=\"font-family: Times New Roman, serif;\"><span style=\"font-size: medium;\"> od 125 do 210 kW, <\/span><\/span><\/span><span style=\"color: #000000;\"><span style=\"font-family: Times New Roman, serif;\"><span style=\"font-size: medium;\">v<\/span><\/span><\/span><span style=\"color: #000000;\"><span style=\"font-family: Times New Roman, serif;\"><span style=\"font-size: medium;\">erze s nejv\u011bt\u0161\u00ed lithium-iontovou bateri\u00ed nab\u00edzej\u00ed dojezd a\u017e 581 kilometr\u016f a dosahuj\u00ed maxim\u00e1ln\u00ed rychlosti 180 km za hodinu. <\/span><\/span><\/span><\/p>\n<p><span style=\"color: #000000;\"><span style=\"font-family: Times New Roman, serif;\"><span style=\"font-size: medium;\">Model <\/span><\/span><\/span><span style=\"color: #000000;\"><span style=\"font-family: Times New Roman, serif;\"><span style=\"font-size: medium;\">Elroq<\/span><\/span><\/span><span style=\"color: #000000;\"><span style=\"font-family: Times New Roman, serif;\"><span style=\"font-size: medium;\"> 85x s pohonem v\u0161ech kol je vybaven druh\u00fdm elektromotorem na p\u0159edn\u00ed n\u00e1prav\u011b. Optimalizovan\u00e1 funkce p\u0159edeh\u0159evu zaji\u0161\u0165uje, \u017ee na <\/span><\/span><\/span><span style=\"color: #000000;\"><span style=\"font-family: Times New Roman, serif;\"><span style=\"font-size: medium;\">rychlonab\u00edjec\u00edch<\/span><\/span><\/span> <span style=\"color: #000000;\"><span style=\"font-family: Times New Roman, serif;\"><span style=\"font-size: medium;\">stanic\u00edch<\/span><\/span><\/span><span style=\"color: #000000;\"><span style=\"font-family: Times New Roman, serif;\"><span style=\"font-size: medium;\"> stejnosm\u011brn\u00e9ho proudu lze men\u0161\u00ed akumul\u00e1tor dob\u00edt z deseti na 80 procent kapacity za 24 minut. <\/span><\/span><\/span><\/p>\n<p><span style=\"color: #000000;\"><span style=\"font-family: Times New Roman, serif;\"><span style=\"font-size: medium;\"><strong>Standardem je 13palcov\u00e1 obrazovka infotainmentu, asistentka Laura vyu\u017e\u00edvaj\u00edc\u00ed um\u011blou inteligenci, vysp\u011bl\u00e9 asisten\u010dn\u00ed syst\u00e9my a a\u017e dev\u011bt airbag\u016f.<\/strong> <\/span><\/span><\/span><\/p>\n<p><img loading=\"lazy\" decoding=\"async\" class=\"alignnone size-medium wp-image-9491\" src=\"http:\/\/www.automakers.cz\/wp-content\/uploads\/2024\/12\/Skoda-Elroq-palubni-deska-silnice-900x506.jpg\" alt=\"\" width=\"900\" height=\"506\" srcset=\"https:\/\/www.automakers.cz\/wp-content\/uploads\/2024\/12\/Skoda-Elroq-palubni-deska-silnice-900x506.jpg 900w, https:\/\/www.automakers.cz\/wp-content\/uploads\/2024\/12\/Skoda-Elroq-palubni-deska-silnice-1024x576.jpg 1024w, https:\/\/www.automakers.cz\/wp-content\/uploads\/2024\/12\/Skoda-Elroq-palubni-deska-silnice-768x432.jpg 768w, https:\/\/www.automakers.cz\/wp-content\/uploads\/2024\/12\/Skoda-Elroq-palubni-deska-silnice-1536x864.jpg 1536w, https:\/\/www.automakers.cz\/wp-content\/uploads\/2024\/12\/Skoda-Elroq-palubni-deska-silnice-1280x720.jpg 1280w, https:\/\/www.automakers.cz\/wp-content\/uploads\/2024\/12\/Skoda-Elroq-palubni-deska-silnice.jpg 2040w\" sizes=\"auto, (max-width: 900px) 100vw, 900px\" \/><\/p>\n<p><span style=\"color: #000000;\"><span style=\"font-family: Times New Roman, serif;\"><span style=\"font-size: medium;\">P\u0159epracovan\u00e1 aplikace My\u0160koda nyn\u00ed krom\u011b ovl\u00e1d\u00e1n\u00ed mnoha funkc\u00ed vozidla, od zamyk\u00e1n\u00ed a odemyk\u00e1n\u00ed dve\u0159\u00ed a\u017e po parkov\u00e1n\u00ed na d\u00e1lku, nab\u00edz\u00ed tak\u00e9 p\u0159\u00edstup ke slu\u017eb\u011b PowerPass, prost\u0159ednictv\u00edm kter\u00e9 mohou <\/span><\/span><\/span><span style=\"color: #000000;\"><span style=\"font-family: Times New Roman, serif;\"><span style=\"font-size: medium;\">\u0159idi\u010di<\/span><\/span><\/span><span style=\"color: #000000;\"><span style=\"font-family: Times New Roman, serif;\"><span style=\"font-size: medium;\"> ovl\u00e1dat proces nab\u00edjen\u00ed. <\/span><\/span><\/span><\/p>\n<figure id=\"attachment_9534\" aria-describedby=\"caption-attachment-9534\" style=\"width: 900px\" class=\"wp-caption alignnone\"><img loading=\"lazy\" decoding=\"async\" class=\"size-medium wp-image-9534\" src=\"http:\/\/www.automakers.cz\/wp-content\/uploads\/2024\/12\/Skoda-Elroq-parkovani-900x506.jpg\" alt=\"\" width=\"900\" height=\"506\" srcset=\"https:\/\/www.automakers.cz\/wp-content\/uploads\/2024\/12\/Skoda-Elroq-parkovani-900x506.jpg 900w, https:\/\/www.automakers.cz\/wp-content\/uploads\/2024\/12\/Skoda-Elroq-parkovani-1024x576.jpg 1024w, https:\/\/www.automakers.cz\/wp-content\/uploads\/2024\/12\/Skoda-Elroq-parkovani-768x432.jpg 768w, https:\/\/www.automakers.cz\/wp-content\/uploads\/2024\/12\/Skoda-Elroq-parkovani-1536x864.jpg 1536w, https:\/\/www.automakers.cz\/wp-content\/uploads\/2024\/12\/Skoda-Elroq-parkovani-1280x720.jpg 1280w, https:\/\/www.automakers.cz\/wp-content\/uploads\/2024\/12\/Skoda-Elroq-parkovani.jpg 2040w\" sizes=\"auto, (max-width: 900px) 100vw, 900px\" \/><figcaption id=\"caption-attachment-9534\" class=\"wp-caption-text\"><strong>Test parkov\u00e1n\u00ed pomoc\u00ed d\u00e1lkov\u00e9ho ovlada\u010de<\/strong><\/figcaption><\/figure>\n<p><strong>Erich Handl, Mallorca<\/strong><\/p>\n<p><img loading=\"lazy\" decoding=\"async\" class=\"alignnone size-medium wp-image-9537\" src=\"http:\/\/www.automakers.cz\/wp-content\/uploads\/2024\/12\/Skoda-Elroq-Hyan-Rybecky-Michel-900x506.jpg\" alt=\"\" width=\"900\" height=\"506\" srcset=\"https:\/\/www.automakers.cz\/wp-content\/uploads\/2024\/12\/Skoda-Elroq-Hyan-Rybecky-Michel-900x506.jpg 900w, https:\/\/www.automakers.cz\/wp-content\/uploads\/2024\/12\/Skoda-Elroq-Hyan-Rybecky-Michel-1024x576.jpg 1024w, https:\/\/www.automakers.cz\/wp-content\/uploads\/2024\/12\/Skoda-Elroq-Hyan-Rybecky-Michel-768x432.jpg 768w, https:\/\/www.automakers.cz\/wp-content\/uploads\/2024\/12\/Skoda-Elroq-Hyan-Rybecky-Michel-1536x864.jpg 1536w, https:\/\/www.automakers.cz\/wp-content\/uploads\/2024\/12\/Skoda-Elroq-Hyan-Rybecky-Michel-1280x720.jpg 1280w, https:\/\/www.automakers.cz\/wp-content\/uploads\/2024\/12\/Skoda-Elroq-Hyan-Rybecky-Michel.jpg 2040w\" sizes=\"auto, (max-width: 900px) 100vw, 900px\" \/><\/p>\n<p><img loading=\"lazy\" decoding=\"async\" class=\"alignnone size-medium wp-image-9414\" src=\"http:\/\/www.automakers.cz\/wp-content\/uploads\/2024\/12\/Skoda-Elroq-kolaz-900x900.jpg\" alt=\"\" width=\"900\" height=\"900\" srcset=\"https:\/\/www.automakers.cz\/wp-content\/uploads\/2024\/12\/Skoda-Elroq-kolaz-900x900.jpg 900w, https:\/\/www.automakers.cz\/wp-content\/uploads\/2024\/12\/Skoda-Elroq-kolaz-1024x1024.jpg 1024w, https:\/\/www.automakers.cz\/wp-content\/uploads\/2024\/12\/Skoda-Elroq-kolaz-768x768.jpg 768w, https:\/\/www.automakers.cz\/wp-content\/uploads\/2024\/12\/Skoda-Elroq-kolaz.jpg 1080w\" sizes=\"auto, (max-width: 900px) 100vw, 900px\" \/><\/p>\n<p align=\"left\">\n","protected":false},"excerpt":{"rendered":"<p>Po \u0159\u00edjnov\u00e9 sv\u011btov\u00e9 statick\u00e9 premi\u00e9\u0159e vystavila \u0160kodovka nov\u00fd elektrick\u00fd Elroq v tov\u00e1rn\u00edm muzeu, v prvn\u00edm&#8230;<\/p>\n","protected":false},"author":1,"featured_media":9526,"comment_status":"closed","ping_status":"closed","sticky":false,"template":"","format":"standard","meta":{"footnotes":""},"categories":[59,72,28,66],"tags":[],"class_list":["post-9523","post","type-post","status-publish","format-standard","has-post-thumbnail","hentry","category-automakers-tv","category-reportaz","category-testy","category-video"],"_links":{"self":[{"href":"https:\/\/www.automakers.cz\/index.php?rest_route=\/wp\/v2\/posts\/9523","targetHints":{"allow":["GET"]}}],"collection":[{"href":"https:\/\/www.automakers.cz\/index.php?rest_route=\/wp\/v2\/posts"}],"about":[{"href":"https:\/\/www.automakers.cz\/index.php?rest_route=\/wp\/v2\/types\/post"}],"author":[{"embeddable":true,"href":"https:\/\/www.automakers.cz\/index.php?rest_route=\/wp\/v2\/users\/1"}],"replies":[{"embeddable":true,"href":"https:\/\/www.automakers.cz\/index.php?rest_route=%2Fwp%2Fv2%2Fcomments&post=9523"}],"version-history":[{"count":13,"href":"https:\/\/www.automakers.cz\/index.php?rest_route=\/wp\/v2\/posts\/9523\/revisions"}],"predecessor-version":[{"id":9552,"href":"https:\/\/www.automakers.cz\/index.php?rest_route=\/wp\/v2\/posts\/9523\/revisions\/9552"}],"wp:featuredmedia":[{"embeddable":true,"href":"https:\/\/www.automakers.cz\/index.php?rest_route=\/wp\/v2\/media\/9526"}],"wp:attachment":[{"href":"https:\/\/www.automakers.cz\/index.php?rest_route=%2Fwp%2Fv2%2Fmedia&parent=9523"}],"wp:term":[{"taxonomy":"category","embeddable":true,"href":"https:\/\/www.automakers.cz\/index.php?rest_route=%2Fwp%2Fv2%2Fcategories&post=9523"},{"taxonomy":"post_tag","embeddable":true,"href":"https:\/\/www.automakers.cz\/index.php?rest_route=%2Fwp%2Fv2%2Ftags&post=9523"}],"curies":[{"name":"wp","href":"https:\/\/api.w.org\/{rel}","templated":true}]}}