{"id":956,"date":"2023-12-15T09:15:09","date_gmt":"2023-12-15T09:15:09","guid":{"rendered":"https:\/\/www.automakers.cz\/?p=956"},"modified":"2023-12-15T09:17:11","modified_gmt":"2023-12-15T09:17:11","slug":"byvala-tovarna-volva-v-rusku-obnovi-vyrobu","status":"publish","type":"post","link":"https:\/\/www.automakers.cz\/?p=956","title":{"rendered":"B\u00fdval\u00e1 tov\u00e1rna Volva v Rusku op\u011bt v akci"},"content":{"rendered":"<p class=\"c_dT g_fX speakable\" data-dot=\"ogm-article-perex\"><strong>B\u00fdval\u00fd rusk\u00fd z\u00e1vod \u0161v\u00e9dsk\u00e9ho v\u00fdrobce n\u00e1kladn\u00edch aut Volvo AB po t\u00e9m\u011b\u0159 dvoulet\u00e9 p\u0159est\u00e1vce obnovuje produkci. V p\u0159\u00ed\u0161t\u00edm roce pl\u00e1nuje pod nov\u00fdm vlastn\u00edkem vyrobit 2000 n\u00e1kladn\u00edch automobil\u016f. S odkazem na sd\u011blen\u00ed nov\u00e9ho majitele o tom informovala Reuters.<\/strong><!--more--><\/p>\n<p class=\"c_dT g_fX speakable\" data-dot=\"ogm-article-perex\">Volvo loni v \u00fanoru po rusk\u00e9 invazi na Ukrajinu pozastavila ve\u0161ker\u00fd prodej, servis a v\u00fdrobu v Rusku.<\/p>\n<p class=\"c_dT g_fX speakable\" data-dot=\"ogm-article-perex\">V <span class=\"c_eb\">roce 2021 se Rusko pod\u00edlelo na \u010dist\u00fdch tr\u017eb\u00e1ch firmy p\u0159ibli\u017en\u011b t\u0159emi procenty. \u010cist\u00e9 tr\u017eby p\u0159itom \u010dinily zhruba 372 miliard \u0161v\u00e9dsk\u00fdch korun (813 miliard K\u010d).<\/span><\/p>\n<div class=\"ogm-container _6231b388c0086990921bf42b\">\n<div class=\"g_f6\" data-e2e=\"ogm-article-layout\">\n<article class=\"g_f8\" role=\"article\" aria-labelledby=\"accessibility-article\">\n<div class=\"g_f7\" data-dot=\"ogm-article-content\">\n<div class=\"e_dN e_dZ\">\n<div class=\"e_dT speakable\" data-dot=\"mol-paragraph\">\n<p class=\"c_dT\"><span class=\"c_eb\">Volvo, jeho\u017e v\u00fdrobn\u00ed z\u00e1vod m\u011bl ro\u010dn\u00ed kapacitu 15\u00a0000\u00a0voz\u016f, bylo jedn\u00edm z\u00a0mnoha z\u00e1padn\u00edch v\u00fdrobc\u016f automobil\u016f, kte\u0159\u00ed rusk\u00fd trh na protest proti invazi opustili.<\/span><\/p>\n<\/div>\n<div class=\"e_dT speakable\" data-dot=\"mol-paragraph\">\n<p class=\"c_dT\"><span class=\"c_eb\">Po odchodu z\u00e1padn\u00edch v\u00fdrobc\u016f a\u00a0v reakci na stagnaci rusk\u00e9 v\u00fdroby z\u00edsk\u00e1vaj\u00ed pod\u00edl na rusk\u00e9m trhu \u010d\u00edn\u0161t\u00ed v\u00fdrobci automobil\u016f. Podle \u00fadaj\u016f, kter\u00e9 m\u00e1 Reuters k\u00a0dispozici, tvo\u0159\u00ed \u010d\u00ednsk\u00e9 automobily nyn\u00ed kolem 50\u00a0procent prodan\u00fdch voz\u016f v\u00a0Rusku.<\/span><\/p>\n<\/div>\n<div class=\"e_fm js-ad e_a7\">\n<div class=\"e_ew\">\n<div class=\"e_eD\">\n<p class=\"c_dT\"><span class=\"c_eb\">Tov\u00e1rna spole\u010dnosti Volvo byla v z\u00e1\u0159\u00ed p\u0159ed\u00e1na skupin\u011b Industrial Investments Group a n\u00e1sledn\u011b p\u0159ejmenov\u00e1na na Automobile Motor Company (AMO). Podrobnosti prodeje firmy neozn\u00e1mily.<\/span><\/p>\n<\/div>\n<\/div>\n<\/div>\n<div class=\"e_dT speakable\" data-dot=\"mol-paragraph\">\n<p class=\"c_dT\"><span class=\"c_eb\">Spole\u010dnost Industrial Investments uvedla, \u017ee pod zna\u010dkou Next vyr\u00e1b\u00ed velkokapacitn\u00ed n\u00e1kladn\u00ed automobil s\u00a0vysokou pr\u016fchodnost\u00ed ter\u00e9nem. V\u00a0leto\u0161n\u00edm roce vyrob\u00ed 50\u00a0n\u00e1kladn\u00edch vozidel a\u00a0v budoucnu chce veden\u00ed z\u00e1vodu roz\u0161\u00ed\u0159it sortiment.<\/span><\/p>\n<\/div>\n<div class=\"e_dT speakable\" data-dot=\"mol-paragraph\">\n<p class=\"c_dT\"><span class=\"c_eb\">Gener\u00e1ln\u00ed \u0159editel Industrial Investments Group Andrej Alexandrov uvedl, \u017ee spole\u010dnost vede dal\u0161\u00ed kolo jedn\u00e1n\u00ed s\u00a0bl\u00ed\u017ee nespecifikovan\u00fdm zahrani\u010dn\u00edm partnerem.<\/span><\/p>\n<p><strong>Zdroj: novinky.cz<\/strong><\/p>\n<\/div>\n<\/div>\n<\/div>\n<\/article>\n<\/div>\n<\/div>\n","protected":false},"excerpt":{"rendered":"<p>B\u00fdval\u00fd rusk\u00fd z\u00e1vod \u0161v\u00e9dsk\u00e9ho v\u00fdrobce n\u00e1kladn\u00edch aut Volvo AB po t\u00e9m\u011b\u0159 dvoulet\u00e9 p\u0159est\u00e1vce obnovuje produkci&#8230;.<\/p>\n","protected":false},"author":1,"featured_media":962,"comment_status":"open","ping_status":"open","sticky":false,"template":"","format":"standard","meta":{"footnotes":""},"categories":[18],"tags":[],"class_list":["post-956","post","type-post","status-publish","format-standard","has-post-thumbnail","hentry","category-vyroba"],"_links":{"self":[{"href":"https:\/\/www.automakers.cz\/index.php?rest_route=\/wp\/v2\/posts\/956","targetHints":{"allow":["GET"]}}],"collection":[{"href":"https:\/\/www.automakers.cz\/index.php?rest_route=\/wp\/v2\/posts"}],"about":[{"href":"https:\/\/www.automakers.cz\/index.php?rest_route=\/wp\/v2\/types\/post"}],"author":[{"embeddable":true,"href":"https:\/\/www.automakers.cz\/index.php?rest_route=\/wp\/v2\/users\/1"}],"replies":[{"embeddable":true,"href":"https:\/\/www.automakers.cz\/index.php?rest_route=%2Fwp%2Fv2%2Fcomments&post=956"}],"version-history":[{"count":4,"href":"https:\/\/www.automakers.cz\/index.php?rest_route=\/wp\/v2\/posts\/956\/revisions"}],"predecessor-version":[{"id":960,"href":"https:\/\/www.automakers.cz\/index.php?rest_route=\/wp\/v2\/posts\/956\/revisions\/960"}],"wp:featuredmedia":[{"embeddable":true,"href":"https:\/\/www.automakers.cz\/index.php?rest_route=\/wp\/v2\/media\/962"}],"wp:attachment":[{"href":"https:\/\/www.automakers.cz\/index.php?rest_route=%2Fwp%2Fv2%2Fmedia&parent=956"}],"wp:term":[{"taxonomy":"category","embeddable":true,"href":"https:\/\/www.automakers.cz\/index.php?rest_route=%2Fwp%2Fv2%2Fcategories&post=956"},{"taxonomy":"post_tag","embeddable":true,"href":"https:\/\/www.automakers.cz\/index.php?rest_route=%2Fwp%2Fv2%2Ftags&post=956"}],"curies":[{"name":"wp","href":"https:\/\/api.w.org\/{rel}","templated":true}]}}