{"id":9611,"date":"2024-12-11T13:42:21","date_gmt":"2024-12-11T13:42:21","guid":{"rendered":"https:\/\/www.automakers.cz\/?p=9611"},"modified":"2024-12-11T15:17:32","modified_gmt":"2024-12-11T15:17:32","slug":"cinske-znacky-omoda-a-jaecoo-v-unoru","status":"publish","type":"post","link":"https:\/\/www.automakers.cz\/?p=9611","title":{"rendered":"\u010c\u00ednsk\u00e1 Omoda a Jaecoo nastoup\u00ed v \u00fanoru"},"content":{"rendered":"<p><strong>\u010c\u00ednsk\u00e9 zna\u010dky Omoda a Jaecoo se chystaj\u00ed na \u010desk\u00fd trh. Ofici\u00e1ln\u00ed akci k jejich uveden\u00ed slibuj\u00ed na \u00fanor p\u0159\u00ed\u0161t\u00edho roku. Charlie Zhang, z\u00e1stupce gener\u00e1ln\u00edho \u0159editele Chery Automobile, jen\u017e je z\u00e1rove\u0148 \u0161\u00e9fem evropsk\u00e9 expanze automobilky, svolal dealery do pra\u017esk\u00e9ho hotelu Four Seasons.<br \/>\n<\/strong><!--more--><\/p>\n<p>Automobily nab\u00edzen\u00e9 zna\u010dkami Omoda i Jaecoo se u\u017e prod\u00e1vaj\u00ed v n\u011bkolika zem\u00edch Evropy. Ve v\u011bt\u0161in\u011b z nich u\u017e skladov\u00e9 z\u00e1soby zmizely b\u011bhem p\u00e1r m\u011bs\u00edc\u016f a importn\u00ed objemy se musely nav\u00fd\u0161it.<\/p>\n<p>V\u00fdhradn\u00edm distributorem zna\u010dek Omoda a Jaecoo na \u010desk\u00e9m trhu bude spole\u010dnost <strong>Grand Automotive Central Europe<\/strong>, kterou na akci zastoupil jej\u00ed gener\u00e1ln\u00ed \u0159editel <strong>Viktor Moln\u00e1r<\/strong>. Smlouva o spolupr\u00e1ci byla slavnostn\u011b podeps\u00e1na letos 24. \u0159\u00edjna.<\/p>\n<p><img loading=\"lazy\" decoding=\"async\" class=\"alignnone size-medium wp-image-9618\" src=\"http:\/\/www.automakers.cz\/wp-content\/uploads\/2024\/12\/omoda-jaecoo-prague-20241129-the-team-900x600.jpg\" alt=\"\" width=\"900\" height=\"600\" srcset=\"https:\/\/www.automakers.cz\/wp-content\/uploads\/2024\/12\/omoda-jaecoo-prague-20241129-the-team-900x600.jpg 900w, https:\/\/www.automakers.cz\/wp-content\/uploads\/2024\/12\/omoda-jaecoo-prague-20241129-the-team-1024x683.jpg 1024w, https:\/\/www.automakers.cz\/wp-content\/uploads\/2024\/12\/omoda-jaecoo-prague-20241129-the-team-768x512.jpg 768w, https:\/\/www.automakers.cz\/wp-content\/uploads\/2024\/12\/omoda-jaecoo-prague-20241129-the-team-1536x1024.jpg 1536w, https:\/\/www.automakers.cz\/wp-content\/uploads\/2024\/12\/omoda-jaecoo-prague-20241129-the-team-2048x1366.jpg 2048w\" sizes=\"auto, (max-width: 900px) 100vw, 900px\" \/><strong>Charlie Zhang<\/strong> ve sv\u00e9 prezentaci zd\u016fraznil inovace, kter\u00e9 nab\u00edz\u00ed automobilka d\u00edky v\u00edce ne\u017e dvaceti tis\u00edci zam\u011bstnanc\u016fm ve v\u00fdvoji a tak\u00e9 strategii \u0161irok\u00e9ho spektra nab\u00edzen\u00fdch pohonn\u00fdch jednotek, od spalovac\u00edch motor\u016f (ICE), p\u0159es \u010dist\u00e1 elektroauta (BEV) a plug-in hybridy (PHEV) a\u017e po nejmodern\u011bj\u0161\u00ed koncepty.<\/p>\n<p>Mezi n\u011b pat\u0159\u00ed nap\u0159\u00edklad Range-extended electric vehicles (REEV) s dojezdem p\u0159es dva tis\u00edce kilometr\u016f! B\u011bhem p\u0159edn\u00e1\u0161ky zd\u016fraznil tak\u00e9 koncept In Europe for Europe, v r\u00e1mci n\u011bho\u017e automobily Omoda a Jaecoo implementuj\u00ed velkou \u010d\u00e1st pou\u017eit\u00fdch technologi\u00ed od evropsk\u00fdch dodavatel\u016f, jak\u00fdmi jsou firmy Bosch, Siemens nebo Infineon. \u010c\u00e1st v\u00fdvojov\u00e9ho odd\u011blen\u00ed s\u00eddl\u00ed v N\u011bmecku a i v\u00fdroba se postupn\u011b p\u0159esouv\u00e1 do Evropy \u2013 prvn\u00ed tov\u00e1rna u\u017e funguje ve \u0160pan\u011blsku.<\/p>\n<p>Krom\u011b v\u00fdbavy a kvality zpracov\u00e1n\u00ed se ob\u011b zna\u010dky zam\u011b\u0159uj\u00ed hlavn\u011b na bezpe\u010dnost a rychlost poprodejn\u00edho servisu. Nab\u00edzen\u00e9 modely obdr\u017eely nejvy\u0161\u0161\u00ed po\u010det p\u011bti hv\u011bzd v renomovan\u00fdch testech EURO NCAP. Jsou tak\u00e9 vybaveny nadstandardn\u00edm mno\u017estv\u00edm elektronick\u00fdch syst\u00e9m\u016f, zvy\u0161uj\u00edc\u00edch bezpe\u010dnost pos\u00e1dky i jej\u00edho okol\u00ed. Vozy obou zna\u010dek jsou dod\u00e1v\u00e1ny se sedmiletou z\u00e1rukou, podpo\u0159enou hustou s\u00edt\u00ed servisn\u00edch a logistick\u00fdch kapacit nap\u0159\u00ed\u010d celou Evropou v\u010detn\u011b \u010cesk\u00e9 republiky.<\/p>\n<p><img loading=\"lazy\" decoding=\"async\" class=\"alignnone size-medium wp-image-9619\" src=\"http:\/\/www.automakers.cz\/wp-content\/uploads\/2024\/12\/omoda-jaecoo-prague-20241129-charlie-zhang-on-stage-3-edit-900x289.jpg\" alt=\"\" width=\"900\" height=\"289\" \/><strong>Prvn\u00ed bude Omoda 5<\/strong><\/p>\n<p>Prvn\u00edm z\u00e1stupcem zna\u010dky Omoda se v \u00fanoru p\u0159\u00ed\u0161t\u00edho roku stane SUV Omoda C5 se spalovac\u00edm motorem a jeho elektrick\u00e1 verze Omoda E5. Jedn\u00e1 se o sportovn\u00ed cross-over.<\/p>\n<p><strong>Jaecoo 7<\/strong><\/p>\n<p>Prvn\u00edm modelem zna\u010dky Jaecoo bude takt\u00e9\u017e v \u00fanoru model Jaecoo 7. V\u016fz bude se spalovac\u00edm a plug-in hybrid motorem.<\/p>\n<p><img loading=\"lazy\" decoding=\"async\" class=\"alignnone size-medium wp-image-9617\" src=\"http:\/\/www.automakers.cz\/wp-content\/uploads\/2024\/12\/omoda-jaecoo-prague-20241129-partners-journalists-jaecoo-900x600.jpg\" alt=\"\" width=\"900\" height=\"600\" \/><\/p>\n<p><strong>Zdroj: Omoda Jaecoo Experience Day, hotel Four Seasons<\/strong><\/p>\n<p><img loading=\"lazy\" decoding=\"async\" class=\"alignnone size-medium wp-image-9616\" src=\"http:\/\/www.automakers.cz\/wp-content\/uploads\/2024\/12\/omoda-jaecoo-prague-20241129-jaecoo-pragues-castle-charles-bridge-900x600.jpg\" alt=\"\" width=\"900\" height=\"600\" \/><\/p>\n<p>&nbsp;<\/p>\n<p>&nbsp;<\/p>\n","protected":false},"excerpt":{"rendered":"<p>\u010c\u00ednsk\u00e9 zna\u010dky Omoda a Jaecoo se chystaj\u00ed na \u010desk\u00fd trh. Ofici\u00e1ln\u00ed akci k jejich uveden\u00ed&#8230;<\/p>\n","protected":false},"author":1,"featured_media":9615,"comment_status":"closed","ping_status":"closed","sticky":false,"template":"","format":"standard","meta":{"footnotes":""},"categories":[31,73,20],"tags":[],"class_list":["post-9611","post","type-post","status-publish","format-standard","has-post-thumbnail","hentry","category-news","category-opening","category-tiskovky"],"_links":{"self":[{"href":"https:\/\/www.automakers.cz\/index.php?rest_route=\/wp\/v2\/posts\/9611","targetHints":{"allow":["GET"]}}],"collection":[{"href":"https:\/\/www.automakers.cz\/index.php?rest_route=\/wp\/v2\/posts"}],"about":[{"href":"https:\/\/www.automakers.cz\/index.php?rest_route=\/wp\/v2\/types\/post"}],"author":[{"embeddable":true,"href":"https:\/\/www.automakers.cz\/index.php?rest_route=\/wp\/v2\/users\/1"}],"replies":[{"embeddable":true,"href":"https:\/\/www.automakers.cz\/index.php?rest_route=%2Fwp%2Fv2%2Fcomments&post=9611"}],"version-history":[{"count":7,"href":"https:\/\/www.automakers.cz\/index.php?rest_route=\/wp\/v2\/posts\/9611\/revisions"}],"predecessor-version":[{"id":9626,"href":"https:\/\/www.automakers.cz\/index.php?rest_route=\/wp\/v2\/posts\/9611\/revisions\/9626"}],"wp:featuredmedia":[{"embeddable":true,"href":"https:\/\/www.automakers.cz\/index.php?rest_route=\/wp\/v2\/media\/9615"}],"wp:attachment":[{"href":"https:\/\/www.automakers.cz\/index.php?rest_route=%2Fwp%2Fv2%2Fmedia&parent=9611"}],"wp:term":[{"taxonomy":"category","embeddable":true,"href":"https:\/\/www.automakers.cz\/index.php?rest_route=%2Fwp%2Fv2%2Fcategories&post=9611"},{"taxonomy":"post_tag","embeddable":true,"href":"https:\/\/www.automakers.cz\/index.php?rest_route=%2Fwp%2Fv2%2Ftags&post=9611"}],"curies":[{"name":"wp","href":"https:\/\/api.w.org\/{rel}","templated":true}]}}