{"id":9660,"date":"2024-12-12T09:52:21","date_gmt":"2024-12-12T09:52:21","guid":{"rendered":"https:\/\/www.automakers.cz\/?p=9660"},"modified":"2024-12-12T12:15:00","modified_gmt":"2024-12-12T12:15:00","slug":"ford-omezi-vyrobu-elektromobilu-v-koline","status":"publish","type":"post","link":"https:\/\/www.automakers.cz\/?p=9660","title":{"rendered":"Ford omez\u00ed v\u00fdrobu elektromobil\u016f v Kol\u00edn\u011b"},"content":{"rendered":"<p class=\"c_a4 g_gM speakable\" data-dot=\"ogm-article-perex\"><strong>Kol\u00ednsk\u00e1 tov\u00e1rna Fordu omezuje produkci \u010dist\u011b elektrick\u00fdch model\u016f Ford Explorer a Capri. O elektromobily v Evrop\u011b nen\u00ed dostate\u010dn\u00fd z\u00e1jem. N\u011bmeck\u00fd kancl\u00e9\u0159 Olaf Scholz nicm\u00e9n\u011b na prosincov\u00e9 n\u00e1v\u0161t\u011bv\u011b Fordu v Kol\u00edn\u011b nad R\u00fdnem uji\u0161\u0165oval, \u017ee N\u011bmecko z\u016fstane centrem pr\u016fmyslu.<\/strong><\/p>\n<p class=\"c_a4 g_gM speakable\" data-dot=\"ogm-article-perex\"><!--more--><\/p>\n<div class=\"_6231b388c0086990921bf42b ogm-container\">\n<div class=\"g_gY\" data-e2e=\"ogm-article-layout\">\n<article class=\"g_g-\" role=\"article\" aria-labelledby=\"accessibility-article\">\n<div class=\"g_gZ\" data-dot=\"ogm-article-content\">\n<div class=\"e_ei e_et\">\n<div class=\"e_a4 speakable\" data-dot=\"mol-paragraph\">\n<p class=\"c_a4\"><span class=\"c_eG\">Jak upozornil m\u00edstn\u00ed magaz\u00edn <a class=\"c_at\" href=\"https:\/\/www.ksta.de\/wirtschaft\/ford-werk-in-koeln-krise-auto-kurzarbeit-1-897328\" target=\"_blank\" rel=\"noopener\" data-dot=\"atm-link\">K\u00f6lner Stadt-Anzeiger<\/a>, automobilka se chyst\u00e1 v\u00a0z\u00e1vod\u011b zkr\u00e1tit pracovn\u00ed sm\u011bny a\u00a0po\u017e\u00e1dala vl\u00e1du o\u00a0do\u010dasn\u00e9 zaveden\u00ed st\u0159\u00eddav\u00fdch t\u00fddenn\u00edch pracovn\u00edch sm\u011bn a\u017e do konce roku.<\/span><\/p>\n<\/div>\n<div class=\"e_a4 speakable\" data-dot=\"mol-paragraph\">\n<p class=\"c_a4\"><span class=\"c_eG\">Zam\u011bstnance tak \u010dek\u00e1 st\u0159\u00edd\u00e1n\u00ed t\u00fddne pr\u00e1ce a t\u00fddne volna, co\u017e mus\u00ed b\u00fdt pro automobilku velmi nep\u0159\u00edjemn\u00e9, obzvl\u00e1\u0161\u0165 s ohledem na investici ve v\u00fd\u0161i dvou miliard dolar\u016f, kter\u00e1 m\u011bla tov\u00e1rnu p\u0159ipravit na produkci elektrick\u00fdch aut kv\u016fli o\u010dek\u00e1van\u00e9 vysok\u00e9 popt\u00e1vce. Jen\u017ee ta se bohu\u017eel nedostavila.<\/span><\/p>\n<p class=\"c_a4\"><span class=\"c_eG\">\u201eM\u016f\u017eeme potvrdit, \u017ee Ford po\u017e\u00e1d\u00e1 Feder\u00e1ln\u00ed \u00fa\u0159ad pr\u00e1ce o zkr\u00e1cen\u00fd pracovn\u00ed \u00favazek kv\u016fli rychle se zhor\u0161uj\u00edc\u00edm podm\u00ednk\u00e1m na trhu s elektromobily,\u201c uvedla na dotaz mluv\u010d\u00ed Fordu. \u201eV\u00fdrazn\u011b ni\u017e\u0161\u00ed ne\u017e o\u010dek\u00e1van\u00e1 popt\u00e1vka po elektromobilech, zejm\u00e9na v N\u011bmecku, vy\u017eaduje do\u010dasnou \u00fapravu objemu v\u00fdroby.\u201c<\/span><\/p>\n<\/div>\n<figure class=\"e_bA\" aria-label=\"Galerie Elektrick\u00fd Ford Explorer\" data-dot=\"mol-figure\" data-dot-data=\"{&quot;mediaItemType&quot;:&quot;foto&quot;}\"><\/figure>\n<div class=\"e_a4 speakable\" data-dot=\"mol-paragraph\">\n<p class=\"c_a4\"><span class=\"c_eG\">Podle materi\u00e1l\u016f, kter\u00e9 K\u00f6lner Stadt-Anzeiger z\u00edskal, vyr\u00e1b\u00ed z\u00e1vod mnohem v\u00edc elektromobil\u016f, ne\u017e je schopen prodat. Ur\u010dit\u00e9 formy omezen\u00ed produkce se tak o\u010dek\u00e1vaj\u00ed i\u00a0v prvn\u00edm \u010dtvrtlet\u00ed roku 2025, p\u0159i\u010dem\u017e denn\u00ed v\u00fdroba by m\u011bla klesnout z\u00a0630\u00a0na 480\u00a0voz\u016f.<\/span><\/p>\n<\/div>\n<div class=\"e_a4 speakable\" data-dot=\"mol-paragraph\">\n<p class=\"c_a4\"><span class=\"c_eG\">N\u00edzk\u00fd z\u00e1jem o\u00a0elektromobily v\u00a0Evrop\u011b, a\u00a0zejm\u00e9na v\u00a0N\u011bmecku, je p\u0159i\u010d\u00edt\u00e1n n\u011bkolika faktor\u016fm, jako je konec dotac\u00ed na jejich po\u0159\u00edzen\u00ed, ned\u016fv\u011bra z\u00e1kazn\u00edk\u016f i\u00a0st\u00e1le \u010dast\u011bj\u0161\u00ed debaty o\u00a0zru\u0161en\u00ed pl\u00e1novan\u00e9ho z\u00e1kazu prodeje nov\u00fdch vozidel se spalovac\u00edmi motory v\u00a0roce 2035.\u00a0Nez\u00e1jem o\u00a0elektromobily p\u0159itom netr\u00e1p\u00ed pouze zna\u010dku Ford, ale tak\u00e9 ostatn\u00ed evropsk\u00e9 automobilky.<\/span><\/p>\n<p><strong>Kancl\u00e9\u0159 Scholz uklid\u0148uje situaci<\/strong><\/p>\n<p>\u201eN\u011bmecko je pr\u016fmyslov\u00fdm centrem a z\u016fstane j\u00edm i nad\u00e1le,\u201c \u0159ekl Scholz, kter\u00fd se v \u00fanorov\u00fdch p\u0159ed\u010dasn\u00fdch volb\u00e1ch bude uch\u00e1zet o znovuzvolen\u00ed. Sch\u016fze s veden\u00edm firmy a kancl\u00e9\u0159em se z\u00fa\u010dastnilo zhruba 8 000 z celkov\u00fdch asi 12 000 zam\u011bstnanc\u016f.<\/p>\n<p><strong>Zdroj: novinky.cz, idnes.cz<br \/>\n<\/strong><\/p>\n<\/div>\n<\/div>\n<\/div>\n<\/article>\n<\/div>\n<\/div>\n","protected":false},"excerpt":{"rendered":"<p>Kol\u00ednsk\u00e1 tov\u00e1rna Fordu omezuje produkci \u010dist\u011b elektrick\u00fdch model\u016f Ford Explorer a Capri. O elektromobily v&#8230;<\/p>\n","protected":false},"author":1,"featured_media":4458,"comment_status":"closed","ping_status":"closed","sticky":false,"template":"","format":"standard","meta":{"footnotes":""},"categories":[9,91,31,18],"tags":[],"class_list":["post-9660","post","type-post","status-publish","format-standard","has-post-thumbnail","hentry","category-elektromobily","category-nekrolog","category-news","category-vyroba"],"_links":{"self":[{"href":"https:\/\/www.automakers.cz\/index.php?rest_route=\/wp\/v2\/posts\/9660","targetHints":{"allow":["GET"]}}],"collection":[{"href":"https:\/\/www.automakers.cz\/index.php?rest_route=\/wp\/v2\/posts"}],"about":[{"href":"https:\/\/www.automakers.cz\/index.php?rest_route=\/wp\/v2\/types\/post"}],"author":[{"embeddable":true,"href":"https:\/\/www.automakers.cz\/index.php?rest_route=\/wp\/v2\/users\/1"}],"replies":[{"embeddable":true,"href":"https:\/\/www.automakers.cz\/index.php?rest_route=%2Fwp%2Fv2%2Fcomments&post=9660"}],"version-history":[{"count":5,"href":"https:\/\/www.automakers.cz\/index.php?rest_route=\/wp\/v2\/posts\/9660\/revisions"}],"predecessor-version":[{"id":9666,"href":"https:\/\/www.automakers.cz\/index.php?rest_route=\/wp\/v2\/posts\/9660\/revisions\/9666"}],"wp:featuredmedia":[{"embeddable":true,"href":"https:\/\/www.automakers.cz\/index.php?rest_route=\/wp\/v2\/media\/4458"}],"wp:attachment":[{"href":"https:\/\/www.automakers.cz\/index.php?rest_route=%2Fwp%2Fv2%2Fmedia&parent=9660"}],"wp:term":[{"taxonomy":"category","embeddable":true,"href":"https:\/\/www.automakers.cz\/index.php?rest_route=%2Fwp%2Fv2%2Fcategories&post=9660"},{"taxonomy":"post_tag","embeddable":true,"href":"https:\/\/www.automakers.cz\/index.php?rest_route=%2Fwp%2Fv2%2Ftags&post=9660"}],"curies":[{"name":"wp","href":"https:\/\/api.w.org\/{rel}","templated":true}]}}