{"id":9693,"date":"2024-12-13T10:36:16","date_gmt":"2024-12-13T10:36:16","guid":{"rendered":"https:\/\/www.automakers.cz\/?p=9693"},"modified":"2024-12-20T09:45:27","modified_gmt":"2024-12-20T09:45:27","slug":"autowallis-group-ovladla-stratos-auto","status":"publish","type":"post","link":"https:\/\/www.automakers.cz\/?p=9693","title":{"rendered":"AutoWallis Group ovl\u00e1dla NC Auto"},"content":{"rendered":"<p><strong>Mezin\u00e1rodn\u00ed skupina AutoWallis Group dokon\u010dila akvizici 80% pod\u00edlu v autorizovan\u00e9m dealerstv\u00ed NC Auto, pod kter\u00e9 spadaj\u00ed t\u0159i prodejn\u00ed m\u00edsta, a to v Praze, Hradci Kr\u00e1lov\u00e9 a Pardubic\u00edch. <\/strong><strong>V r\u00e1mci transakce pro\u0161ly v\u0161echny t\u0159i salony rebrandingem a nyn\u00ed nesou n\u00e1zev BMW AutoWallis.<\/strong><!--more--><\/p>\n<p>Tento strategick\u00fd krok je sou\u010d\u00e1st\u00ed expanzivn\u00ed strategie skupiny, je\u017e v sou\u010dasnosti p\u016fsob\u00ed v 16 zem\u00edch st\u0159edn\u00ed a v\u00fdchodn\u00ed Evropy.<\/p>\n<p><img loading=\"lazy\" decoding=\"async\" class=\"alignnone size-medium wp-image-9700\" src=\"http:\/\/www.automakers.cz\/wp-content\/uploads\/2024\/12\/Wallis-brana-900x506.jpg\" alt=\"\" width=\"900\" height=\"506\" srcset=\"https:\/\/www.automakers.cz\/wp-content\/uploads\/2024\/12\/Wallis-brana-900x506.jpg 900w, https:\/\/www.automakers.cz\/wp-content\/uploads\/2024\/12\/Wallis-brana-1024x576.jpg 1024w, https:\/\/www.automakers.cz\/wp-content\/uploads\/2024\/12\/Wallis-brana-768x432.jpg 768w, https:\/\/www.automakers.cz\/wp-content\/uploads\/2024\/12\/Wallis-brana-1536x864.jpg 1536w, https:\/\/www.automakers.cz\/wp-content\/uploads\/2024\/12\/Wallis-brana-1280x720.jpg 1280w, https:\/\/www.automakers.cz\/wp-content\/uploads\/2024\/12\/Wallis-brana.jpg 2040w\" sizes=\"auto, (max-width: 900px) 100vw, 900px\" \/>Ta vstoupila na \u010desk\u00fd trh u\u017e v roce 2019 jako soukrom\u00fd import\u00e9r jihokorejsk\u00e9 zna\u010dky SsangYong, specializuj\u00edc\u00ed se na SUV, a od t\u00e9 doby se vypracovala na jednoho z p\u0159edn\u00edch poskytovatel\u016f integrovan\u00fdch slu\u017eeb v oblasti prodeje automobil\u016f a mobility ve st\u0159edn\u00ed a v\u00fdchodn\u00ed Evrop\u011b. Po \u00fasp\u011b\u0161n\u00e9m dokon\u010den\u00ed akvizice nyn\u00ed BMW AutoWallis vlastn\u00ed 13% pod\u00edl na prodeji voz\u016f BMW v \u010cesk\u00e9 republice.<\/p>\n<p>D\u00edky p\u0159ejmenov\u00e1n\u00ed na BMW AutoWallis se t\u0159i \u010desk\u00e9 showroomy a servisy za\u010dle\u0148uj\u00ed do retailov\u00e9 s\u00edt\u011b, kter\u00e1 od roku 1994 zahrnuje i prvn\u00ed a nejv\u011bt\u0161\u00ed dealerstv\u00ed BMW v Ma\u010farsku a v\u00fdznamn\u00e9 dealerstv\u00ed BMW ve Slovinsku.<\/p>\n<p><strong>Dealerstv\u00edm \u0161\u00e9fuje Daniel Harant<\/strong><\/p>\n<p>Gener\u00e1ln\u00edm \u0159editel BMW AutoWallis Praha, Hradec Kr\u00e1lov\u00e9 a Pardubice byl jmenov\u00e1n Daniel Harant, zn\u00e1m\u00fd z p\u0159edchoz\u00edch mana\u017eersk\u00fdch anga\u017em\u00e1 v Porsche \u010cR a Inveltu. \u201eNov\u00fd vlastn\u00edk p\u0159in\u00e1\u0161\u00ed odbornost a mezin\u00e1rodn\u00ed zku\u0161enosti, kter\u00e9 zaru\u010duj\u00ed, \u017ee klienti na\u0161ich t\u0159\u00ed showroom\u016f se mohou t\u011b\u0161it na z\u00e1kaznick\u00fd je\u0161t\u011b vy\u0161\u0161\u00ed \u00farovn\u011b a kvality,\u201c \u0159ekl Harant novin\u00e1\u0159\u016fm na slavnostn\u00edm openingu rebrandovan\u00e9hbo showroomu. <em><br \/>\n<\/em><\/p>\n<p><img loading=\"lazy\" decoding=\"async\" class=\"alignnone size-medium wp-image-9699\" src=\"http:\/\/www.automakers.cz\/wp-content\/uploads\/2024\/12\/Wallis-Harant-900x506.jpg\" alt=\"\" width=\"900\" height=\"506\" srcset=\"https:\/\/www.automakers.cz\/wp-content\/uploads\/2024\/12\/Wallis-Harant-900x506.jpg 900w, https:\/\/www.automakers.cz\/wp-content\/uploads\/2024\/12\/Wallis-Harant-1024x576.jpg 1024w, https:\/\/www.automakers.cz\/wp-content\/uploads\/2024\/12\/Wallis-Harant-768x432.jpg 768w, https:\/\/www.automakers.cz\/wp-content\/uploads\/2024\/12\/Wallis-Harant-1536x864.jpg 1536w, https:\/\/www.automakers.cz\/wp-content\/uploads\/2024\/12\/Wallis-Harant-1280x720.jpg 1280w, https:\/\/www.automakers.cz\/wp-content\/uploads\/2024\/12\/Wallis-Harant.jpg 2040w\" sizes=\"auto, (max-width: 900px) 100vw, 900px\" \/><strong>AutoWallis Group<\/strong><\/p>\n<p>Skupina AutoWallis je v\u00fdznamnou automobilovou spole\u010dnost\u00ed ve st\u0159edn\u00ed a v\u00fdchodn\u00ed Evrop\u011b, p\u016fsob\u00edc\u00ed v 16 zem\u00edch v\u010detn\u011b \u010cesk\u00e9 republiky. Jej\u00ed aktivity zahrnuj\u00ed maloobchodn\u00ed a velkoobchodn\u00ed prodej vozidel, n\u00e1hradn\u00edch d\u00edl\u016f, servis a \u0159e\u0161en\u00ed mobility, jako je carsharing, spr\u00e1va vozov\u00fdch park\u016f, pron\u00e1jem vozidel a zastupov\u00e1n\u00ed 24 renomovan\u00fdch automobilov\u00fdch zna\u010dek, mezi kter\u00e9 pat\u0159\u00ed nap\u0159\u00edklad BMW, Jaguar, Land Rover, SsangYong, Opel, BYD, Renault, Dacia, Alpine a dal\u0161\u00ed.<\/p>\n<p>V roce 2023 dos\u00e1hla skupina p\u0159\u00edjm\u016f ve v\u00fd\u0161i 366,3 miliard forint\u016f (23,5 miliard K\u010d) a provozn\u00edho zisku 15,3 miliard forint\u016f (980 milion\u016f K\u010d). AutoWallis stav\u00ed na tradi\u010dn\u00edch hodnot\u00e1ch a zodpov\u011bdn\u00e9m p\u0159\u00edstupu k soci\u00e1ln\u00edm a environment\u00e1ln\u00edm v\u00fdzv\u00e1m, p\u0159i\u010dem\u017e neust\u00e1le roz\u0161i\u0159uje sv\u00e9 portfolio akvizic a slu\u017eeb. Skupina AutoWallis se zavazuje poskytovat sv\u00fdm z\u00e1kazn\u00edk\u016fm svobodu mobility jako dlouhodob\u00fd partner s v\u00fdjime\u010dn\u00fdmi zna\u010dkami a \u0159e\u0161en\u00edmi v automobilov\u00e9m pr\u016fmyslu.<\/p>\n<p><strong>Erich Handl, TK Auto Wallis, Kl\u00ed\u010dov; <\/strong><strong>FOTO: BMW a Erich Handl<\/strong><\/p>\n<p><img loading=\"lazy\" decoding=\"async\" class=\"alignnone size-medium wp-image-9698\" src=\"http:\/\/www.automakers.cz\/wp-content\/uploads\/2024\/12\/Wallis-kolaz-900x900.jpg\" alt=\"\" width=\"900\" height=\"900\" srcset=\"https:\/\/www.automakers.cz\/wp-content\/uploads\/2024\/12\/Wallis-kolaz-900x900.jpg 900w, https:\/\/www.automakers.cz\/wp-content\/uploads\/2024\/12\/Wallis-kolaz-1024x1024.jpg 1024w, https:\/\/www.automakers.cz\/wp-content\/uploads\/2024\/12\/Wallis-kolaz-768x768.jpg 768w, https:\/\/www.automakers.cz\/wp-content\/uploads\/2024\/12\/Wallis-kolaz.jpg 1080w\" sizes=\"auto, (max-width: 900px) 100vw, 900px\" \/><\/p>\n<p>&nbsp;<\/p>\n<table role=\"presentation\" border=\"0\" cellspacing=\"0\" cellpadding=\"0\" align=\"center\">\n<tbody>\n<tr>\n<td>\n<div>\n<table role=\"presentation\" border=\"0\" cellspacing=\"0\" cellpadding=\"0\" align=\"center\">\n<tbody>\n<tr>\n<td>\n<div class=\"mj-column-per-100 outlook-group-fix\">\n<table role=\"presentation\" border=\"0\" width=\"100%\" cellspacing=\"0\" cellpadding=\"0\">\n<tbody>\n<tr>\n<td align=\"left\"><\/td>\n<\/tr>\n<\/tbody>\n<\/table>\n<\/div>\n<\/td>\n<\/tr>\n<\/tbody>\n<\/table>\n<\/div>\n<\/td>\n<\/tr>\n<\/tbody>\n<\/table>\n<table role=\"presentation\" border=\"0\" cellspacing=\"0\" cellpadding=\"0\" align=\"center\">\n<tbody>\n<tr>\n<td>\n<div>\n<table role=\"presentation\" border=\"0\" cellspacing=\"0\" cellpadding=\"0\" align=\"center\">\n<tbody>\n<tr>\n<td>\n<div class=\"mj-column-per-100 outlook-group-fix\">\n<table role=\"presentation\" border=\"0\" width=\"100%\" cellspacing=\"0\" cellpadding=\"0\">\n<tbody>\n<tr>\n<td align=\"left\"><\/td>\n<\/tr>\n<\/tbody>\n<\/table>\n<\/div>\n<\/td>\n<\/tr>\n<\/tbody>\n<\/table>\n<\/div>\n<\/td>\n<\/tr>\n<\/tbody>\n<\/table>\n<div>\n<table role=\"presentation\" border=\"0\" cellspacing=\"0\" cellpadding=\"0\" align=\"center\">\n<tbody>\n<tr>\n<td><\/td>\n<\/tr>\n<\/tbody>\n<\/table>\n<\/div>\n","protected":false},"excerpt":{"rendered":"<p>Mezin\u00e1rodn\u00ed skupina AutoWallis Group dokon\u010dila akvizici 80% pod\u00edlu v autorizovan\u00e9m dealerstv\u00ed NC Auto, pod kter\u00e9&#8230;<\/p>\n","protected":false},"author":1,"featured_media":9695,"comment_status":"closed","ping_status":"closed","sticky":false,"template":"","format":"standard","meta":{"footnotes":""},"categories":[17,3,6],"tags":[],"class_list":["post-9693","post","type-post","status-publish","format-standard","has-post-thumbnail","hentry","category-dealeri","category-investice","category-management"],"_links":{"self":[{"href":"https:\/\/www.automakers.cz\/index.php?rest_route=\/wp\/v2\/posts\/9693","targetHints":{"allow":["GET"]}}],"collection":[{"href":"https:\/\/www.automakers.cz\/index.php?rest_route=\/wp\/v2\/posts"}],"about":[{"href":"https:\/\/www.automakers.cz\/index.php?rest_route=\/wp\/v2\/types\/post"}],"author":[{"embeddable":true,"href":"https:\/\/www.automakers.cz\/index.php?rest_route=\/wp\/v2\/users\/1"}],"replies":[{"embeddable":true,"href":"https:\/\/www.automakers.cz\/index.php?rest_route=%2Fwp%2Fv2%2Fcomments&post=9693"}],"version-history":[{"count":6,"href":"https:\/\/www.automakers.cz\/index.php?rest_route=\/wp\/v2\/posts\/9693\/revisions"}],"predecessor-version":[{"id":9869,"href":"https:\/\/www.automakers.cz\/index.php?rest_route=\/wp\/v2\/posts\/9693\/revisions\/9869"}],"wp:featuredmedia":[{"embeddable":true,"href":"https:\/\/www.automakers.cz\/index.php?rest_route=\/wp\/v2\/media\/9695"}],"wp:attachment":[{"href":"https:\/\/www.automakers.cz\/index.php?rest_route=%2Fwp%2Fv2%2Fmedia&parent=9693"}],"wp:term":[{"taxonomy":"category","embeddable":true,"href":"https:\/\/www.automakers.cz\/index.php?rest_route=%2Fwp%2Fv2%2Fcategories&post=9693"},{"taxonomy":"post_tag","embeddable":true,"href":"https:\/\/www.automakers.cz\/index.php?rest_route=%2Fwp%2Fv2%2Ftags&post=9693"}],"curies":[{"name":"wp","href":"https:\/\/api.w.org\/{rel}","templated":true}]}}