{"id":9720,"date":"2024-12-15T10:42:35","date_gmt":"2024-12-15T10:42:35","guid":{"rendered":"https:\/\/www.automakers.cz\/?p=9720"},"modified":"2024-12-16T16:48:38","modified_gmt":"2024-12-16T16:48:38","slug":"skoda-mela-vanocni-setkani-s-medii-v-gramu","status":"publish","type":"post","link":"https:\/\/www.automakers.cz\/?p=9720","title":{"rendered":"\u0160koda v\u00e1no\u010dn\u011b rozj\u00edmala s m\u00e9dii v Gramu"},"content":{"rendered":"<p><strong>\u0160kodovka ani letos nevynechala tradi\u010dn\u00ed p\u0159edv\u00e1no\u010dn\u00ed setk\u00e1n\u00ed mana\u017eer\u016f zna\u010dky se z\u00e1stupci m\u00e9di\u00ed. Novin\u00e1\u0159i letos rozj\u00edmali spole\u010dn\u011b s PR t\u00fdmem automobilky ve vinohradsk\u00e9m restaurantu Gram.<\/strong><!--more--><\/p>\n<p>Hosty akce p\u0159iv\u00edtal \u0161\u00e9f komunikace zna\u010dky Tom\u00e1\u0161 Kotera: &#8222;Je za n\u00e1mi obt\u00ed\u017en\u00fd rok, \u0159ada automobilek se pot\u00fdkala s probl\u00e9my. \u0160koda Auto ale navzdory tomu p\u0159edstavila \u0159adu novinek, posledn\u00ed z na\u0161ich premi\u00e9r bylo uveden\u00ed elektromobilu Elroq na evropsk\u00fd trh.\u00a0 To v\u0161e by nebylo mo\u017en\u00e9 bez korektn\u00ed spolupr\u00e1ce s m\u00e9dii, r\u00e1d bych pod\u011bkoval jm\u00e9nem cel\u00e9ho odd\u011blen\u00ed komunikace firmy novin\u00e1\u0159\u016fm za celoro\u010dn\u00ed spolupr\u00e1ci,&#8220; \u0159ekl Kotera, kter\u00fd p\u0159i d\u011bkova\u010dce nezapomn\u011bl ani na sv\u00e9 spolupracovn\u00edky.<\/p>\n<p><img loading=\"lazy\" decoding=\"async\" class=\"alignnone size-medium wp-image-9723\" src=\"http:\/\/www.automakers.cz\/wp-content\/uploads\/2024\/12\/Skoda-Gram-Kotera-Elroq-900x506.jpg\" alt=\"\" width=\"900\" height=\"506\" srcset=\"https:\/\/www.automakers.cz\/wp-content\/uploads\/2024\/12\/Skoda-Gram-Kotera-Elroq-900x506.jpg 900w, https:\/\/www.automakers.cz\/wp-content\/uploads\/2024\/12\/Skoda-Gram-Kotera-Elroq-1024x576.jpg 1024w, https:\/\/www.automakers.cz\/wp-content\/uploads\/2024\/12\/Skoda-Gram-Kotera-Elroq-768x432.jpg 768w, https:\/\/www.automakers.cz\/wp-content\/uploads\/2024\/12\/Skoda-Gram-Kotera-Elroq-1536x864.jpg 1536w, https:\/\/www.automakers.cz\/wp-content\/uploads\/2024\/12\/Skoda-Gram-Kotera-Elroq-1280x720.jpg 1280w, https:\/\/www.automakers.cz\/wp-content\/uploads\/2024\/12\/Skoda-Gram-Kotera-Elroq.jpg 2040w\" sizes=\"auto, (max-width: 900px) 100vw, 900px\" \/>PR t\u00fdm \u0160kodovky letos nezah\u00e1lel. Uspo\u0159\u00e1dal hned n\u011bkolik evropsk\u00fdch premi\u00e9r nov\u00fdch model\u016f, t\u00e9m\u011b\u0159 denn\u011b produkoval alespo\u0148 jednu tiskovou zpr\u00e1vu. Jen na port\u00e1lu AUTOmakers.cz m\u00e1 letos zna\u010dka t\u00e9m\u011b\u0159 200 v\u00fdstup\u016f.<\/p>\n<p><strong>T\u0159i tov\u00e1rny, CSR i motorsport<\/strong><\/p>\n<p>Do kompetence tiskov\u00e9ho odd\u011blen\u00ed \u0160kody pat\u0159\u00ed krom\u011b produktov\u00fdch a korpor\u00e1tn\u00edch novinek tak\u00e9 komunikace aktivit t\u0159ech tov\u00e1ren (Mlad\u00e1 Boleslav, Kvasiny, Vrchlab\u00ed),\u00a0 CSR aktivity nebo nap\u0159\u00edklad motorsport.<\/p>\n<p>Zapomenout nesm\u00edme ani na po\u010detnou novin\u00e1\u0159skou testovac\u00ed flotilu, kterou m\u00e1 u\u017e \u0159adu let na starosti <strong>Vladim\u00edr \u010c\u00e1p<\/strong> (uprost\u0159ed sn\u00edmku).<\/p>\n<p><img loading=\"lazy\" decoding=\"async\" class=\"alignnone size-medium wp-image-9729\" src=\"http:\/\/www.automakers.cz\/wp-content\/uploads\/2024\/12\/Skoda-Gram-Cap-Vondracek-Hanke-900x506.jpg\" alt=\"\" width=\"900\" height=\"506\" srcset=\"https:\/\/www.automakers.cz\/wp-content\/uploads\/2024\/12\/Skoda-Gram-Cap-Vondracek-Hanke-900x506.jpg 900w, https:\/\/www.automakers.cz\/wp-content\/uploads\/2024\/12\/Skoda-Gram-Cap-Vondracek-Hanke-1024x576.jpg 1024w, https:\/\/www.automakers.cz\/wp-content\/uploads\/2024\/12\/Skoda-Gram-Cap-Vondracek-Hanke-768x432.jpg 768w, https:\/\/www.automakers.cz\/wp-content\/uploads\/2024\/12\/Skoda-Gram-Cap-Vondracek-Hanke-1536x864.jpg 1536w, https:\/\/www.automakers.cz\/wp-content\/uploads\/2024\/12\/Skoda-Gram-Cap-Vondracek-Hanke-1280x720.jpg 1280w, https:\/\/www.automakers.cz\/wp-content\/uploads\/2024\/12\/Skoda-Gram-Cap-Vondracek-Hanke.jpg 2040w\" sizes=\"auto, (max-width: 900px) 100vw, 900px\" \/><strong>Erich Handl, GRAM Vinohrady<\/strong><\/p>\n<p><img loading=\"lazy\" decoding=\"async\" class=\"alignnone size-medium wp-image-9725\" src=\"http:\/\/www.automakers.cz\/wp-content\/uploads\/2024\/12\/Skoda-Gram-Kotera-Handl-900x506.jpg\" alt=\"\" width=\"900\" height=\"506\" srcset=\"https:\/\/www.automakers.cz\/wp-content\/uploads\/2024\/12\/Skoda-Gram-Kotera-Handl-900x506.jpg 900w, https:\/\/www.automakers.cz\/wp-content\/uploads\/2024\/12\/Skoda-Gram-Kotera-Handl-1024x576.jpg 1024w, https:\/\/www.automakers.cz\/wp-content\/uploads\/2024\/12\/Skoda-Gram-Kotera-Handl-768x432.jpg 768w, https:\/\/www.automakers.cz\/wp-content\/uploads\/2024\/12\/Skoda-Gram-Kotera-Handl-1536x864.jpg 1536w, https:\/\/www.automakers.cz\/wp-content\/uploads\/2024\/12\/Skoda-Gram-Kotera-Handl-1280x720.jpg 1280w, https:\/\/www.automakers.cz\/wp-content\/uploads\/2024\/12\/Skoda-Gram-Kotera-Handl.jpg 2040w\" sizes=\"auto, (max-width: 900px) 100vw, 900px\" \/><\/p>\n<p>&nbsp;<\/p>\n","protected":false},"excerpt":{"rendered":"<p>\u0160kodovka ani letos nevynechala tradi\u010dn\u00ed p\u0159edv\u00e1no\u010dn\u00ed setk\u00e1n\u00ed mana\u017eer\u016f zna\u010dky se z\u00e1stupci m\u00e9di\u00ed. Novin\u00e1\u0159i letos rozj\u00edmali&#8230;<\/p>\n","protected":false},"author":1,"featured_media":9703,"comment_status":"closed","ping_status":"closed","sticky":false,"template":"","format":"standard","meta":{"footnotes":""},"categories":[26,49,21,72],"tags":[],"class_list":["post-9720","post","type-post","status-publish","format-standard","has-post-thumbnail","hentry","category-eventy","category-media","category-pr","category-reportaz"],"_links":{"self":[{"href":"https:\/\/www.automakers.cz\/index.php?rest_route=\/wp\/v2\/posts\/9720","targetHints":{"allow":["GET"]}}],"collection":[{"href":"https:\/\/www.automakers.cz\/index.php?rest_route=\/wp\/v2\/posts"}],"about":[{"href":"https:\/\/www.automakers.cz\/index.php?rest_route=\/wp\/v2\/types\/post"}],"author":[{"embeddable":true,"href":"https:\/\/www.automakers.cz\/index.php?rest_route=\/wp\/v2\/users\/1"}],"replies":[{"embeddable":true,"href":"https:\/\/www.automakers.cz\/index.php?rest_route=%2Fwp%2Fv2%2Fcomments&post=9720"}],"version-history":[{"count":8,"href":"https:\/\/www.automakers.cz\/index.php?rest_route=\/wp\/v2\/posts\/9720\/revisions"}],"predecessor-version":[{"id":9733,"href":"https:\/\/www.automakers.cz\/index.php?rest_route=\/wp\/v2\/posts\/9720\/revisions\/9733"}],"wp:featuredmedia":[{"embeddable":true,"href":"https:\/\/www.automakers.cz\/index.php?rest_route=\/wp\/v2\/media\/9703"}],"wp:attachment":[{"href":"https:\/\/www.automakers.cz\/index.php?rest_route=%2Fwp%2Fv2%2Fmedia&parent=9720"}],"wp:term":[{"taxonomy":"category","embeddable":true,"href":"https:\/\/www.automakers.cz\/index.php?rest_route=%2Fwp%2Fv2%2Fcategories&post=9720"},{"taxonomy":"post_tag","embeddable":true,"href":"https:\/\/www.automakers.cz\/index.php?rest_route=%2Fwp%2Fv2%2Ftags&post=9720"}],"curies":[{"name":"wp","href":"https:\/\/api.w.org\/{rel}","templated":true}]}}