{"id":9749,"date":"2024-12-17T07:50:02","date_gmt":"2024-12-17T07:50:02","guid":{"rendered":"https:\/\/www.automakers.cz\/?p=9749"},"modified":"2024-12-18T10:15:12","modified_gmt":"2024-12-18T10:15:12","slug":"vw-zacalo-dalsi-kolo-jednani-sefu-s-odbory","status":"publish","type":"post","link":"https:\/\/www.automakers.cz\/?p=9749","title":{"rendered":"VW: za\u010dalo dal\u0161\u00ed kolo jedn\u00e1n\u00ed s odbory"},"content":{"rendered":"<p class=\"big\"><strong>Mana\u017ee\u0159i koncernu Volkswagen a odbor\u016f IG Metall zah\u00e1jili dal\u0161\u00ed kolo jedn\u00e1n\u00ed, na kter\u00fdch cht\u011bj\u00ed naj\u00edt kompromis ve sporu o chystan\u00e9 sni\u017eov\u00e1n\u00ed mezd, propou\u0161t\u011bn\u00ed a mo\u017en\u00e9 uzav\u00edr\u00e1n\u00ed z\u00e1vod\u016f v N\u011bmecku. Jednat budou do \u00faterka v Hannoveru, c\u00edlem je dos\u00e1hnout dohody do V\u00e1noc.<\/strong><!--more--><\/p>\n<p class=\"big\">Pozice jednotliv\u00fdch stran jsou ale zat\u00edm st\u00e1le hodn\u011b vzd\u00e1len\u00e9. Odbor\u00e1\u0159i v uplynul\u00fdch dvou t\u00fddnech sv\u00e9 po\u017eadavky podpo\u0159ili dv\u011bma v\u00fdstra\u017en\u00fdmi st\u00e1vkami.<\/p>\n<p class=\"big\">Veden\u00ed koncernu Volkswagen tvrd\u00ed, \u017ee kv\u016fli s\u00edl\u00edc\u00ed konkurenci, p\u0159edev\u0161\u00edm v Asii, a z\u00e1rove\u0148 klesaj\u00edc\u00ed popt\u00e1vce mus\u00ed p\u0159ijmout \u00fasporn\u00e1 opat\u0159en\u00ed. Avizovalo mimo jin\u00e9 sni\u017eov\u00e1n\u00ed mezd o deset procent, propou\u0161t\u011bn\u00ed a nevylou\u010dilo ani uzav\u0159en\u00ed n\u011bkter\u00fdch z\u00e1vod\u016f zna\u010dky Volkswagen v N\u011bmecku. Odbor\u00e1\u0159i tvrd\u00ed, \u017ee firmu do krize dostaly chyby mana\u017eer\u016f.<\/p>\n<p>Zam\u011bstnanci jsou podle odbor\u016f ochotni vzd\u00e1t se p\u0159\u00edpadn\u00e9ho zv\u00fd\u0161en\u00ed mezd, respektive by jim nevadilo, kdyby prost\u0159edky byly do\u010dasn\u011b p\u0159evedeny do takzvan\u00e9ho fondu budoucnosti. \u00daspory, kter\u00e9 navrhuj\u00ed odbor\u00e1\u0159i, ale podle veden\u00ed koncernu nesta\u010d\u00ed.<\/p>\n<p>Spor se t\u00fdk\u00e1 mezd p\u0159ibli\u017en\u011b 120.000 zam\u011bstnanc\u016f v z\u00e1vodech kmenov\u00e9 zna\u010dky Volkswagen v Doln\u00edm Sasku a Hesensku, kde plat\u00ed zvl\u00e1\u0161tn\u00ed dohoda o mzd\u00e1ch, a dal\u0161\u00edch 10.000 zam\u011bstnanc\u016f Volkswagenu v Sasku, jejich\u017e mzdy jsou rovn\u011b\u017e nav\u00e1z\u00e1ny na tuto dohodu.<\/p>\n<p><iframe loading=\"lazy\"  id=\"_ytid_13395\"  width=\"640\" height=\"360\"  data-origwidth=\"640\" data-origheight=\"360\" src=\"https:\/\/www.youtube.com\/embed\/NRSerIQSzIQ?enablejsapi=1&#038;autoplay=0&#038;cc_load_policy=0&#038;cc_lang_pref=&#038;iv_load_policy=1&#038;loop=0&#038;modestbranding=0&#038;rel=1&#038;fs=1&#038;playsinline=0&#038;autohide=2&#038;theme=dark&#038;color=red&#038;controls=1&#038;\" class=\"__youtube_prefs__  epyt-is-override  no-lazyload\" title=\"YouTube player\"  allow=\"accelerometer; autoplay; clipboard-write; encrypted-media; gyroscope; picture-in-picture\" allowfullscreen data-no-lazy=\"1\" data-skipgform_ajax_framebjll=\"\"><\/iframe><\/p>\n<p><strong>St\u00e1vkovalo 100 tis\u00edc zam\u011bstnanc\u016f<\/strong><\/p>\n<p>Na podporu vyjedn\u00e1vac\u00ed pozice odbor\u016f IG Metall vstoupily minul\u00e9 a p\u0159edminul\u00e9 pond\u011bl\u00ed do v\u00fdstra\u017en\u00e9 st\u00e1vky desetitis\u00edce zam\u011bstnanc\u016f Volkswagenu v dev\u00edti z deseti z\u00e1vod\u016f v N\u011bmecku. Pr\u00e1ci p\u0159eru\u0161ili pracovn\u00edci v\u017edy na n\u011bkolik hodin ve v\u0161ech sm\u011bn\u00e1ch. Podle odbor\u00e1\u0159\u016f se v obou p\u0159\u00edpadech z\u00fa\u010dastnilo st\u00e1vky zhruba 100.000 zam\u011bstnanc\u016f.<\/p>\n<div id=\"longArticleBan\">\n<div>\n<div id=\"PX_25244_335162348397731\">\n<div class=\"px-w-s25244 px_shown\" data-visible=\"0\">\n<div class=\"px-creative\" data-id=\"224882\">\n<div class=\"px_outstream25244\">\n<div class=\"px_outstream25244__wrap\">\n<div id=\"px_outstream25244__content\" data-px2-ifr=\"true\">Po \u010dtvrt\u00e9m kole jedn\u00e1n\u00ed minul\u00e9 pond\u011bl\u00ed vyjednava\u010di dohody nedos\u00e1hli, poprv\u00e9 ale hovo\u0159ili o konstruktivn\u00ed atmosf\u00e9\u0159e.<\/div>\n<div data-px2-ifr=\"true\"><\/div>\n<div data-px2-ifr=\"true\">&#8222;Jsme p\u0159ipraveni naj\u00edt shodu je\u0161t\u011b tento rok,&#8220; \u0159ekl p\u0159ed za\u010d\u00e1tkem dne\u0161n\u00edch jedn\u00e1n\u00ed oblastn\u00ed vyjednava\u010d IG Metall pro Doln\u00ed Sasko Thorsten Gr\u00f6ger. Z\u00e1rove\u0148 varoval, \u017ee pokud se nepoda\u0159\u00ed na dne\u0161n\u00edch a \u00fatern\u00edch jedn\u00e1n\u00edch dosp\u011bt k dohod\u011b, \u010dek\u00e1 firmu v p\u0159\u00ed\u0161t\u00edm roce &#8222;masivn\u00ed eskalace&#8220;.<\/div>\n<div data-px2-ifr=\"true\"><\/div>\n<div data-px2-ifr=\"true\">P\u0159edsedkyn\u011b zam\u011bstnaneck\u00e9 z\u00e1vodn\u00ed rady Daniela Cavallov\u00e1 p\u0159ed jedn\u00e1n\u00edm uvedla, \u017ee douf\u00e1 v dosa\u017een\u00ed kompromisu. &#8222;Nechceme nastoupit v\u00e1no\u010dn\u00ed dovolenou s touto nejistotou, s t\u00edmto strachem, jestli se bude propou\u0161t\u011bt, jestli se budou zav\u00edrat tov\u00e1rny,&#8220; uvedla. Tak\u00e9 z\u00e1stupce veden\u00ed koncernu Arne Meiswinkel \u0159ekl, \u017ee je pot\u0159eba naj\u00edt kompromis a \u017ee nen\u00ed mo\u017en\u00e9 &#8222;ztr\u00e1cet dal\u0161\u00ed \u010das&#8220;.<\/div>\n<\/div>\n<\/div>\n<\/div>\n<\/div>\n<\/div>\n<\/div>\n<\/div>\n<p>Do koncernu Volkswagen pat\u0159\u00ed i \u010desk\u00e1 automobilka \u0160koda Auto, kter\u00e9 se ale na rozd\u00edl od zna\u010dky Volkswagen da\u0159\u00ed. Na konci \u0159\u00edjna uvedla, \u017ee celosv\u011btov\u011b za t\u0159i \u010dtvrtlet\u00ed zv\u00fd\u0161ila meziro\u010dn\u011b v\u00fdrobu o 5,3 procenta na 780.500 voz\u016f. Vedouc\u00ed pl\u00e1nov\u00e1n\u00ed lidsk\u00fdch zdroj\u016f spole\u010dnosti \u0160koda Auto \u0160t\u011bp\u00e1n Lacina koncem listopadu tak\u00e9 \u0159ekl, \u017ee automobilka te\u010f nepl\u00e1nuje propou\u0161t\u011bn\u00ed kmenov\u00e9ho person\u00e1lu, sni\u017eov\u00e1n\u00ed stav\u016f se m\u00e1 t\u00fdkat pouze agenturn\u00edch pracovn\u00edk\u016f.<\/p>\n<p><strong>Zdroj: \u010cesk\u00e9 noviny<\/strong><\/p>\n","protected":false},"excerpt":{"rendered":"<p>Mana\u017ee\u0159i koncernu Volkswagen a odbor\u016f IG Metall zah\u00e1jili dal\u0161\u00ed kolo jedn\u00e1n\u00ed, na kter\u00fdch cht\u011bj\u00ed naj\u00edt&#8230;<\/p>\n","protected":false},"author":1,"featured_media":8398,"comment_status":"closed","ping_status":"closed","sticky":false,"template":"","format":"standard","meta":{"footnotes":""},"categories":[59,31,66,18],"tags":[],"class_list":["post-9749","post","type-post","status-publish","format-standard","has-post-thumbnail","hentry","category-automakers-tv","category-news","category-video","category-vyroba"],"_links":{"self":[{"href":"https:\/\/www.automakers.cz\/index.php?rest_route=\/wp\/v2\/posts\/9749","targetHints":{"allow":["GET"]}}],"collection":[{"href":"https:\/\/www.automakers.cz\/index.php?rest_route=\/wp\/v2\/posts"}],"about":[{"href":"https:\/\/www.automakers.cz\/index.php?rest_route=\/wp\/v2\/types\/post"}],"author":[{"embeddable":true,"href":"https:\/\/www.automakers.cz\/index.php?rest_route=\/wp\/v2\/users\/1"}],"replies":[{"embeddable":true,"href":"https:\/\/www.automakers.cz\/index.php?rest_route=%2Fwp%2Fv2%2Fcomments&post=9749"}],"version-history":[{"count":6,"href":"https:\/\/www.automakers.cz\/index.php?rest_route=\/wp\/v2\/posts\/9749\/revisions"}],"predecessor-version":[{"id":9761,"href":"https:\/\/www.automakers.cz\/index.php?rest_route=\/wp\/v2\/posts\/9749\/revisions\/9761"}],"wp:featuredmedia":[{"embeddable":true,"href":"https:\/\/www.automakers.cz\/index.php?rest_route=\/wp\/v2\/media\/8398"}],"wp:attachment":[{"href":"https:\/\/www.automakers.cz\/index.php?rest_route=%2Fwp%2Fv2%2Fmedia&parent=9749"}],"wp:term":[{"taxonomy":"category","embeddable":true,"href":"https:\/\/www.automakers.cz\/index.php?rest_route=%2Fwp%2Fv2%2Fcategories&post=9749"},{"taxonomy":"post_tag","embeddable":true,"href":"https:\/\/www.automakers.cz\/index.php?rest_route=%2Fwp%2Fv2%2Ftags&post=9749"}],"curies":[{"name":"wp","href":"https:\/\/api.w.org\/{rel}","templated":true}]}}