{"id":9754,"date":"2024-12-16T16:47:39","date_gmt":"2024-12-16T16:47:39","guid":{"rendered":"https:\/\/www.automakers.cz\/?p=9754"},"modified":"2024-12-16T16:47:39","modified_gmt":"2024-12-16T16:47:39","slug":"cupra-sponzorem-festivalu-berlinale","status":"publish","type":"post","link":"https:\/\/www.automakers.cz\/?p=9754","title":{"rendered":"CUPRA sponzorem festivalu Berlinale"},"content":{"rendered":"<p><strong>Zna\u010dka CUPRA spoj\u00ed s\u00edly s Berlinale a stane se nov\u00fdm hlavn\u00edm partnerem a ofici\u00e1ln\u00edm partnerem pro mobilitu 75. berl\u00ednsk\u00e9ho mezin\u00e1rodn\u00edho filmov\u00e9ho festivalu, kter\u00fd se uskute\u010dn\u00ed v \u00fanoru 2025. <\/strong><!--more--><\/p>\n<p>CUPRA poskytne organiz\u00e1tor\u016fm festivalu Berlinale od roku 2025 v r\u00e1mci nov\u011b uzav\u0159en\u00e9 smlouvy flotilu automobil\u016f. P\u0159epravu \u010destn\u00fdch host\u016f festivalu a filmov\u00fdch \u0161t\u00e1b\u016f na filmov\u00e9 premi\u00e9ry a doprovodn\u00e9 akce zajist\u00ed vozidla CUPRA s nulov\u00fdmi emisemi. CUPRA nav\u00edc spole\u010dn\u011b s festivalem Berlinale p\u0159iprav\u00ed novou verzi projektu The Dream Makers, kter\u00fd vyhled\u00e1v\u00e1 novou generaci filmov\u00fdch re\u017eis\u00e9r\u016f a producent\u016f.<\/p>\n<p>Nov\u00e9 pl\u00e1ny dokonale lad\u00ed s\u00a0duchem filmov\u00e9ho festivalu a jeho c\u00edlem objevovat nov\u00e9 talenty, oslovovat mlad\u00e9 div\u00e1ky a podporovat filmov\u00e9 tv\u016frce v\u0161ech \u017e\u00e1nr\u016f v\u00a0jejich snaze upoutat na sebe pozornost. Festival v\u00edt\u00e1 iniciativy, jako je tato spolupr\u00e1ce se zna\u010dkou CUPRA, s\u00a0c\u00edlem propojovat tradici osobit\u00e9 autorsk\u00e9 filmov\u00e9 tvorby s\u00a0modern\u00ed citlivost\u00ed podporuj\u00edc\u00ed inkluzi, udr\u017eitelnost a p\u0159\u00edb\u011bhy, v\u00a0nich\u017e se odr\u00e1\u017e\u00ed re\u00e1ln\u00fd \u017eivot sou\u010dasn\u00fdch div\u00e1k\u016f.<\/p>\n<p>\u201eCUPRA sd\u00edl\u00ed spole\u010dnou vizi s\u00a0novou \u00e9rou Berlinale: b\u00fdt podn\u011bcovatelem kreativity, zvl\u00e1\u0161t\u011b pak pro novou generaci. Toto partnerstv\u00ed bude pro zna\u010dku CUPRA od roku 2025 skv\u011blou p\u0159\u00edle\u017eitost\u00ed, d\u00edky n\u00ed\u017e bude moci i nad\u00e1le podporovat tv\u016fr\u010d\u00ed talent ve sv\u011bt\u011b filmu,\u201c\u00a0\u0159ekl Wayne Griffiths, p\u0159edseda p\u0159edstavenstva zna\u010dky CUPRA.<\/p>\n<p>\u201eCUPRA je mezin\u00e1rodn\u00ed zna\u010dkou, jej\u00ed\u017e motto je \u201azpochyb\u0148ov\u00e1n\u00ed statu quo\u2018. Z kulturn\u00edho hlediska je CUPRA pro Berlinale mimo\u0159\u00e1dn\u011b vhodn\u00fdm partnerem. T\u011b\u0161\u00edme se na spole\u010dn\u00e9 p\u016fsoben\u00ed,\u201c\u00a0poznamenala Tricia Tuttleov\u00e1, \u0159editelka Berlinale.<\/p>\n<p><strong>Neust\u00e1le se rozv\u00edjej\u00edc\u00ed festival<\/strong><\/p>\n<p>Berlinale je jedine\u010dn\u00fdm m\u00edstem pro um\u011bleck\u00fd v\u00fdzkum a z\u00e1bavu. B\u011bhem let se vyvinulo v\u00a0platformu pro mezikulturn\u00ed dialog a kinematografick\u00fd pr\u016fzkum. Berlinale je jedn\u00edm z\u00a0nejv\u011bt\u0161\u00edch ve\u0159ejn\u00fdch filmov\u00fdch festival\u016f na sv\u011bt\u011b, kter\u00fd ka\u017ed\u00fd rok p\u0159itahuje des\u00edtky tis\u00edc n\u00e1v\u0161t\u011bvn\u00edk\u016f z\u00a0cel\u00e9ho sv\u011bta.<\/p>\n<p>Jeden\u00e1ctidenn\u00ed \u00fanorov\u00e1 akce je pro filmov\u00fd pr\u016fmysl a m\u00e9dia tak\u00e9 jednou z\u00a0nejv\u00fdznamn\u011bj\u0161\u00edch akc\u00ed v\u00a0ka\u017edoro\u010dn\u00edm kalend\u00e1\u0159i, nepostradateln\u00fdm oborov\u00fdm f\u00f3rem a p\u0159ehl\u00eddkou etablovan\u00fdch hv\u011bzd i nov\u00fdch talent\u016f.<\/p>\n<p><strong>CUPRA podporuje mlad\u00e9 talenty v\u00a0oboru kinematografie<\/strong><\/p>\n<p>CUPRA novou alianc\u00ed je\u0161t\u011b v\u00edce roz\u0161\u00ed\u0159\u00ed sv\u00e9 zam\u011b\u0159en\u00ed na oblasti mimo automobilov\u00fd pr\u016fmysl a prohloub\u00ed sv\u00e9 spojen\u00ed se sv\u011btem kinematografie. Mezi ambasadory zna\u010dky CUPRA pat\u0159\u00ed proslul\u00fd hollywoodsk\u00fd herec Daniel Br\u00fchl a mezin\u00e1rodn\u011b oce\u0148ovan\u00fd \u0161pan\u011blsk\u00fd re\u017eis\u00e9r J.A. Bayona.<\/p>\n<p>V\u00a0kv\u011btnu 2024 spustila zna\u010dka CUPRA projekt The Dream Makers a ve spolupr\u00e1ci s katal\u00e1nskou filmovou a audiovizu\u00e1ln\u00ed \u0161kolou ESCAC (Escola Superior de Cinema i Audiovisuals de Catalunya) organizuje inovativn\u00ed sout\u011b\u017e, kter\u00e1 vychov\u00e1v\u00e1 a rozv\u00edj\u00ed nov\u00e9 filmov\u00e9 talenty. CUPRA je tak\u00e9 automobilov\u00fdm partnerem Filmov\u00e9ho festivalu Sitges, kter\u00fd je nejv\u00fdznamn\u011bj\u0161\u00ed kinematografickou akc\u00ed na sv\u011bt\u011b zam\u011b\u0159enou na fantastick\u00e9 a hororov\u00e9 filmy.<\/p>\n<p>Zdroj: CUPRA<\/p>\n<p><img loading=\"lazy\" decoding=\"async\" class=\"alignnone size-medium wp-image-9072\" src=\"http:\/\/www.automakers.cz\/wp-content\/uploads\/2024\/11\/CUPRA-Garage-Pruhonice-tma-900x600.jpg\" alt=\"\" width=\"900\" height=\"600\" \/><\/p>\n","protected":false},"excerpt":{"rendered":"<p>Zna\u010dka CUPRA spoj\u00ed s\u00edly s Berlinale a stane se nov\u00fdm hlavn\u00edm partnerem a ofici\u00e1ln\u00edm partnerem&#8230;<\/p>\n","protected":false},"author":2,"featured_media":9755,"comment_status":"closed","ping_status":"closed","sticky":false,"template":"","format":"standard","meta":{"footnotes":""},"categories":[26,29],"tags":[],"class_list":["post-9754","post","type-post","status-publish","format-standard","has-post-thumbnail","hentry","category-eventy","category-sponzoring"],"_links":{"self":[{"href":"https:\/\/www.automakers.cz\/index.php?rest_route=\/wp\/v2\/posts\/9754","targetHints":{"allow":["GET"]}}],"collection":[{"href":"https:\/\/www.automakers.cz\/index.php?rest_route=\/wp\/v2\/posts"}],"about":[{"href":"https:\/\/www.automakers.cz\/index.php?rest_route=\/wp\/v2\/types\/post"}],"author":[{"embeddable":true,"href":"https:\/\/www.automakers.cz\/index.php?rest_route=\/wp\/v2\/users\/2"}],"replies":[{"embeddable":true,"href":"https:\/\/www.automakers.cz\/index.php?rest_route=%2Fwp%2Fv2%2Fcomments&post=9754"}],"version-history":[{"count":3,"href":"https:\/\/www.automakers.cz\/index.php?rest_route=\/wp\/v2\/posts\/9754\/revisions"}],"predecessor-version":[{"id":9759,"href":"https:\/\/www.automakers.cz\/index.php?rest_route=\/wp\/v2\/posts\/9754\/revisions\/9759"}],"wp:featuredmedia":[{"embeddable":true,"href":"https:\/\/www.automakers.cz\/index.php?rest_route=\/wp\/v2\/media\/9755"}],"wp:attachment":[{"href":"https:\/\/www.automakers.cz\/index.php?rest_route=%2Fwp%2Fv2%2Fmedia&parent=9754"}],"wp:term":[{"taxonomy":"category","embeddable":true,"href":"https:\/\/www.automakers.cz\/index.php?rest_route=%2Fwp%2Fv2%2Fcategories&post=9754"},{"taxonomy":"post_tag","embeddable":true,"href":"https:\/\/www.automakers.cz\/index.php?rest_route=%2Fwp%2Fv2%2Ftags&post=9754"}],"curies":[{"name":"wp","href":"https:\/\/api.w.org\/{rel}","templated":true}]}}